{"id":1039,"date":"2021-06-03T14:43:13","date_gmt":"2021-06-03T14:43:13","guid":{"rendered":"https:\/\/damianruiz.eu\/liza-minnelli-i-els-formatges\/"},"modified":"2021-06-03T14:43:58","modified_gmt":"2021-06-03T14:43:58","slug":"liza-minnelli-i-els-formatges","status":"publish","type":"post","link":"https:\/\/damianruiz.eu\/ca\/liza-minnelli-i-els-formatges\/","title":{"rendered":"LIza Minnelli i els formatges"},"content":{"rendered":"<p><span style=\"font-weight: 400;\">Tal com vaig dir en un dels meus anteriors escrits aqu\u00ed est\u00e0 l&#8217;article sobre l&#8217;estrella i el producte lacti.<\/span><\/p>\n<p><span style=\"font-weight: 400;\">En l&#8217;estiu de 2016, Liza Minnelli, la cantant i actriu estatunidenca, va fer un concert en el Festival de Cap Roig que se celebra anualment a Calella de Palafrugell, un dels pobles m\u00e9s bonics de la Costa Brava.<\/span><\/p>\n<p><span style=\"font-weight: 400;\">Jo que sempre he estat un admirador, i una mica mit\u00f2man, d&#8217;aquestes figures estel\u00b7lars del show business, especialment americ\u00e0, -per\u00f2 no sols-, no vaig dubtar a adquirir les entrades per al concert, i all\u00ed que vam estar la meva esposa i jo, no en les primeres files perqu\u00e8 aquests esdeveniments es fan, fonamentalment, per a la burgesia catalana que \u00e9s qui habita aquests llocs durant la temporada estival, i els preus s\u00f3n bastant prohibitius.<\/span><\/p>\n<p><span style=\"font-weight: 400;\">Burgesia que, com tots sabem, viu en precari per culpa dels subsidiats andalusos i les autopistes sense peatges que tenen els castell\u00e0-manxecs, entre altres greuges.<\/span><\/p>\n<p><span style=\"font-weight: 400;\">El normal en aquesta mena d&#8217;esdeveniments \u00e9s que gaireb\u00e9 tots es coneguin, per\u00f2 sempre hi ha algun outsider, com ho \u00e9rem nosaltres, que pul\u00b7lulen pels jardins en el moment c\u00f2ctel abans que comenci l&#8217;espectacle. &#8211; Els middle-class som bastant identificables, i estic conven\u00e7ut que requerim un rep\u00e0s d&#8217;una fracci\u00f3 de segon perqu\u00e8 se s\u00e0piga que no som un d&#8217;ells-.<\/span><\/p>\n<p><span style=\"font-weight: 400;\">Per\u00f2 aquest dia no est\u00e0vem sols, l\u00f2gicament. Hi havia un personatge amb aspecte contret, barba llarga, ulleres de entom\u00f2leg, pantalons bermudes, botes camperoles i mitjons. Crec que si un dia la Minnelli es troba amb un auditori ple de p\u00fablic aix\u00ed deixa la can\u00e7\u00f3.<\/span><\/p>\n<p><span style=\"font-weight: 400;\">Anava amb una noia, lleugerament atractiva, que li escoltava atentament amb cara de \u201caquest m&#8217;ha pagat l&#8217;entrada, ho suportarem el temps necessari\u201d i, en un moment donat en passar prop de tots dos, vaig sentir que li estava parlant de formatges, exactament de diferents varietats de formatges. Suposo que va considerar que el context i l&#8217;ambient requeria una conversa d&#8217;aquestes caracter\u00edstiques i quin millor acte de seducci\u00f3 que aconseguir que el seu acompanyant acab\u00e9s salivant.<\/span><\/p>\n<p><span style=\"font-weight: 400;\">Per\u00f2 vaig intuir alguna cosa, i li vaig dir a la meva dona, \u201ca aquest el tindrem al costat\u201d.<\/span><\/p>\n<p><span style=\"font-weight: 400;\">Efectivament, quan ens vam disposar a ocupar el nostre seient, vam veure que aquest personatge i la noia s&#8217;acostaven i s&#8217;asseien exactament al costat. Vaig inspirar profundament perqu\u00e8 quan acudeixo a un espectacle d&#8217;aquestes caracter\u00edstiques el visc com si fos la cerim\u00f2nia d\u2019entronitzaci\u00f3 d&#8217;un monarca i jo fos el supervisor, i vaig t\u00e9mer que el personatge no deix\u00e9s d&#8217;incidir en el seu discurs.<\/span><\/p>\n<p><span style=\"font-weight: 400;\">Tal qual, va entrar la Minnelli, que t\u00e9 el mateix sentit del tempo sobre escena que el d&#8217;un venedor de gasoses en un cinema dels anys 50 , dit d&#8217;una altra manera, no sabia si era ella o alg\u00fa de neteja que anava afanyat a recollir alguna cosa.<\/span><\/p>\n<p><i><span style=\"font-weight: 400;\">&#8211; Que important \u00e9s el domini del temps per a un int\u00e8rpret! Hi ha qui que amb els seus silencis aconsegueix que tot el p\u00fablic acabi aplaudint fervorosament. Per a aquells madurets que hagin vist a Raphael en concert sabran que podria cantar af\u00f2nic i, encara aix\u00ed, fer que el p\u00fablic esclat\u00e9s en una esp\u00e8cie de deliri col\u00b7lectiu.<\/span><\/i><\/p>\n<p><span style=\"font-weight: 400;\">El noi seguia amb el tema dels formatges, sense compassi\u00f3 a m\u00e9s\u2026 I va arribar el moment estel\u00b7lar, les primeres notes del \u201cNew York, New York\u201d, aquesta can\u00e7\u00f3 va ser composta per John Kander i Fred Ebb en 1977 per a la pel\u00b7l\u00edcula del mateix t\u00edtol dirigida per Martin Scorsese i interpretat per la mateixa cantant. Aquest tema \u00e9s per als liberals d&#8217;una certa edat equiparable a la Internacional per als comunistes. Els primers cinc segons solen generar una algaravia en la qual per un breu instant ens sentim amos del nostre dest\u00ed i capacitats per a aconseguir els nostres somnis, despr\u00e9s tornem a la realitat, per\u00f2 aix\u00f2 no ens ho lleva ning\u00fa.<\/span><\/p>\n<p><span style=\"font-weight: 400;\">Qu\u00e8 va fer Mr. Fromage? Va al\u00e7ar la veu perqu\u00e8 amb tant d&#8217;aplaudiment la noia es podia perdre amb quins vins marida el cabrales, una cosa fonamental per al seu avenir.<\/span><\/p>\n<p><span style=\"font-weight: 400;\">No vaig poder m\u00e9s i li vaig dir, en catal\u00e0, i amb to ferm: \u201cVols deixar de parlar de formatges si us plau!\u201d. En aquest moment va callar i crec que es va adonar que estava en un concert i que la donzella que li acompanyava estava a punt de tirar-se graderies a baix.<\/span><\/p>\n<p><span style=\"font-weight: 400;\">No \u00e9s tant que em molest\u00e9s, que tamb\u00e9, els mesquins em produeixen urtic\u00e0ria, sin\u00f3 que em va deixar reflexiu. De tant en tant el subjecte em ve a la ment i em sorpr\u00e8n la seva descontextualizaci\u00f3, pagues una entrada, gens barata, portes a una noia que suposadament t&#8217;agrada, est\u00e0s davant un concert d&#8217;un cert nivell i no aturis de parlar? de formatges?<\/span><\/p>\n<p><span style=\"font-weight: 400;\">\u00c9s cert que en aquest m\u00f3n cabem tots, aquest \u00e9s un exemple, per\u00f2 la veritat \u00e9s que en funci\u00f3 del que pensem, del que aspirem, del que ens emociona, inspira, alegra o motiva, estem constatant un nivell evolutiu o un altre.<\/span><\/p>\n<p><span style=\"font-weight: 400;\">Jo insisteixo en la meva teoria, cada vegada m\u00e9s contrastada per l&#8217;experi\u00e8ncia vital, dels diferents nivells d&#8217;\u00e0nima (de consci\u00e8ncia dit de forma m\u00e9s prosaica) que coexisteixen en el planeta, independentment de la condici\u00f3 d&#8217;origen de la persona i de l&#8217;educaci\u00f3 que hagi pogut rebre.<\/span><\/p>\n<p><span style=\"font-weight: 400;\">La mesquinesa \u00e9s el m\u00e9s oposat a la noblesa i mentre alguns furguen en el petit, vivint en circumst\u00e0ncies que permetrien una major amplitud de mires, i fins i tot d&#8217;aix\u00f2 fan un estil de vida, uns altres transcendeixen els l\u00edmits del costumisme per a acostar-se a una exist\u00e8ncia m\u00e9s plena, menys condicionada, m\u00e9s lliure i m\u00e9s aut\u00e8ntica.<\/span><\/p>\n<p><span style=\"font-weight: 400;\">Espero, almenys, que la \u201cBeatrice\u201d* desitjada del nostre expert no fos intolerant a la lactosa.<\/span><\/p>\n<h6><\/h6>\n<h6><i><span style=\"font-weight: 400;\">* Personatge de la Divina Com\u00e8dia de Dante<\/span><\/i><\/h6>\n","protected":false},"excerpt":{"rendered":"<p>Tal com vaig dir en un dels meus anteriors escrits aqu\u00ed est\u00e0 l&#8217;article sobre l&#8217;estrella i el producte lacti. En [&hellip;]<\/p>\n","protected":false},"author":4,"featured_media":1034,"comment_status":"closed","ping_status":"closed","sticky":false,"template":"","format":"standard","meta":{"_uag_custom_page_level_css":"","site-sidebar-layout":"default","site-content-layout":"","ast-site-content-layout":"default","site-content-style":"default","site-sidebar-style":"default","ast-global-header-display":"","ast-banner-title-visibility":"","ast-main-header-display":"","ast-hfb-above-header-display":"","ast-hfb-below-header-display":"","ast-hfb-mobile-header-display":"","site-post-title":"","ast-breadcrumbs-content":"","ast-featured-img":"","footer-sml-layout":"","theme-transparent-header-meta":"","adv-header-id-meta":"","stick-header-meta":"","header-above-stick-meta":"","header-main-stick-meta":"","header-below-stick-meta":"","astra-migrate-meta-layouts":"default","ast-page-background-enabled":"default","ast-page-background-meta":{"desktop":{"background-color":"var(--ast-global-color-4)","background-image":"","background-repeat":"repeat","background-position":"center center","background-size":"auto","background-attachment":"scroll","background-type":"","background-media":"","overlay-type":"","overlay-color":"","overlay-opacity":"","overlay-gradient":""},"tablet":{"background-color":"","background-image":"","background-repeat":"repeat","background-position":"center center","background-size":"auto","background-attachment":"scroll","background-type":"","background-media":"","overlay-type":"","overlay-color":"","overlay-opacity":"","overlay-gradient":""},"mobile":{"background-color":"","background-image":"","background-repeat":"repeat","background-position":"center center","background-size":"auto","background-attachment":"scroll","background-type":"","background-media":"","overlay-type":"","overlay-color":"","overlay-opacity":"","overlay-gradient":""}},"ast-content-background-meta":{"desktop":{"background-color":"var(--ast-global-color-5)","background-image":"","background-repeat":"repeat","background-position":"center center","background-size":"auto","background-attachment":"scroll","background-type":"","background-media":"","overlay-type":"","overlay-color":"","overlay-opacity":"","overlay-gradient":""},"tablet":{"background-color":"var(--ast-global-color-5)","background-image":"","background-repeat":"repeat","background-position":"center center","background-size":"auto","background-attachment":"scroll","background-type":"","background-media":"","overlay-type":"","overlay-color":"","overlay-opacity":"","overlay-gradient":""},"mobile":{"background-color":"var(--ast-global-color-5)","background-image":"","background-repeat":"repeat","background-position":"center center","background-size":"auto","background-attachment":"scroll","background-type":"","background-media":"","overlay-type":"","overlay-color":"","overlay-opacity":"","overlay-gradient":""}},"footnotes":""},"categories":[],"tags":[],"class_list":["post-1039","post","type-post","status-publish","format-standard","has-post-thumbnail","hentry"],"yoast_head":"<!-- This site is optimized with the Yoast SEO plugin v27.5 - https:\/\/yoast.com\/product\/yoast-seo-wordpress\/ -->\n<title>LIza Minnelli i els formatges - Dami\u00e1n Ruiz<\/title>\n<meta name=\"robots\" content=\"index, follow, max-snippet:-1, max-image-preview:large, max-video-preview:-1\" \/>\n<link rel=\"canonical\" href=\"https:\/\/damianruiz.eu\/ca\/liza-minnelli-i-els-formatges\/\" \/>\n<meta property=\"og:locale\" content=\"ca_ES\" \/>\n<meta property=\"og:type\" content=\"article\" \/>\n<meta property=\"og:title\" content=\"LIza Minnelli i els formatges - Dami\u00e1n Ruiz\" \/>\n<meta property=\"og:description\" content=\"Tal com vaig dir en un dels meus anteriors escrits aqu\u00ed est\u00e0 l&#8217;article sobre l&#8217;estrella i el producte lacti. En [&hellip;]\" \/>\n<meta property=\"og:url\" content=\"https:\/\/damianruiz.eu\/ca\/liza-minnelli-i-els-formatges\/\" \/>\n<meta property=\"og:site_name\" content=\"Dami\u00e1n Ruiz\" \/>\n<meta property=\"article:published_time\" content=\"2021-06-03T14:43:13+00:00\" \/>\n<meta property=\"article:modified_time\" content=\"2021-06-03T14:43:58+00:00\" \/>\n<meta property=\"og:image\" content=\"https:\/\/damianruiz.eu\/wp-content\/uploads\/2021\/06\/city-336708_1920.jpg\" \/>\n\t<meta property=\"og:image:width\" content=\"1920\" \/>\n\t<meta property=\"og:image:height\" content=\"1080\" \/>\n\t<meta property=\"og:image:type\" content=\"image\/jpeg\" \/>\n<meta name=\"author\" content=\"Dami\u00e1n Ruiz\" \/>\n<meta name=\"twitter:card\" content=\"summary_large_image\" \/>\n<meta name=\"twitter:label1\" content=\"Escrit per\" \/>\n\t<meta name=\"twitter:data1\" content=\"Dami\u00e1n Ruiz\" \/>\n\t<meta name=\"twitter:label2\" content=\"Temps estimat de lectura\" \/>\n\t<meta name=\"twitter:data2\" content=\"5 minuts\" \/>\n<script type=\"application\/ld+json\" class=\"yoast-schema-graph\">{\"@context\":\"https:\\\/\\\/schema.org\",\"@graph\":[{\"@type\":\"Article\",\"@id\":\"https:\\\/\\\/damianruiz.eu\\\/ca\\\/liza-minnelli-i-els-formatges\\\/#article\",\"isPartOf\":{\"@id\":\"https:\\\/\\\/damianruiz.eu\\\/ca\\\/liza-minnelli-i-els-formatges\\\/\"},\"author\":{\"name\":\"Dami\u00e1n Ruiz\",\"@id\":\"https:\\\/\\\/damianruiz.eu\\\/#\\\/schema\\\/person\\\/e4703116e00a576e1cfcea03de178c07\"},\"headline\":\"LIza Minnelli i els formatges\",\"datePublished\":\"2021-06-03T14:43:13+00:00\",\"dateModified\":\"2021-06-03T14:43:58+00:00\",\"mainEntityOfPage\":{\"@id\":\"https:\\\/\\\/damianruiz.eu\\\/ca\\\/liza-minnelli-i-els-formatges\\\/\"},\"wordCount\":1030,\"publisher\":{\"@id\":\"https:\\\/\\\/damianruiz.eu\\\/#organization\"},\"image\":{\"@id\":\"https:\\\/\\\/damianruiz.eu\\\/ca\\\/liza-minnelli-i-els-formatges\\\/#primaryimage\"},\"thumbnailUrl\":\"https:\\\/\\\/damianruiz.eu\\\/wp-content\\\/uploads\\\/2021\\\/06\\\/city-336708_1920.jpg\",\"inLanguage\":\"ca\"},{\"@type\":\"WebPage\",\"@id\":\"https:\\\/\\\/damianruiz.eu\\\/ca\\\/liza-minnelli-i-els-formatges\\\/\",\"url\":\"https:\\\/\\\/damianruiz.eu\\\/ca\\\/liza-minnelli-i-els-formatges\\\/\",\"name\":\"LIza Minnelli i els formatges - Dami\u00e1n Ruiz\",\"isPartOf\":{\"@id\":\"https:\\\/\\\/damianruiz.eu\\\/#website\"},\"primaryImageOfPage\":{\"@id\":\"https:\\\/\\\/damianruiz.eu\\\/ca\\\/liza-minnelli-i-els-formatges\\\/#primaryimage\"},\"image\":{\"@id\":\"https:\\\/\\\/damianruiz.eu\\\/ca\\\/liza-minnelli-i-els-formatges\\\/#primaryimage\"},\"thumbnailUrl\":\"https:\\\/\\\/damianruiz.eu\\\/wp-content\\\/uploads\\\/2021\\\/06\\\/city-336708_1920.jpg\",\"datePublished\":\"2021-06-03T14:43:13+00:00\",\"dateModified\":\"2021-06-03T14:43:58+00:00\",\"breadcrumb\":{\"@id\":\"https:\\\/\\\/damianruiz.eu\\\/ca\\\/liza-minnelli-i-els-formatges\\\/#breadcrumb\"},\"inLanguage\":\"ca\",\"potentialAction\":[{\"@type\":\"ReadAction\",\"target\":[\"https:\\\/\\\/damianruiz.eu\\\/ca\\\/liza-minnelli-i-els-formatges\\\/\"]}]},{\"@type\":\"ImageObject\",\"inLanguage\":\"ca\",\"@id\":\"https:\\\/\\\/damianruiz.eu\\\/ca\\\/liza-minnelli-i-els-formatges\\\/#primaryimage\",\"url\":\"https:\\\/\\\/damianruiz.eu\\\/wp-content\\\/uploads\\\/2021\\\/06\\\/city-336708_1920.jpg\",\"contentUrl\":\"https:\\\/\\\/damianruiz.eu\\\/wp-content\\\/uploads\\\/2021\\\/06\\\/city-336708_1920.jpg\",\"width\":1920,\"height\":1080},{\"@type\":\"BreadcrumbList\",\"@id\":\"https:\\\/\\\/damianruiz.eu\\\/ca\\\/liza-minnelli-i-els-formatges\\\/#breadcrumb\",\"itemListElement\":[{\"@type\":\"ListItem\",\"position\":1,\"name\":\"Portada\",\"item\":\"https:\\\/\\\/damianruiz.eu\\\/ca\\\/\"},{\"@type\":\"ListItem\",\"position\":2,\"name\":\"LIza Minnelli i els formatges\"}]},{\"@type\":\"WebSite\",\"@id\":\"https:\\\/\\\/damianruiz.eu\\\/#website\",\"url\":\"https:\\\/\\\/damianruiz.eu\\\/\",\"name\":\"Dami\u00e1n Ruiz\",\"description\":\"Licenciado y Postgraduado en Psicolog\u00eda por la Universidad de Barcelona.\",\"publisher\":{\"@id\":\"https:\\\/\\\/damianruiz.eu\\\/#organization\"},\"potentialAction\":[{\"@type\":\"SearchAction\",\"target\":{\"@type\":\"EntryPoint\",\"urlTemplate\":\"https:\\\/\\\/damianruiz.eu\\\/?s={search_term_string}\"},\"query-input\":{\"@type\":\"PropertyValueSpecification\",\"valueRequired\":true,\"valueName\":\"search_term_string\"}}],\"inLanguage\":\"ca\"},{\"@type\":\"Organization\",\"@id\":\"https:\\\/\\\/damianruiz.eu\\\/#organization\",\"name\":\"Dami\u00e1n Ruiz\",\"url\":\"https:\\\/\\\/damianruiz.eu\\\/\",\"logo\":{\"@type\":\"ImageObject\",\"inLanguage\":\"ca\",\"@id\":\"https:\\\/\\\/damianruiz.eu\\\/#\\\/schema\\\/logo\\\/image\\\/\",\"url\":\"https:\\\/\\\/damianruiz.eu\\\/wp-content\\\/uploads\\\/2024\\\/04\\\/cropped-logo-2024-damian-ruiz-233.png\",\"contentUrl\":\"https:\\\/\\\/damianruiz.eu\\\/wp-content\\\/uploads\\\/2024\\\/04\\\/cropped-logo-2024-damian-ruiz-233.png\",\"width\":233,\"height\":60,\"caption\":\"Dami\u00e1n Ruiz\"},\"image\":{\"@id\":\"https:\\\/\\\/damianruiz.eu\\\/#\\\/schema\\\/logo\\\/image\\\/\"}},{\"@type\":\"Person\",\"@id\":\"https:\\\/\\\/damianruiz.eu\\\/#\\\/schema\\\/person\\\/e4703116e00a576e1cfcea03de178c07\",\"name\":\"Dami\u00e1n Ruiz\",\"url\":\"https:\\\/\\\/damianruiz.eu\\\/ca\\\/author\\\/damianruiz\\\/\"}]}<\/script>\n<!-- \/ Yoast SEO plugin. -->","yoast_head_json":{"title":"LIza Minnelli i els formatges - Dami\u00e1n Ruiz","robots":{"index":"index","follow":"follow","max-snippet":"max-snippet:-1","max-image-preview":"max-image-preview:large","max-video-preview":"max-video-preview:-1"},"canonical":"https:\/\/damianruiz.eu\/ca\/liza-minnelli-i-els-formatges\/","og_locale":"ca_ES","og_type":"article","og_title":"LIza Minnelli i els formatges - Dami\u00e1n Ruiz","og_description":"Tal com vaig dir en un dels meus anteriors escrits aqu\u00ed est\u00e0 l&#8217;article sobre l&#8217;estrella i el producte lacti. En [&hellip;]","og_url":"https:\/\/damianruiz.eu\/ca\/liza-minnelli-i-els-formatges\/","og_site_name":"Dami\u00e1n Ruiz","article_published_time":"2021-06-03T14:43:13+00:00","article_modified_time":"2021-06-03T14:43:58+00:00","og_image":[{"width":1920,"height":1080,"url":"https:\/\/damianruiz.eu\/wp-content\/uploads\/2021\/06\/city-336708_1920.jpg","type":"image\/jpeg"}],"author":"Dami\u00e1n Ruiz","twitter_card":"summary_large_image","twitter_misc":{"Escrit per":"Dami\u00e1n Ruiz","Temps estimat de lectura":"5 minuts"},"schema":{"@context":"https:\/\/schema.org","@graph":[{"@type":"Article","@id":"https:\/\/damianruiz.eu\/ca\/liza-minnelli-i-els-formatges\/#article","isPartOf":{"@id":"https:\/\/damianruiz.eu\/ca\/liza-minnelli-i-els-formatges\/"},"author":{"name":"Dami\u00e1n Ruiz","@id":"https:\/\/damianruiz.eu\/#\/schema\/person\/e4703116e00a576e1cfcea03de178c07"},"headline":"LIza Minnelli i els formatges","datePublished":"2021-06-03T14:43:13+00:00","dateModified":"2021-06-03T14:43:58+00:00","mainEntityOfPage":{"@id":"https:\/\/damianruiz.eu\/ca\/liza-minnelli-i-els-formatges\/"},"wordCount":1030,"publisher":{"@id":"https:\/\/damianruiz.eu\/#organization"},"image":{"@id":"https:\/\/damianruiz.eu\/ca\/liza-minnelli-i-els-formatges\/#primaryimage"},"thumbnailUrl":"https:\/\/damianruiz.eu\/wp-content\/uploads\/2021\/06\/city-336708_1920.jpg","inLanguage":"ca"},{"@type":"WebPage","@id":"https:\/\/damianruiz.eu\/ca\/liza-minnelli-i-els-formatges\/","url":"https:\/\/damianruiz.eu\/ca\/liza-minnelli-i-els-formatges\/","name":"LIza Minnelli i els formatges - Dami\u00e1n Ruiz","isPartOf":{"@id":"https:\/\/damianruiz.eu\/#website"},"primaryImageOfPage":{"@id":"https:\/\/damianruiz.eu\/ca\/liza-minnelli-i-els-formatges\/#primaryimage"},"image":{"@id":"https:\/\/damianruiz.eu\/ca\/liza-minnelli-i-els-formatges\/#primaryimage"},"thumbnailUrl":"https:\/\/damianruiz.eu\/wp-content\/uploads\/2021\/06\/city-336708_1920.jpg","datePublished":"2021-06-03T14:43:13+00:00","dateModified":"2021-06-03T14:43:58+00:00","breadcrumb":{"@id":"https:\/\/damianruiz.eu\/ca\/liza-minnelli-i-els-formatges\/#breadcrumb"},"inLanguage":"ca","potentialAction":[{"@type":"ReadAction","target":["https:\/\/damianruiz.eu\/ca\/liza-minnelli-i-els-formatges\/"]}]},{"@type":"ImageObject","inLanguage":"ca","@id":"https:\/\/damianruiz.eu\/ca\/liza-minnelli-i-els-formatges\/#primaryimage","url":"https:\/\/damianruiz.eu\/wp-content\/uploads\/2021\/06\/city-336708_1920.jpg","contentUrl":"https:\/\/damianruiz.eu\/wp-content\/uploads\/2021\/06\/city-336708_1920.jpg","width":1920,"height":1080},{"@type":"BreadcrumbList","@id":"https:\/\/damianruiz.eu\/ca\/liza-minnelli-i-els-formatges\/#breadcrumb","itemListElement":[{"@type":"ListItem","position":1,"name":"Portada","item":"https:\/\/damianruiz.eu\/ca\/"},{"@type":"ListItem","position":2,"name":"LIza Minnelli i els formatges"}]},{"@type":"WebSite","@id":"https:\/\/damianruiz.eu\/#website","url":"https:\/\/damianruiz.eu\/","name":"Dami\u00e1n Ruiz","description":"Licenciado y Postgraduado en Psicolog\u00eda por la Universidad de Barcelona.","publisher":{"@id":"https:\/\/damianruiz.eu\/#organization"},"potentialAction":[{"@type":"SearchAction","target":{"@type":"EntryPoint","urlTemplate":"https:\/\/damianruiz.eu\/?s={search_term_string}"},"query-input":{"@type":"PropertyValueSpecification","valueRequired":true,"valueName":"search_term_string"}}],"inLanguage":"ca"},{"@type":"Organization","@id":"https:\/\/damianruiz.eu\/#organization","name":"Dami\u00e1n Ruiz","url":"https:\/\/damianruiz.eu\/","logo":{"@type":"ImageObject","inLanguage":"ca","@id":"https:\/\/damianruiz.eu\/#\/schema\/logo\/image\/","url":"https:\/\/damianruiz.eu\/wp-content\/uploads\/2024\/04\/cropped-logo-2024-damian-ruiz-233.png","contentUrl":"https:\/\/damianruiz.eu\/wp-content\/uploads\/2024\/04\/cropped-logo-2024-damian-ruiz-233.png","width":233,"height":60,"caption":"Dami\u00e1n Ruiz"},"image":{"@id":"https:\/\/damianruiz.eu\/#\/schema\/logo\/image\/"}},{"@type":"Person","@id":"https:\/\/damianruiz.eu\/#\/schema\/person\/e4703116e00a576e1cfcea03de178c07","name":"Dami\u00e1n Ruiz","url":"https:\/\/damianruiz.eu\/ca\/author\/damianruiz\/"}]}},"uagb_featured_image_src":{"full":["https:\/\/damianruiz.eu\/wp-content\/uploads\/2021\/06\/city-336708_1920.jpg",1920,1080,false],"thumbnail":["https:\/\/damianruiz.eu\/wp-content\/uploads\/2021\/06\/city-336708_1920-150x150.jpg",150,150,true],"medium":["https:\/\/damianruiz.eu\/wp-content\/uploads\/2021\/06\/city-336708_1920-300x169.jpg",300,169,true],"medium_large":["https:\/\/damianruiz.eu\/wp-content\/uploads\/2021\/06\/city-336708_1920-768x432.jpg",768,432,true],"large":["https:\/\/damianruiz.eu\/wp-content\/uploads\/2021\/06\/city-336708_1920-1024x576.jpg",1024,576,true],"1536x1536":["https:\/\/damianruiz.eu\/wp-content\/uploads\/2021\/06\/city-336708_1920-1536x864.jpg",1536,864,true],"2048x2048":["https:\/\/damianruiz.eu\/wp-content\/uploads\/2021\/06\/city-336708_1920.jpg",1920,1080,false]},"uagb_author_info":{"display_name":"Dami\u00e1n Ruiz","author_link":"https:\/\/damianruiz.eu\/ca\/author\/damianruiz\/"},"uagb_comment_info":0,"uagb_excerpt":"Tal com vaig dir en un dels meus anteriors escrits aqu\u00ed est\u00e0 l&#8217;article sobre l&#8217;estrella i el producte lacti. En [&hellip;]","_links":{"self":[{"href":"https:\/\/damianruiz.eu\/ca\/wp-json\/wp\/v2\/posts\/1039","targetHints":{"allow":["GET"]}}],"collection":[{"href":"https:\/\/damianruiz.eu\/ca\/wp-json\/wp\/v2\/posts"}],"about":[{"href":"https:\/\/damianruiz.eu\/ca\/wp-json\/wp\/v2\/types\/post"}],"author":[{"embeddable":true,"href":"https:\/\/damianruiz.eu\/ca\/wp-json\/wp\/v2\/users\/4"}],"replies":[{"embeddable":true,"href":"https:\/\/damianruiz.eu\/ca\/wp-json\/wp\/v2\/comments?post=1039"}],"version-history":[{"count":1,"href":"https:\/\/damianruiz.eu\/ca\/wp-json\/wp\/v2\/posts\/1039\/revisions"}],"predecessor-version":[{"id":1040,"href":"https:\/\/damianruiz.eu\/ca\/wp-json\/wp\/v2\/posts\/1039\/revisions\/1040"}],"wp:featuredmedia":[{"embeddable":true,"href":"https:\/\/damianruiz.eu\/ca\/wp-json\/wp\/v2\/media\/1034"}],"wp:attachment":[{"href":"https:\/\/damianruiz.eu\/ca\/wp-json\/wp\/v2\/media?parent=1039"}],"wp:term":[{"taxonomy":"category","embeddable":true,"href":"https:\/\/damianruiz.eu\/ca\/wp-json\/wp\/v2\/categories?post=1039"},{"taxonomy":"post_tag","embeddable":true,"href":"https:\/\/damianruiz.eu\/ca\/wp-json\/wp\/v2\/tags?post=1039"}],"curies":[{"name":"wp","href":"https:\/\/api.w.org\/{rel}","templated":true}]}}