{"id":1151,"date":"2021-09-29T17:11:19","date_gmt":"2021-09-29T17:11:19","guid":{"rendered":"https:\/\/damianruiz.eu\/?p=1151"},"modified":"2021-09-29T17:11:19","modified_gmt":"2021-09-29T17:11:19","slug":"homosexualitat-i-homofobia","status":"publish","type":"post","link":"https:\/\/damianruiz.eu\/ca\/homosexualitat-i-homofobia\/","title":{"rendered":"Homosexualitat i homof\u00f2bia"},"content":{"rendered":"<p><span style=\"font-weight: 400;\">A partir del recent esc\u00e0ndol eclesi\u00e0stic, vox populi, i que jo, com uns altres, no ho podem percebre m\u00e9s que com una cortina de fum de la qual ni tan sols la primera capa, el suposat motiu, \u00e9s del tot certa, voldria fer una reflexi\u00f3 psicol\u00f2gica respecte a aquesta realitat, m\u00e9s estesa del que sembla, dels homosexuals hom\u00f2fobs.<\/span><\/p>\n<p><span style=\"font-weight: 400;\">Comencem per alguna cosa que crec que \u00e9s evident: no tenim perqu\u00e8 simpatitzar amb tots els col\u00b7lectius, o fins i tot no tenim perqu\u00e8 fer-ho, com \u00e9s el meu cas, pels sectors m\u00e9s histri\u00f2nics i radicals d&#8217;aquests col\u00b7lectius, siguin lgtb, feministes, ecologistes, cristians, progressistes o conservadors. De fet penso que aquests sectors fan un mal servei al col\u00b7lectiu que defensen.<\/span><\/p>\n<p><span style=\"font-weight: 400;\">Per\u00f2 no simpatitzar no significa \u201codiar-los\u201d.<br \/>\n<\/span><span style=\"font-weight: 400;\">Detestar a un sector de la poblaci\u00f3 comen\u00e7a a tenir una cosa m\u00e9s personal, m\u00e9s intraps\u00edquica, que afecta la pr\u00f2pia personalitat. Sobre el tema en q\u00fcesti\u00f3 \u00e9s l\u00edcit que alg\u00fa per edat, per tradici\u00f3 conservadora, per costumisme moral, no vegi be determinades manifestacions p\u00fabliques entre persones del mateix sexe, sempre que les respecti i respecti les lleis que les protegeixen. Fins aqu\u00ed res a dir.<\/span><\/p>\n<p><span style=\"font-weight: 400;\">Fins i tot podem diferenciar diversos tipus de posicions respecte al col\u00b7lectiu lgtb per part de la majorit\u00e0ria poblaci\u00f3 heterosexual:<\/span><\/p>\n<ul>\n<li><span style=\"font-weight: 400;\">Simpatia: En considerar que el respecte a la diversitat i pluralitat sexual genera una societat m\u00e9s oberta i plural.<\/span><\/li>\n<li><span style=\"font-weight: 400;\">Indifer\u00e8ncia: Es respecten els avan\u00e7os i drets del col\u00b7lectiu sense percebre&#8217;l necess\u00e0riament com un avan\u00e7 social.<\/span><\/li>\n<li><span style=\"font-weight: 400;\">Q\u00fcestionament conceptual: Es considera que aquest col\u00b7lectiu est\u00e0 prenent excessiu protagonisme i visibilitat i que minva les estructures tradicionals i conservadores de la societat. Per dir-ho d&#8217;alguna manera, per a ells, haurien d&#8217;acceptar el seu rol social com a \u201cminoria\u201d i conformar-se amb ser respectats i tenir drets civils garantits.<\/span><\/li>\n<li><span style=\"font-weight: 400;\">Rebuig visceral: Es genera una actitud emocional d&#8217;odi, de tal manera que la pres\u00e8ncia d&#8217;un sol individu, d&#8217;una actitud o gest determinat, d&#8217;una escena en una pel\u00b7l\u00edcula, qualsevol element que tingui a veure amb una cosa vinculada amb aquest col\u00b7lectiu desperta una enorme ira i agressivitat, i aix\u00f2 \u00e9s especialment interessant d&#8217;an\u00e0lisi quan qui ho senten s\u00f3n individus adults.<\/span><\/li>\n<\/ul>\n<p><span style=\"font-weight: 400;\">Diguem que les tres primeres posicions podem considerar-les acceptables i es mouen en els dos extrems de les ideologies democr\u00e0tiques, tant a esquerra com a dreta.<\/span><\/p>\n<p><i><span style=\"font-weight: 400;\">La q\u00fcesti\u00f3 \u00e9s qu\u00e8 porta a alg\u00fa a sentir aquest rebuig tan profund pels membres d&#8217;aquest col\u00b7lectiu<\/span><\/i><span style=\"font-weight: 400;\">?<\/span><\/p>\n<p><span style=\"font-weight: 400;\">En determinats pa\u00efsos del m\u00f3n, on la religi\u00f3 incideix de manera profunda sobre les ments dels seus habitants, aquesta orientaci\u00f3 es concep com una desviaci\u00f3 o, en el millor dels casos, com una feblesa. I el que no saben \u00e9s que \u00e9s un constructe psicol\u00f2gic invariable i immodificable i que no ve de l&#8217;equaci\u00f3 simplista de \u201cmare absorbent i sobreprotectora\u201d + \u201cpare absent o autoritari\u201d, aix\u00f2 \u00e9s psicologia barata que s&#8217;utilitza profusament com a explicaci\u00f3 per a justificar el suposat trastorn. Sota aquesta f\u00f3rmula la meitat de la poblaci\u00f3 mundial seria homosexual, i crec que est\u00e0 entre el 5 i el 10% solament (i a m\u00e9s no es \u201ccontagia\u201d).<br \/>\n<\/span><span style=\"font-weight: 400;\">Per\u00f2 no, no va per aqu\u00ed.<\/span><\/p>\n<p><span style=\"font-weight: 400;\">Despr\u00e9s estan els que parlen que \u00e9s un acte contra natura, alguna cosa que no \u00e9s pr\u00f2pia del m\u00f3n animal en llibertat.<br \/>\n<\/span><span style=\"font-weight: 400;\">Podem pensar quantes pr\u00e0ctiques realitzem els humans que no s\u00f3n pr\u00f2piament \u201cnaturals\u201d?<br \/>\n<\/span><span style=\"font-weight: 400;\">Hi ha moltes m\u00e9s esp\u00e8cies que, en estat salvatge, tenen relacions homosexuals entre els seus membres: bonobos, llops, fins i tot en semillibertat com les ovelles, etc. que esp\u00e8cies que tinguin sexe oral que, segons est\u00e0 documentat, solament ho fem els humans i les ratapinyades de la fruita.<br \/>\n<\/span><span style=\"font-weight: 400;\">Sota aquesta premissa tamb\u00e9 hauria de rebutjar-se per part dels sectors m\u00e9s reaccionaris el sexe oral (o potser millor no?).<\/span><\/p>\n<p><span style=\"font-weight: 400;\">Un altre inc\u00eds, fins a un cert punt puc comprendre als molt joves que els genera ansietat personal veure manifestacions amoroses que no els s\u00f3n pr\u00f2pies. D&#8217;acord, tots necessitem referents i volem que siguin clars i definits, i es necessita encara temps per a poder acceptar la difer\u00e8ncia-.<\/span><\/p>\n<p><span style=\"font-weight: 400;\">Per\u00f2 entre els hom\u00f2fobs tamb\u00e9 podr\u00edem parlar de dos sectors diferenciats:<br \/>\n<\/span><span style=\"font-weight: 400;\">El moral-religi\u00f3s que considera l&#8217;homosexualitat un problema de desenvolupament psico-sexual (l&#8217;equaci\u00f3 que esmentava abans) per\u00f2 que poden sentir una certa \u201ccompassi\u00f3\u201d per l&#8217;individu \u201cafectat\u201d.<br \/>\n<\/span><span style=\"font-weight: 400;\">El \u201cmascle sense fissures\u201d al qual qualsevol membre del col\u00b7lectiu lgtb li sembla un vici\u00f3s desviat i al qual no caldria \u201ccurar\u201d sin\u00f3 castigar de la forma m\u00e9s virulenta i exemplar possible.<\/span><\/p>\n<p><span style=\"font-weight: 400;\">El primer d&#8217;aquests sectors advoca per les ter\u00e0pies de conversi\u00f3 que en si s\u00f3n una aberraci\u00f3 i haurien d&#8217;estar radicalment prohibides arreu com ocorre a Espanya i en altres pa\u00efsos avan\u00e7ats.<br \/>\n<\/span><span style=\"font-weight: 400;\">Aquestes ter\u00e0pies que, en realitat no canvien res, sin\u00f3 que, en el millor dels casos els \u201cretornen al closet, a l&#8217;armari\u201d, -per a alegria de l&#8217;entorn conservador-, i en el pitjor poden generar greus trastorns, fins i tot su\u00efcidi, estan molt esteses en segons que zones del planeta.\u00a0<\/span><\/p>\n<ul>\n<li><span style=\"font-weight: 400;\">Per cert sempre m&#8217;ha sorpr\u00e8s aquesta obsessi\u00f3 dels predicadors per la lux\u00faria, \u00e9s l&#8217;\u00fanic dels set pecats capitals que els molesta, no importa que l&#8217;audi\u00e8ncia a la qual es dirigeixen sigui de grossos de m\u00e9s de 140 kg, perqu\u00e8 la gola, per exemple, ni la perceben ni l\u2019adverteixen-.<\/span><\/li>\n<\/ul>\n<p><span style=\"font-weight: 400;\">I \u00e9s que l&#8217;homosexual \u201clatent\u201d impostat en \u201cmasclet\u201d que usa a les dones sexualment com a exclusiva manifestaci\u00f3 de la seva masculinitat, \u00e9s a dir les freq\u00fcenta per a no posar-se en dubte, o el que assumeix el rol beat\u00edfic del tradicionalment correcte, o el que es fa sacerdot no portat per la fe, per la compassi\u00f3 o per la transcend\u00e8ncia espiritual sin\u00f3 per a a\u00efllar-se del m\u00f3n, no pot veure res que entre lluqui la m\u00ednima condici\u00f3 homosexual. Per qu\u00e8? Perqu\u00e8 ho est\u00e0 reprimint, perqu\u00e8 el desig sexual o rom\u00e0ntic se li dispara i l&#8217;ha de contenir com sigui, i com ho fa? Atacant d&#8217;una manera o un altre als que el viuen amb naturalitat i tranquil\u00b7litat.<\/span><\/p>\n<p><span style=\"font-weight: 400;\">Un altre aspecte a tenir en compte, una persona pot ser homosexual, bisexual, heteroflexible o el que sigui, i t\u00e9 el dret a gestionar la seva vida com vulgui. Fins i tot t\u00e9 dret per creences morals determinades a no fer segons quines pr\u00e0ctiques. El que \u00e9s absurd i neur\u00f2tic \u00e9s no recon\u00e8ixer-se en el que un \u00e9s. Perqu\u00e8 per a b\u00e9 o per a malament som el que som sexualment i \u00e9s im-mo-di-fi-ca-ble, encara que com deia aquell humorista andal\u00fas <\/span><i><span style=\"font-weight: 400;\">\u201cuna mala tarda la t\u00e9 qualsevol\u201d<\/span><\/i><span style=\"font-weight: 400;\"> i podem ser susceptibles d&#8217;experimentar puntualment alguna cosa que no estigui dins del nostre registre sexual.-\u00a0<\/span><\/p>\n<p><span style=\"font-weight: 400;\">Per aix\u00f2 podr\u00edem dir que l&#8217;homof\u00f2bia visceral sempre, i no s\u00f3c jo nom\u00e9s qui ho pensa, amaga cert nivell d&#8217;homosexualitat. \u00c9s a dir hi ha molta homosexualitat oculta en aquells que odien al col\u00b7lectiu lgtb i ja no diguem entre els sectors que volen \u201creconvertir-los\u201d.<br \/>\n<\/span><span style=\"font-weight: 400;\">Tradu\u00eft a una simple frase <\/span><i><span style=\"font-weight: 400;\">\u201cOdio tant el que hi ha en mi que no puc veure-ho manifestat en una altra persona, i menys de manera tranquil\u00b7la i natural\u201d.<br \/>\n<\/span><\/i><span style=\"font-weight: 400;\">American Beauty (Sam Mendes, 1999), pel\u00b7l\u00edcula guanyadora de l&#8217;Oscar, \u00e9s un clar exemple del que estic explicant.<\/span><\/p>\n<p><span style=\"font-weight: 400;\">Com he escrit anteriorment una persona pot tenir una visi\u00f3 conservadora de l&#8217;ordre social i \u00e9s absolutament respectable. La q\u00fcesti\u00f3 no \u00e9s aquesta, sin\u00f3 el perqu\u00e8 algunes persones odien i menyspreen als individus d&#8217;un determinat col\u00b7lectiu de forma tan personal.<br \/>\n<\/span><i><span style=\"font-weight: 400;\">Qu\u00e8 han de reprimir?<\/span><\/i><\/p>\n<p style=\"text-align: right;\"><span style=\"font-weight: 400;\">Dami\u00e1n Ruiz<br \/>\n<\/span><span style=\"font-weight: 400;\">Barcelona, 26 de Setembre, 2021<br \/>\n<\/span><a href=\"https:\/\/damianruiz.eu\"><span style=\"font-weight: 400;\">www.damianruiz.eu<\/span><\/a><\/p>\n","protected":false},"excerpt":{"rendered":"<p>A partir del recent esc\u00e0ndol eclesi\u00e0stic, vox populi, i que jo, com uns altres, no ho podem percebre m\u00e9s que [&hellip;]<\/p>\n","protected":false},"author":4,"featured_media":1147,"comment_status":"closed","ping_status":"closed","sticky":false,"template":"","format":"standard","meta":{"_uag_custom_page_level_css":"","site-sidebar-layout":"default","site-content-layout":"","ast-site-content-layout":"default","site-content-style":"default","site-sidebar-style":"default","ast-global-header-display":"","ast-banner-title-visibility":"","ast-main-header-display":"","ast-hfb-above-header-display":"","ast-hfb-below-header-display":"","ast-hfb-mobile-header-display":"","site-post-title":"","ast-breadcrumbs-content":"","ast-featured-img":"","footer-sml-layout":"","theme-transparent-header-meta":"","adv-header-id-meta":"","stick-header-meta":"","header-above-stick-meta":"","header-main-stick-meta":"","header-below-stick-meta":"","astra-migrate-meta-layouts":"default","ast-page-background-enabled":"default","ast-page-background-meta":{"desktop":{"background-color":"var(--ast-global-color-4)","background-image":"","background-repeat":"repeat","background-position":"center center","background-size":"auto","background-attachment":"scroll","background-type":"","background-media":"","overlay-type":"","overlay-color":"","overlay-opacity":"","overlay-gradient":""},"tablet":{"background-color":"","background-image":"","background-repeat":"repeat","background-position":"center center","background-size":"auto","background-attachment":"scroll","background-type":"","background-media":"","overlay-type":"","overlay-color":"","overlay-opacity":"","overlay-gradient":""},"mobile":{"background-color":"","background-image":"","background-repeat":"repeat","background-position":"center center","background-size":"auto","background-attachment":"scroll","background-type":"","background-media":"","overlay-type":"","overlay-color":"","overlay-opacity":"","overlay-gradient":""}},"ast-content-background-meta":{"desktop":{"background-color":"var(--ast-global-color-5)","background-image":"","background-repeat":"repeat","background-position":"center center","background-size":"auto","background-attachment":"scroll","background-type":"","background-media":"","overlay-type":"","overlay-color":"","overlay-opacity":"","overlay-gradient":""},"tablet":{"background-color":"var(--ast-global-color-5)","background-image":"","background-repeat":"repeat","background-position":"center center","background-size":"auto","background-attachment":"scroll","background-type":"","background-media":"","overlay-type":"","overlay-color":"","overlay-opacity":"","overlay-gradient":""},"mobile":{"background-color":"var(--ast-global-color-5)","background-image":"","background-repeat":"repeat","background-position":"center center","background-size":"auto","background-attachment":"scroll","background-type":"","background-media":"","overlay-type":"","overlay-color":"","overlay-opacity":"","overlay-gradient":""}},"footnotes":""},"categories":[],"tags":[],"class_list":["post-1151","post","type-post","status-publish","format-standard","has-post-thumbnail","hentry"],"yoast_head":"<!-- This site is optimized with the Yoast SEO plugin v27.4 - https:\/\/yoast.com\/product\/yoast-seo-wordpress\/ -->\n<title>Homosexualitat i homof\u00f2bia - Dami\u00e1n Ruiz<\/title>\n<meta name=\"robots\" content=\"index, follow, max-snippet:-1, max-image-preview:large, max-video-preview:-1\" \/>\n<link rel=\"canonical\" href=\"https:\/\/damianruiz.eu\/homosexualidad-y-homofobia\/\" \/>\n<meta property=\"og:locale\" content=\"ca_ES\" \/>\n<meta property=\"og:type\" content=\"article\" \/>\n<meta property=\"og:title\" content=\"Homosexualitat i homof\u00f2bia - Dami\u00e1n Ruiz\" \/>\n<meta property=\"og:description\" content=\"A partir del recent esc\u00e0ndol eclesi\u00e0stic, vox populi, i que jo, com uns altres, no ho podem percebre m\u00e9s que [&hellip;]\" \/>\n<meta property=\"og:url\" content=\"https:\/\/damianruiz.eu\/homosexualidad-y-homofobia\/\" \/>\n<meta property=\"og:site_name\" content=\"Dami\u00e1n Ruiz\" \/>\n<meta property=\"article:published_time\" content=\"2021-09-29T17:11:19+00:00\" \/>\n<meta property=\"og:image\" content=\"https:\/\/damianruiz.eu\/wp-content\/uploads\/2021\/09\/birds-g978db4d65_1920.jpeg\" \/>\n\t<meta property=\"og:image:width\" content=\"1920\" \/>\n\t<meta property=\"og:image:height\" content=\"1281\" \/>\n\t<meta property=\"og:image:type\" content=\"image\/jpeg\" \/>\n<meta name=\"author\" content=\"Dami\u00e1n Ruiz\" \/>\n<meta name=\"twitter:card\" content=\"summary_large_image\" \/>\n<meta name=\"twitter:label1\" content=\"Escrit per\" \/>\n\t<meta name=\"twitter:data1\" content=\"Dami\u00e1n Ruiz\" \/>\n\t<meta name=\"twitter:label2\" content=\"Temps estimat de lectura\" \/>\n\t<meta name=\"twitter:data2\" content=\"6 minuts\" \/>\n<script type=\"application\/ld+json\" class=\"yoast-schema-graph\">{\"@context\":\"https:\\\/\\\/schema.org\",\"@graph\":[{\"@type\":\"Article\",\"@id\":\"https:\\\/\\\/damianruiz.eu\\\/homosexualidad-y-homofobia\\\/#article\",\"isPartOf\":{\"@id\":\"https:\\\/\\\/damianruiz.eu\\\/homosexualidad-y-homofobia\\\/\"},\"author\":{\"name\":\"Dami\u00e1n Ruiz\",\"@id\":\"https:\\\/\\\/damianruiz.eu\\\/#\\\/schema\\\/person\\\/e4703116e00a576e1cfcea03de178c07\"},\"headline\":\"Homosexualitat i homof\u00f2bia\",\"datePublished\":\"2021-09-29T17:11:19+00:00\",\"mainEntityOfPage\":{\"@id\":\"https:\\\/\\\/damianruiz.eu\\\/homosexualidad-y-homofobia\\\/\"},\"wordCount\":1348,\"publisher\":{\"@id\":\"https:\\\/\\\/damianruiz.eu\\\/#organization\"},\"image\":{\"@id\":\"https:\\\/\\\/damianruiz.eu\\\/homosexualidad-y-homofobia\\\/#primaryimage\"},\"thumbnailUrl\":\"https:\\\/\\\/damianruiz.eu\\\/wp-content\\\/uploads\\\/2021\\\/09\\\/birds-g978db4d65_1920.jpeg\",\"inLanguage\":\"ca\"},{\"@type\":\"WebPage\",\"@id\":\"https:\\\/\\\/damianruiz.eu\\\/homosexualidad-y-homofobia\\\/\",\"url\":\"https:\\\/\\\/damianruiz.eu\\\/homosexualidad-y-homofobia\\\/\",\"name\":\"Homosexualitat i homof\u00f2bia - Dami\u00e1n Ruiz\",\"isPartOf\":{\"@id\":\"https:\\\/\\\/damianruiz.eu\\\/#website\"},\"primaryImageOfPage\":{\"@id\":\"https:\\\/\\\/damianruiz.eu\\\/homosexualidad-y-homofobia\\\/#primaryimage\"},\"image\":{\"@id\":\"https:\\\/\\\/damianruiz.eu\\\/homosexualidad-y-homofobia\\\/#primaryimage\"},\"thumbnailUrl\":\"https:\\\/\\\/damianruiz.eu\\\/wp-content\\\/uploads\\\/2021\\\/09\\\/birds-g978db4d65_1920.jpeg\",\"datePublished\":\"2021-09-29T17:11:19+00:00\",\"breadcrumb\":{\"@id\":\"https:\\\/\\\/damianruiz.eu\\\/homosexualidad-y-homofobia\\\/#breadcrumb\"},\"inLanguage\":\"ca\",\"potentialAction\":[{\"@type\":\"ReadAction\",\"target\":[\"https:\\\/\\\/damianruiz.eu\\\/homosexualidad-y-homofobia\\\/\"]}]},{\"@type\":\"ImageObject\",\"inLanguage\":\"ca\",\"@id\":\"https:\\\/\\\/damianruiz.eu\\\/homosexualidad-y-homofobia\\\/#primaryimage\",\"url\":\"https:\\\/\\\/damianruiz.eu\\\/wp-content\\\/uploads\\\/2021\\\/09\\\/birds-g978db4d65_1920.jpeg\",\"contentUrl\":\"https:\\\/\\\/damianruiz.eu\\\/wp-content\\\/uploads\\\/2021\\\/09\\\/birds-g978db4d65_1920.jpeg\",\"width\":1920,\"height\":1281},{\"@type\":\"BreadcrumbList\",\"@id\":\"https:\\\/\\\/damianruiz.eu\\\/homosexualidad-y-homofobia\\\/#breadcrumb\",\"itemListElement\":[{\"@type\":\"ListItem\",\"position\":1,\"name\":\"Portada\",\"item\":\"https:\\\/\\\/damianruiz.eu\\\/ca\\\/\"},{\"@type\":\"ListItem\",\"position\":2,\"name\":\"Homosexualitat i homof\u00f2bia\"}]},{\"@type\":\"WebSite\",\"@id\":\"https:\\\/\\\/damianruiz.eu\\\/#website\",\"url\":\"https:\\\/\\\/damianruiz.eu\\\/\",\"name\":\"Dami\u00e1n Ruiz\",\"description\":\"Licenciado y Postgraduado en Psicolog\u00eda por la Universidad de Barcelona.\",\"publisher\":{\"@id\":\"https:\\\/\\\/damianruiz.eu\\\/#organization\"},\"potentialAction\":[{\"@type\":\"SearchAction\",\"target\":{\"@type\":\"EntryPoint\",\"urlTemplate\":\"https:\\\/\\\/damianruiz.eu\\\/?s={search_term_string}\"},\"query-input\":{\"@type\":\"PropertyValueSpecification\",\"valueRequired\":true,\"valueName\":\"search_term_string\"}}],\"inLanguage\":\"ca\"},{\"@type\":\"Organization\",\"@id\":\"https:\\\/\\\/damianruiz.eu\\\/#organization\",\"name\":\"Dami\u00e1n Ruiz\",\"url\":\"https:\\\/\\\/damianruiz.eu\\\/\",\"logo\":{\"@type\":\"ImageObject\",\"inLanguage\":\"ca\",\"@id\":\"https:\\\/\\\/damianruiz.eu\\\/#\\\/schema\\\/logo\\\/image\\\/\",\"url\":\"https:\\\/\\\/damianruiz.eu\\\/wp-content\\\/uploads\\\/2024\\\/04\\\/cropped-logo-2024-damian-ruiz-233.png\",\"contentUrl\":\"https:\\\/\\\/damianruiz.eu\\\/wp-content\\\/uploads\\\/2024\\\/04\\\/cropped-logo-2024-damian-ruiz-233.png\",\"width\":233,\"height\":60,\"caption\":\"Dami\u00e1n Ruiz\"},\"image\":{\"@id\":\"https:\\\/\\\/damianruiz.eu\\\/#\\\/schema\\\/logo\\\/image\\\/\"}},{\"@type\":\"Person\",\"@id\":\"https:\\\/\\\/damianruiz.eu\\\/#\\\/schema\\\/person\\\/e4703116e00a576e1cfcea03de178c07\",\"name\":\"Dami\u00e1n Ruiz\",\"url\":\"https:\\\/\\\/damianruiz.eu\\\/ca\\\/author\\\/damianruiz\\\/\"}]}<\/script>\n<!-- \/ Yoast SEO plugin. -->","yoast_head_json":{"title":"Homosexualitat i homof\u00f2bia - Dami\u00e1n Ruiz","robots":{"index":"index","follow":"follow","max-snippet":"max-snippet:-1","max-image-preview":"max-image-preview:large","max-video-preview":"max-video-preview:-1"},"canonical":"https:\/\/damianruiz.eu\/homosexualidad-y-homofobia\/","og_locale":"ca_ES","og_type":"article","og_title":"Homosexualitat i homof\u00f2bia - Dami\u00e1n Ruiz","og_description":"A partir del recent esc\u00e0ndol eclesi\u00e0stic, vox populi, i que jo, com uns altres, no ho podem percebre m\u00e9s que [&hellip;]","og_url":"https:\/\/damianruiz.eu\/homosexualidad-y-homofobia\/","og_site_name":"Dami\u00e1n Ruiz","article_published_time":"2021-09-29T17:11:19+00:00","og_image":[{"width":1920,"height":1281,"url":"https:\/\/damianruiz.eu\/wp-content\/uploads\/2021\/09\/birds-g978db4d65_1920.jpeg","type":"image\/jpeg"}],"author":"Dami\u00e1n Ruiz","twitter_card":"summary_large_image","twitter_misc":{"Escrit per":"Dami\u00e1n Ruiz","Temps estimat de lectura":"6 minuts"},"schema":{"@context":"https:\/\/schema.org","@graph":[{"@type":"Article","@id":"https:\/\/damianruiz.eu\/homosexualidad-y-homofobia\/#article","isPartOf":{"@id":"https:\/\/damianruiz.eu\/homosexualidad-y-homofobia\/"},"author":{"name":"Dami\u00e1n Ruiz","@id":"https:\/\/damianruiz.eu\/#\/schema\/person\/e4703116e00a576e1cfcea03de178c07"},"headline":"Homosexualitat i homof\u00f2bia","datePublished":"2021-09-29T17:11:19+00:00","mainEntityOfPage":{"@id":"https:\/\/damianruiz.eu\/homosexualidad-y-homofobia\/"},"wordCount":1348,"publisher":{"@id":"https:\/\/damianruiz.eu\/#organization"},"image":{"@id":"https:\/\/damianruiz.eu\/homosexualidad-y-homofobia\/#primaryimage"},"thumbnailUrl":"https:\/\/damianruiz.eu\/wp-content\/uploads\/2021\/09\/birds-g978db4d65_1920.jpeg","inLanguage":"ca"},{"@type":"WebPage","@id":"https:\/\/damianruiz.eu\/homosexualidad-y-homofobia\/","url":"https:\/\/damianruiz.eu\/homosexualidad-y-homofobia\/","name":"Homosexualitat i homof\u00f2bia - Dami\u00e1n Ruiz","isPartOf":{"@id":"https:\/\/damianruiz.eu\/#website"},"primaryImageOfPage":{"@id":"https:\/\/damianruiz.eu\/homosexualidad-y-homofobia\/#primaryimage"},"image":{"@id":"https:\/\/damianruiz.eu\/homosexualidad-y-homofobia\/#primaryimage"},"thumbnailUrl":"https:\/\/damianruiz.eu\/wp-content\/uploads\/2021\/09\/birds-g978db4d65_1920.jpeg","datePublished":"2021-09-29T17:11:19+00:00","breadcrumb":{"@id":"https:\/\/damianruiz.eu\/homosexualidad-y-homofobia\/#breadcrumb"},"inLanguage":"ca","potentialAction":[{"@type":"ReadAction","target":["https:\/\/damianruiz.eu\/homosexualidad-y-homofobia\/"]}]},{"@type":"ImageObject","inLanguage":"ca","@id":"https:\/\/damianruiz.eu\/homosexualidad-y-homofobia\/#primaryimage","url":"https:\/\/damianruiz.eu\/wp-content\/uploads\/2021\/09\/birds-g978db4d65_1920.jpeg","contentUrl":"https:\/\/damianruiz.eu\/wp-content\/uploads\/2021\/09\/birds-g978db4d65_1920.jpeg","width":1920,"height":1281},{"@type":"BreadcrumbList","@id":"https:\/\/damianruiz.eu\/homosexualidad-y-homofobia\/#breadcrumb","itemListElement":[{"@type":"ListItem","position":1,"name":"Portada","item":"https:\/\/damianruiz.eu\/ca\/"},{"@type":"ListItem","position":2,"name":"Homosexualitat i homof\u00f2bia"}]},{"@type":"WebSite","@id":"https:\/\/damianruiz.eu\/#website","url":"https:\/\/damianruiz.eu\/","name":"Dami\u00e1n Ruiz","description":"Licenciado y Postgraduado en Psicolog\u00eda por la Universidad de Barcelona.","publisher":{"@id":"https:\/\/damianruiz.eu\/#organization"},"potentialAction":[{"@type":"SearchAction","target":{"@type":"EntryPoint","urlTemplate":"https:\/\/damianruiz.eu\/?s={search_term_string}"},"query-input":{"@type":"PropertyValueSpecification","valueRequired":true,"valueName":"search_term_string"}}],"inLanguage":"ca"},{"@type":"Organization","@id":"https:\/\/damianruiz.eu\/#organization","name":"Dami\u00e1n Ruiz","url":"https:\/\/damianruiz.eu\/","logo":{"@type":"ImageObject","inLanguage":"ca","@id":"https:\/\/damianruiz.eu\/#\/schema\/logo\/image\/","url":"https:\/\/damianruiz.eu\/wp-content\/uploads\/2024\/04\/cropped-logo-2024-damian-ruiz-233.png","contentUrl":"https:\/\/damianruiz.eu\/wp-content\/uploads\/2024\/04\/cropped-logo-2024-damian-ruiz-233.png","width":233,"height":60,"caption":"Dami\u00e1n Ruiz"},"image":{"@id":"https:\/\/damianruiz.eu\/#\/schema\/logo\/image\/"}},{"@type":"Person","@id":"https:\/\/damianruiz.eu\/#\/schema\/person\/e4703116e00a576e1cfcea03de178c07","name":"Dami\u00e1n Ruiz","url":"https:\/\/damianruiz.eu\/ca\/author\/damianruiz\/"}]}},"uagb_featured_image_src":{"full":["https:\/\/damianruiz.eu\/wp-content\/uploads\/2021\/09\/birds-g978db4d65_1920.jpeg",1920,1281,false],"thumbnail":["https:\/\/damianruiz.eu\/wp-content\/uploads\/2021\/09\/birds-g978db4d65_1920-150x150.jpeg",150,150,true],"medium":["https:\/\/damianruiz.eu\/wp-content\/uploads\/2021\/09\/birds-g978db4d65_1920-300x200.jpeg",300,200,true],"medium_large":["https:\/\/damianruiz.eu\/wp-content\/uploads\/2021\/09\/birds-g978db4d65_1920-768x512.jpeg",768,512,true],"large":["https:\/\/damianruiz.eu\/wp-content\/uploads\/2021\/09\/birds-g978db4d65_1920-1024x683.jpeg",1024,683,true],"1536x1536":["https:\/\/damianruiz.eu\/wp-content\/uploads\/2021\/09\/birds-g978db4d65_1920-1536x1025.jpeg",1536,1025,true],"2048x2048":["https:\/\/damianruiz.eu\/wp-content\/uploads\/2021\/09\/birds-g978db4d65_1920.jpeg",1920,1281,false]},"uagb_author_info":{"display_name":"Dami\u00e1n Ruiz","author_link":"https:\/\/damianruiz.eu\/ca\/author\/damianruiz\/"},"uagb_comment_info":0,"uagb_excerpt":"A partir del recent esc\u00e0ndol eclesi\u00e0stic, vox populi, i que jo, com uns altres, no ho podem percebre m\u00e9s que [&hellip;]","_links":{"self":[{"href":"https:\/\/damianruiz.eu\/ca\/wp-json\/wp\/v2\/posts\/1151","targetHints":{"allow":["GET"]}}],"collection":[{"href":"https:\/\/damianruiz.eu\/ca\/wp-json\/wp\/v2\/posts"}],"about":[{"href":"https:\/\/damianruiz.eu\/ca\/wp-json\/wp\/v2\/types\/post"}],"author":[{"embeddable":true,"href":"https:\/\/damianruiz.eu\/ca\/wp-json\/wp\/v2\/users\/4"}],"replies":[{"embeddable":true,"href":"https:\/\/damianruiz.eu\/ca\/wp-json\/wp\/v2\/comments?post=1151"}],"version-history":[{"count":2,"href":"https:\/\/damianruiz.eu\/ca\/wp-json\/wp\/v2\/posts\/1151\/revisions"}],"predecessor-version":[{"id":1158,"href":"https:\/\/damianruiz.eu\/ca\/wp-json\/wp\/v2\/posts\/1151\/revisions\/1158"}],"wp:featuredmedia":[{"embeddable":true,"href":"https:\/\/damianruiz.eu\/ca\/wp-json\/wp\/v2\/media\/1147"}],"wp:attachment":[{"href":"https:\/\/damianruiz.eu\/ca\/wp-json\/wp\/v2\/media?parent=1151"}],"wp:term":[{"taxonomy":"category","embeddable":true,"href":"https:\/\/damianruiz.eu\/ca\/wp-json\/wp\/v2\/categories?post=1151"},{"taxonomy":"post_tag","embeddable":true,"href":"https:\/\/damianruiz.eu\/ca\/wp-json\/wp\/v2\/tags?post=1151"}],"curies":[{"name":"wp","href":"https:\/\/api.w.org\/{rel}","templated":true}]}}