{"id":1219,"date":"2021-11-16T18:00:42","date_gmt":"2021-11-16T18:00:42","guid":{"rendered":"https:\/\/damianruiz.eu\/?p=1219"},"modified":"2021-11-16T18:00:42","modified_gmt":"2021-11-16T18:00:42","slug":"identitats-de-genere-simbols-arquetips-i-inconscient-col%c2%b7lectiu","status":"publish","type":"post","link":"https:\/\/damianruiz.eu\/ca\/identitats-de-genere-simbols-arquetips-i-inconscient-col%c2%b7lectiu\/","title":{"rendered":"Identitats de g\u00e8nere, s\u00edmbols, arquetips i inconscient col\u00b7lectiu"},"content":{"rendered":"<p><strong>Dami\u00e1n Ruiz<\/strong><\/p>\n<p><i><span style=\"font-weight: 400;\">&#8220;Que f\u00e0cil seria tot si g\u00e8nere i sexe biol\u00f2gic es poguessin identificar directament, i una vegada fet aix\u00f2 pogu\u00e9ssim definir-ho tot sota el par\u00e0metre de l&#8217;orientaci\u00f3 heterosexual\u201d<\/span><\/i><\/p>\n<p><i><span style=\"font-weight: 400;\">T\u00e9 penis i testicles: \u00e9s home i li agraden les dones.<br \/>\n<\/span><\/i><i><span style=\"font-weight: 400;\">T\u00e9 vagina i pits: \u00e9s dona i li agraden els homes.<\/span><\/i><\/p>\n<hr style=\"max-width: 220px; margin: auto; margin-bottom: 1.5rem; border-color: black;\" \/>\n<p><span style=\"font-weight: 400;\">Pr\u00e8viament al fet que les religions monoteistes (cristianisme, judaisme, islam) unifiquessin en determinats s\u00edmbols els conceptes sagrats -i la humanitat es gui\u00e9s per uns definits principis col\u00b7lectius, entre ells la dualitat home-dona, vinculant g\u00e8nere i sexe biol\u00f2gic, i d&#8217;exclusiva orientaci\u00f3 heterosexual com moralment v\u00e0lida-, va existir una tradici\u00f3 pagana i politeista, grega i romana, on els mites, homes, d\u00e9us i semideus, representaven una multiciplitat d&#8217;arquetips psicol\u00f2gics.<br \/>\n<\/span><span style=\"font-weight: 400;\">Aquests arquetips constitu\u00efen diverses formes d&#8217;expressi\u00f3 de l&#8217;hum\u00e0 i, en principi, la condici\u00f3 del &#8220;ser&#8221; no era susceptible de c\u00e0stig, s\u00ed en canvi els actes que podien generar les ires dels d\u00e9us, especialment de Zeus o J\u00fapiter, d\u00e9u suprem de l&#8217;Olimp.<\/span><\/p>\n<p><span style=\"font-weight: 400;\">L&#8217;inconscient col\u00b7lectiu d&#8217;una gran part del m\u00f3n va ser conquistat per les religions monoteistes, i el paganisme va quedar en un lloc subjacent, probablement latent, en la psique de diferents cultures, especialment la cristiana que va ser la que va venir a substituir, en un mateix territori original, a la pl\u00e8iade de d\u00e9us per un \u00fanic D\u00e9u.<\/span><\/p>\n<p><span style=\"font-weight: 400;\">Entorn d&#8217;aquest \u00fanic D\u00e9u, jueus i cristians, Antic Testament per als primers, Antic i Nou per als segons, aix\u00ed com l&#8217;Alcor\u00e0 per als musulmans, es van reduir els arquetips v\u00e0lids i per tant no sols en la psique col\u00b7lectiva, sin\u00f3 tamb\u00e9 en la individual, tota forma, tot sentir, aliens als principis sagrats d&#8217;aquestes religions.<br \/>\n<\/span><span style=\"font-weight: 400;\">La naturalesa humana va passar de la multiplicitat visible a la unicitat, i nom\u00e9s podien existir, excepte en l&#8217;ombra col\u00b7lectiva i individual (alliberada jocosament en festes com el Carnestoltes) dues naturaleses: home i dona, tots dos amb els atributs propis del seu sexe i orientats en el desig, exclusivament, cap al sexe contrari.<br \/>\n<\/span><span style=\"font-weight: 400;\">Es va considerar la procreaci\u00f3 el factor fonamental de la uni\u00f3 de tots dos i es va castigar severament qualsevol desviaci\u00f3 o allunyament, en conducta o ess\u00e8ncia, d&#8217;aquests arquetips primigenis.<br \/>\n<\/span><span style=\"font-weight: 400;\">Es pretenia amb aquesta &#8220;severitat&#8221; de normes la consci\u00e8ncia i desenvolupament d&#8217;aquesta naturalesa divina de l'&#8221;home&#8221;. &#8220;El superior de la terra, l&#8217;inferior del cel&#8221; com vindria a dir Tom\u00e0s d&#8217;Aquino.<br \/>\n<\/span><span style=\"font-weight: 400;\">El s\u00edmbol i la unicitat permetrien una certa ascesi i evoluci\u00f3 de l&#8217;\u00e0nima humana, adquirint coneixement del potencial que emanen de la Fe, l&#8217;Esperan\u00e7a i l&#8217;Amor, com recordaria Sant Pau en la seva carta als Corintis.<br \/>\n<\/span><span style=\"font-weight: 400;\">Encara que per a la gran majoria no va ser m\u00e9s que un codi de conducta.<\/span><\/p>\n<p><span style=\"font-weight: 400;\">Cristianisme, Judaisme i Islam van ser enervats pel costum, i per les armes, i finalment es van fer poderosos en les psiques col\u00b7lectives, de tal forma que cada individu es va acabar convertint en un &#8220;guerrer&#8221; al servei de la seva religi\u00f3.<\/span><\/p>\n<p><span style=\"font-weight: 400;\">Mentrestant on van viure les diferents representacions de la humanitat? On van niar Dionisos i Afrodita? On Hefest i Artemisa? Van desapar\u00e8ixer o van esperar pacientment el seu retorn?<br \/>\n<\/span><span style=\"font-weight: 400;\">En el moment que les psiques es desprenen, dilueixen progressivament un &#8220;tot&#8221; cultural o religi\u00f3s, emergeix all\u00f2 que es va escindir, el &#8220;diab\u00f2lic&#8221; potser en tant que apaga progressivament els s\u00edmbols que van ser totpoderosos en una etapa de la humanitat.<\/span><\/p>\n<p><i><span style=\"font-weight: 400;\">-\u00c9s un temps de decad\u00e8ncia de la tradici\u00f3 cristiana. El que un dia, no gaire allunyat, va ungir les psiques de vigor, avui est\u00e0 empastifat de banal sentimentalisme, de culpa pels &#8220;pecats&#8221; acumulats d&#8217;una banda, potser minorit\u00e0ria, de l&#8217;Esgl\u00e9sia cat\u00f2lica, i especialment per la cada vegada m\u00e9s escassa influ\u00e8ncia en les societats occidentals de les quals va ser constituent.<\/span><\/i><\/p>\n<p><i><span style=\"font-weight: 400;\">El Cristianisme tamb\u00e9 s&#8217;ha escindit en multiplicitat de formes i normes, deixant entrar elements pr\u00f2piament pagans en algunes de les seves noves Esgl\u00e9sies-.<\/span><\/i><\/p>\n<p><span style=\"font-weight: 400;\">Els s\u00edmbols que van ser forts i predominants durant segles estan enfosquint i sorgeix, de nou, la multiplicitat.<br \/>\n<\/span><span style=\"font-weight: 400;\">Es revela i reapareixen &#8220;els d\u00e9us, els semideus i els titans&#8221; i els humans tornen a encarnar-se en diversitat de formes, arquetips i orientacions.<br \/>\n<\/span><span style=\"font-weight: 400;\">Col\u00b7lectivament aix\u00f2, per a qui escriu, ser\u00e0 cada vegada m\u00e9s normal i, per tant, normatiu.<\/span><\/p>\n<p><span style=\"font-weight: 400;\">Buscar la patologia individual en una realitat social arribar\u00e0 un moment que ser\u00e0 una tasca \u00e0rdua, ingent diria jo.<br \/>\n<\/span><span style=\"font-weight: 400;\">Caldr\u00e0 acceptar les diferents auto configuracions com a v\u00e0lides, m\u00e9s enll\u00e0 del sofriment que els pugui causar, a les primeres generacions de &#8220;diferents&#8221; el fet d&#8217;escindir-se d&#8217;un col\u00b7lectiu simb\u00f2lic i terrenal (cristi\u00e0, jueu, musulm\u00e0) que, encara en els seus \u00faltims temps, continua sent predominant en l&#8217;inconscient col\u00b7lectiu de la societat.<\/span><\/p>\n<p><span style=\"font-weight: 400;\">Quan escoltem un jove, nascut home (p. ex.) dir que se sent dona, o que a vegades se sent dona i a vegades home, o que ha decidit fer una transformaci\u00f3 i transici\u00f3 f\u00edsica, a trav\u00e9s d&#8217;una intervenci\u00f3 quir\u00fargica per a canviar de sexe, per\u00f2 que encara aix\u00ed, i despr\u00e9s d&#8217;aix\u00f2 el continuen agradant les dones, podrem atribuir-ho a un trastorn de la personalitat o a una psicosi de base, per\u00f2 potser, i probablement, no \u00e9s m\u00e9s que <\/span><i><span style=\"font-weight: 400;\">una realitat pr\u00f2pia dels nous temps<\/span><\/i><span style=\"font-weight: 400;\">.<\/span><\/p>\n<p><span style=\"font-weight: 400;\">Si ens centrem en l&#8217;individu sofrent, sigui aquest com sigui, podrem percebre que hi ha alguna cosa en ell que li transcendeix, que supera la seva pr\u00f2pia psique, i pot ser que no sigui una altra cosa que el canvi de paradigma que representa la caiguda d&#8217;una civilitzaci\u00f3, la debilitaci\u00f3 d&#8217;un inconscient col\u00b7lectiu que permet emergir amb for\u00e7a all\u00f2 que estava ocult, tamb\u00e9 en ell o en ella.<\/span><\/p>\n<p><span style=\"font-weight: 400;\">No jutjar i ajudar, sense condicions, a trobar una certa pau ser\u00e0 la tasca m\u00e9s complexa, ja que estarem temptats a urgir la rectificaci\u00f3.<br \/>\n<\/span><span style=\"font-weight: 400;\">Per\u00f2 s\u00f3n uns altres temps.<br \/>\n<\/span><span style=\"font-weight: 400;\">L&#8217;oc\u00e0s del simb\u00f2lic permet el ressorgir de l&#8217;escindit.<\/span><\/p>\n<p style=\"text-align: right;\"><span style=\"font-weight: 400;\">Dami\u00e1n Ruiz<br \/>\n<\/span><span style=\"font-weight: 400;\">Barcelona, 16 de Novembre, 2021<br \/>\n<\/span><a href=\"https:\/\/damianruiz.eu\"><span style=\"font-weight: 400;\">www.damianruiz.eu<\/span><\/a><\/p>\n","protected":false},"excerpt":{"rendered":"<p>Dami\u00e1n Ruiz &#8220;Que f\u00e0cil seria tot si g\u00e8nere i sexe biol\u00f2gic es poguessin identificar directament, i una vegada fet aix\u00f2 [&hellip;]<\/p>\n","protected":false},"author":4,"featured_media":1215,"comment_status":"closed","ping_status":"closed","sticky":false,"template":"","format":"standard","meta":{"_uag_custom_page_level_css":"","site-sidebar-layout":"default","site-content-layout":"","ast-site-content-layout":"default","site-content-style":"default","site-sidebar-style":"default","ast-global-header-display":"","ast-banner-title-visibility":"","ast-main-header-display":"","ast-hfb-above-header-display":"","ast-hfb-below-header-display":"","ast-hfb-mobile-header-display":"","site-post-title":"","ast-breadcrumbs-content":"","ast-featured-img":"","footer-sml-layout":"","theme-transparent-header-meta":"","adv-header-id-meta":"","stick-header-meta":"","header-above-stick-meta":"","header-main-stick-meta":"","header-below-stick-meta":"","astra-migrate-meta-layouts":"default","ast-page-background-enabled":"default","ast-page-background-meta":{"desktop":{"background-color":"var(--ast-global-color-4)","background-image":"","background-repeat":"repeat","background-position":"center center","background-size":"auto","background-attachment":"scroll","background-type":"","background-media":"","overlay-type":"","overlay-color":"","overlay-opacity":"","overlay-gradient":""},"tablet":{"background-color":"","background-image":"","background-repeat":"repeat","background-position":"center center","background-size":"auto","background-attachment":"scroll","background-type":"","background-media":"","overlay-type":"","overlay-color":"","overlay-opacity":"","overlay-gradient":""},"mobile":{"background-color":"","background-image":"","background-repeat":"repeat","background-position":"center center","background-size":"auto","background-attachment":"scroll","background-type":"","background-media":"","overlay-type":"","overlay-color":"","overlay-opacity":"","overlay-gradient":""}},"ast-content-background-meta":{"desktop":{"background-color":"var(--ast-global-color-5)","background-image":"","background-repeat":"repeat","background-position":"center center","background-size":"auto","background-attachment":"scroll","background-type":"","background-media":"","overlay-type":"","overlay-color":"","overlay-opacity":"","overlay-gradient":""},"tablet":{"background-color":"var(--ast-global-color-5)","background-image":"","background-repeat":"repeat","background-position":"center center","background-size":"auto","background-attachment":"scroll","background-type":"","background-media":"","overlay-type":"","overlay-color":"","overlay-opacity":"","overlay-gradient":""},"mobile":{"background-color":"var(--ast-global-color-5)","background-image":"","background-repeat":"repeat","background-position":"center center","background-size":"auto","background-attachment":"scroll","background-type":"","background-media":"","overlay-type":"","overlay-color":"","overlay-opacity":"","overlay-gradient":""}},"footnotes":""},"categories":[],"tags":[],"class_list":["post-1219","post","type-post","status-publish","format-standard","has-post-thumbnail","hentry"],"yoast_head":"<!-- This site is optimized with the Yoast SEO plugin v27.5 - https:\/\/yoast.com\/product\/yoast-seo-wordpress\/ -->\n<title>Identitats de g\u00e8nere, s\u00edmbols, arquetips i inconscient col\u00b7lectiu - Dami\u00e1n Ruiz<\/title>\n<meta name=\"robots\" content=\"index, follow, max-snippet:-1, max-image-preview:large, max-video-preview:-1\" \/>\n<link rel=\"canonical\" href=\"https:\/\/damianruiz.eu\/identidades-de-genero-simbolos-arquetipos-e-inconsciente-colectivo\/\" \/>\n<meta property=\"og:locale\" content=\"ca_ES\" \/>\n<meta property=\"og:type\" content=\"article\" \/>\n<meta property=\"og:title\" content=\"Identitats de g\u00e8nere, s\u00edmbols, arquetips i inconscient col\u00b7lectiu - Dami\u00e1n Ruiz\" \/>\n<meta property=\"og:description\" content=\"Dami\u00e1n Ruiz &#8220;Que f\u00e0cil seria tot si g\u00e8nere i sexe biol\u00f2gic es poguessin identificar directament, i una vegada fet aix\u00f2 [&hellip;]\" \/>\n<meta property=\"og:url\" content=\"https:\/\/damianruiz.eu\/identidades-de-genero-simbolos-arquetipos-e-inconsciente-colectivo\/\" \/>\n<meta property=\"og:site_name\" content=\"Dami\u00e1n Ruiz\" \/>\n<meta property=\"article:published_time\" content=\"2021-11-16T18:00:42+00:00\" \/>\n<meta property=\"og:image\" content=\"https:\/\/damianruiz.eu\/wp-content\/uploads\/2021\/11\/gender-6188940_1920-1.jpeg\" \/>\n\t<meta property=\"og:image:width\" content=\"1920\" \/>\n\t<meta property=\"og:image:height\" content=\"853\" \/>\n\t<meta property=\"og:image:type\" content=\"image\/jpeg\" \/>\n<meta name=\"author\" content=\"Dami\u00e1n Ruiz\" \/>\n<meta name=\"twitter:card\" content=\"summary_large_image\" \/>\n<meta name=\"twitter:label1\" content=\"Escrit per\" \/>\n\t<meta name=\"twitter:data1\" content=\"Dami\u00e1n Ruiz\" \/>\n\t<meta name=\"twitter:label2\" content=\"Temps estimat de lectura\" \/>\n\t<meta name=\"twitter:data2\" content=\"5 minuts\" \/>\n<script type=\"application\/ld+json\" class=\"yoast-schema-graph\">{\"@context\":\"https:\\\/\\\/schema.org\",\"@graph\":[{\"@type\":\"Article\",\"@id\":\"https:\\\/\\\/damianruiz.eu\\\/identidades-de-genero-simbolos-arquetipos-e-inconsciente-colectivo\\\/#article\",\"isPartOf\":{\"@id\":\"https:\\\/\\\/damianruiz.eu\\\/identidades-de-genero-simbolos-arquetipos-e-inconsciente-colectivo\\\/\"},\"author\":{\"name\":\"Dami\u00e1n Ruiz\",\"@id\":\"https:\\\/\\\/damianruiz.eu\\\/#\\\/schema\\\/person\\\/e4703116e00a576e1cfcea03de178c07\"},\"headline\":\"Identitats de g\u00e8nere, s\u00edmbols, arquetips i inconscient col\u00b7lectiu\",\"datePublished\":\"2021-11-16T18:00:42+00:00\",\"mainEntityOfPage\":{\"@id\":\"https:\\\/\\\/damianruiz.eu\\\/identidades-de-genero-simbolos-arquetipos-e-inconsciente-colectivo\\\/\"},\"wordCount\":1068,\"publisher\":{\"@id\":\"https:\\\/\\\/damianruiz.eu\\\/#organization\"},\"image\":{\"@id\":\"https:\\\/\\\/damianruiz.eu\\\/identidades-de-genero-simbolos-arquetipos-e-inconsciente-colectivo\\\/#primaryimage\"},\"thumbnailUrl\":\"https:\\\/\\\/damianruiz.eu\\\/wp-content\\\/uploads\\\/2021\\\/11\\\/gender-6188940_1920-1.jpeg\",\"inLanguage\":\"ca\"},{\"@type\":\"WebPage\",\"@id\":\"https:\\\/\\\/damianruiz.eu\\\/identidades-de-genero-simbolos-arquetipos-e-inconsciente-colectivo\\\/\",\"url\":\"https:\\\/\\\/damianruiz.eu\\\/identidades-de-genero-simbolos-arquetipos-e-inconsciente-colectivo\\\/\",\"name\":\"Identitats de g\u00e8nere, s\u00edmbols, arquetips i inconscient col\u00b7lectiu - Dami\u00e1n Ruiz\",\"isPartOf\":{\"@id\":\"https:\\\/\\\/damianruiz.eu\\\/#website\"},\"primaryImageOfPage\":{\"@id\":\"https:\\\/\\\/damianruiz.eu\\\/identidades-de-genero-simbolos-arquetipos-e-inconsciente-colectivo\\\/#primaryimage\"},\"image\":{\"@id\":\"https:\\\/\\\/damianruiz.eu\\\/identidades-de-genero-simbolos-arquetipos-e-inconsciente-colectivo\\\/#primaryimage\"},\"thumbnailUrl\":\"https:\\\/\\\/damianruiz.eu\\\/wp-content\\\/uploads\\\/2021\\\/11\\\/gender-6188940_1920-1.jpeg\",\"datePublished\":\"2021-11-16T18:00:42+00:00\",\"breadcrumb\":{\"@id\":\"https:\\\/\\\/damianruiz.eu\\\/identidades-de-genero-simbolos-arquetipos-e-inconsciente-colectivo\\\/#breadcrumb\"},\"inLanguage\":\"ca\",\"potentialAction\":[{\"@type\":\"ReadAction\",\"target\":[\"https:\\\/\\\/damianruiz.eu\\\/identidades-de-genero-simbolos-arquetipos-e-inconsciente-colectivo\\\/\"]}]},{\"@type\":\"ImageObject\",\"inLanguage\":\"ca\",\"@id\":\"https:\\\/\\\/damianruiz.eu\\\/identidades-de-genero-simbolos-arquetipos-e-inconsciente-colectivo\\\/#primaryimage\",\"url\":\"https:\\\/\\\/damianruiz.eu\\\/wp-content\\\/uploads\\\/2021\\\/11\\\/gender-6188940_1920-1.jpeg\",\"contentUrl\":\"https:\\\/\\\/damianruiz.eu\\\/wp-content\\\/uploads\\\/2021\\\/11\\\/gender-6188940_1920-1.jpeg\",\"width\":1920,\"height\":853},{\"@type\":\"BreadcrumbList\",\"@id\":\"https:\\\/\\\/damianruiz.eu\\\/identidades-de-genero-simbolos-arquetipos-e-inconsciente-colectivo\\\/#breadcrumb\",\"itemListElement\":[{\"@type\":\"ListItem\",\"position\":1,\"name\":\"Portada\",\"item\":\"https:\\\/\\\/damianruiz.eu\\\/ca\\\/\"},{\"@type\":\"ListItem\",\"position\":2,\"name\":\"Identitats de g\u00e8nere, s\u00edmbols, arquetips i inconscient col\u00b7lectiu\"}]},{\"@type\":\"WebSite\",\"@id\":\"https:\\\/\\\/damianruiz.eu\\\/#website\",\"url\":\"https:\\\/\\\/damianruiz.eu\\\/\",\"name\":\"Dami\u00e1n Ruiz\",\"description\":\"Licenciado y Postgraduado en Psicolog\u00eda por la Universidad de Barcelona.\",\"publisher\":{\"@id\":\"https:\\\/\\\/damianruiz.eu\\\/#organization\"},\"potentialAction\":[{\"@type\":\"SearchAction\",\"target\":{\"@type\":\"EntryPoint\",\"urlTemplate\":\"https:\\\/\\\/damianruiz.eu\\\/?s={search_term_string}\"},\"query-input\":{\"@type\":\"PropertyValueSpecification\",\"valueRequired\":true,\"valueName\":\"search_term_string\"}}],\"inLanguage\":\"ca\"},{\"@type\":\"Organization\",\"@id\":\"https:\\\/\\\/damianruiz.eu\\\/#organization\",\"name\":\"Dami\u00e1n Ruiz\",\"url\":\"https:\\\/\\\/damianruiz.eu\\\/\",\"logo\":{\"@type\":\"ImageObject\",\"inLanguage\":\"ca\",\"@id\":\"https:\\\/\\\/damianruiz.eu\\\/#\\\/schema\\\/logo\\\/image\\\/\",\"url\":\"https:\\\/\\\/damianruiz.eu\\\/wp-content\\\/uploads\\\/2024\\\/04\\\/cropped-logo-2024-damian-ruiz-233.png\",\"contentUrl\":\"https:\\\/\\\/damianruiz.eu\\\/wp-content\\\/uploads\\\/2024\\\/04\\\/cropped-logo-2024-damian-ruiz-233.png\",\"width\":233,\"height\":60,\"caption\":\"Dami\u00e1n Ruiz\"},\"image\":{\"@id\":\"https:\\\/\\\/damianruiz.eu\\\/#\\\/schema\\\/logo\\\/image\\\/\"}},{\"@type\":\"Person\",\"@id\":\"https:\\\/\\\/damianruiz.eu\\\/#\\\/schema\\\/person\\\/e4703116e00a576e1cfcea03de178c07\",\"name\":\"Dami\u00e1n Ruiz\",\"url\":\"https:\\\/\\\/damianruiz.eu\\\/ca\\\/author\\\/damianruiz\\\/\"}]}<\/script>\n<!-- \/ Yoast SEO plugin. -->","yoast_head_json":{"title":"Identitats de g\u00e8nere, s\u00edmbols, arquetips i inconscient col\u00b7lectiu - Dami\u00e1n Ruiz","robots":{"index":"index","follow":"follow","max-snippet":"max-snippet:-1","max-image-preview":"max-image-preview:large","max-video-preview":"max-video-preview:-1"},"canonical":"https:\/\/damianruiz.eu\/identidades-de-genero-simbolos-arquetipos-e-inconsciente-colectivo\/","og_locale":"ca_ES","og_type":"article","og_title":"Identitats de g\u00e8nere, s\u00edmbols, arquetips i inconscient col\u00b7lectiu - Dami\u00e1n Ruiz","og_description":"Dami\u00e1n Ruiz &#8220;Que f\u00e0cil seria tot si g\u00e8nere i sexe biol\u00f2gic es poguessin identificar directament, i una vegada fet aix\u00f2 [&hellip;]","og_url":"https:\/\/damianruiz.eu\/identidades-de-genero-simbolos-arquetipos-e-inconsciente-colectivo\/","og_site_name":"Dami\u00e1n Ruiz","article_published_time":"2021-11-16T18:00:42+00:00","og_image":[{"width":1920,"height":853,"url":"https:\/\/damianruiz.eu\/wp-content\/uploads\/2021\/11\/gender-6188940_1920-1.jpeg","type":"image\/jpeg"}],"author":"Dami\u00e1n Ruiz","twitter_card":"summary_large_image","twitter_misc":{"Escrit per":"Dami\u00e1n Ruiz","Temps estimat de lectura":"5 minuts"},"schema":{"@context":"https:\/\/schema.org","@graph":[{"@type":"Article","@id":"https:\/\/damianruiz.eu\/identidades-de-genero-simbolos-arquetipos-e-inconsciente-colectivo\/#article","isPartOf":{"@id":"https:\/\/damianruiz.eu\/identidades-de-genero-simbolos-arquetipos-e-inconsciente-colectivo\/"},"author":{"name":"Dami\u00e1n Ruiz","@id":"https:\/\/damianruiz.eu\/#\/schema\/person\/e4703116e00a576e1cfcea03de178c07"},"headline":"Identitats de g\u00e8nere, s\u00edmbols, arquetips i inconscient col\u00b7lectiu","datePublished":"2021-11-16T18:00:42+00:00","mainEntityOfPage":{"@id":"https:\/\/damianruiz.eu\/identidades-de-genero-simbolos-arquetipos-e-inconsciente-colectivo\/"},"wordCount":1068,"publisher":{"@id":"https:\/\/damianruiz.eu\/#organization"},"image":{"@id":"https:\/\/damianruiz.eu\/identidades-de-genero-simbolos-arquetipos-e-inconsciente-colectivo\/#primaryimage"},"thumbnailUrl":"https:\/\/damianruiz.eu\/wp-content\/uploads\/2021\/11\/gender-6188940_1920-1.jpeg","inLanguage":"ca"},{"@type":"WebPage","@id":"https:\/\/damianruiz.eu\/identidades-de-genero-simbolos-arquetipos-e-inconsciente-colectivo\/","url":"https:\/\/damianruiz.eu\/identidades-de-genero-simbolos-arquetipos-e-inconsciente-colectivo\/","name":"Identitats de g\u00e8nere, s\u00edmbols, arquetips i inconscient col\u00b7lectiu - Dami\u00e1n Ruiz","isPartOf":{"@id":"https:\/\/damianruiz.eu\/#website"},"primaryImageOfPage":{"@id":"https:\/\/damianruiz.eu\/identidades-de-genero-simbolos-arquetipos-e-inconsciente-colectivo\/#primaryimage"},"image":{"@id":"https:\/\/damianruiz.eu\/identidades-de-genero-simbolos-arquetipos-e-inconsciente-colectivo\/#primaryimage"},"thumbnailUrl":"https:\/\/damianruiz.eu\/wp-content\/uploads\/2021\/11\/gender-6188940_1920-1.jpeg","datePublished":"2021-11-16T18:00:42+00:00","breadcrumb":{"@id":"https:\/\/damianruiz.eu\/identidades-de-genero-simbolos-arquetipos-e-inconsciente-colectivo\/#breadcrumb"},"inLanguage":"ca","potentialAction":[{"@type":"ReadAction","target":["https:\/\/damianruiz.eu\/identidades-de-genero-simbolos-arquetipos-e-inconsciente-colectivo\/"]}]},{"@type":"ImageObject","inLanguage":"ca","@id":"https:\/\/damianruiz.eu\/identidades-de-genero-simbolos-arquetipos-e-inconsciente-colectivo\/#primaryimage","url":"https:\/\/damianruiz.eu\/wp-content\/uploads\/2021\/11\/gender-6188940_1920-1.jpeg","contentUrl":"https:\/\/damianruiz.eu\/wp-content\/uploads\/2021\/11\/gender-6188940_1920-1.jpeg","width":1920,"height":853},{"@type":"BreadcrumbList","@id":"https:\/\/damianruiz.eu\/identidades-de-genero-simbolos-arquetipos-e-inconsciente-colectivo\/#breadcrumb","itemListElement":[{"@type":"ListItem","position":1,"name":"Portada","item":"https:\/\/damianruiz.eu\/ca\/"},{"@type":"ListItem","position":2,"name":"Identitats de g\u00e8nere, s\u00edmbols, arquetips i inconscient col\u00b7lectiu"}]},{"@type":"WebSite","@id":"https:\/\/damianruiz.eu\/#website","url":"https:\/\/damianruiz.eu\/","name":"Dami\u00e1n Ruiz","description":"Licenciado y Postgraduado en Psicolog\u00eda por la Universidad de Barcelona.","publisher":{"@id":"https:\/\/damianruiz.eu\/#organization"},"potentialAction":[{"@type":"SearchAction","target":{"@type":"EntryPoint","urlTemplate":"https:\/\/damianruiz.eu\/?s={search_term_string}"},"query-input":{"@type":"PropertyValueSpecification","valueRequired":true,"valueName":"search_term_string"}}],"inLanguage":"ca"},{"@type":"Organization","@id":"https:\/\/damianruiz.eu\/#organization","name":"Dami\u00e1n Ruiz","url":"https:\/\/damianruiz.eu\/","logo":{"@type":"ImageObject","inLanguage":"ca","@id":"https:\/\/damianruiz.eu\/#\/schema\/logo\/image\/","url":"https:\/\/damianruiz.eu\/wp-content\/uploads\/2024\/04\/cropped-logo-2024-damian-ruiz-233.png","contentUrl":"https:\/\/damianruiz.eu\/wp-content\/uploads\/2024\/04\/cropped-logo-2024-damian-ruiz-233.png","width":233,"height":60,"caption":"Dami\u00e1n Ruiz"},"image":{"@id":"https:\/\/damianruiz.eu\/#\/schema\/logo\/image\/"}},{"@type":"Person","@id":"https:\/\/damianruiz.eu\/#\/schema\/person\/e4703116e00a576e1cfcea03de178c07","name":"Dami\u00e1n Ruiz","url":"https:\/\/damianruiz.eu\/ca\/author\/damianruiz\/"}]}},"uagb_featured_image_src":{"full":["https:\/\/damianruiz.eu\/wp-content\/uploads\/2021\/11\/gender-6188940_1920-1.jpeg",1920,853,false],"thumbnail":["https:\/\/damianruiz.eu\/wp-content\/uploads\/2021\/11\/gender-6188940_1920-1-150x150.jpeg",150,150,true],"medium":["https:\/\/damianruiz.eu\/wp-content\/uploads\/2021\/11\/gender-6188940_1920-1-300x133.jpeg",300,133,true],"medium_large":["https:\/\/damianruiz.eu\/wp-content\/uploads\/2021\/11\/gender-6188940_1920-1-768x341.jpeg",768,341,true],"large":["https:\/\/damianruiz.eu\/wp-content\/uploads\/2021\/11\/gender-6188940_1920-1-1024x455.jpeg",1024,455,true],"1536x1536":["https:\/\/damianruiz.eu\/wp-content\/uploads\/2021\/11\/gender-6188940_1920-1-1536x682.jpeg",1536,682,true],"2048x2048":["https:\/\/damianruiz.eu\/wp-content\/uploads\/2021\/11\/gender-6188940_1920-1.jpeg",1920,853,false]},"uagb_author_info":{"display_name":"Dami\u00e1n Ruiz","author_link":"https:\/\/damianruiz.eu\/ca\/author\/damianruiz\/"},"uagb_comment_info":0,"uagb_excerpt":"Dami\u00e1n Ruiz &#8220;Que f\u00e0cil seria tot si g\u00e8nere i sexe biol\u00f2gic es poguessin identificar directament, i una vegada fet aix\u00f2 [&hellip;]","_links":{"self":[{"href":"https:\/\/damianruiz.eu\/ca\/wp-json\/wp\/v2\/posts\/1219","targetHints":{"allow":["GET"]}}],"collection":[{"href":"https:\/\/damianruiz.eu\/ca\/wp-json\/wp\/v2\/posts"}],"about":[{"href":"https:\/\/damianruiz.eu\/ca\/wp-json\/wp\/v2\/types\/post"}],"author":[{"embeddable":true,"href":"https:\/\/damianruiz.eu\/ca\/wp-json\/wp\/v2\/users\/4"}],"replies":[{"embeddable":true,"href":"https:\/\/damianruiz.eu\/ca\/wp-json\/wp\/v2\/comments?post=1219"}],"version-history":[{"count":1,"href":"https:\/\/damianruiz.eu\/ca\/wp-json\/wp\/v2\/posts\/1219\/revisions"}],"predecessor-version":[{"id":1220,"href":"https:\/\/damianruiz.eu\/ca\/wp-json\/wp\/v2\/posts\/1219\/revisions\/1220"}],"wp:featuredmedia":[{"embeddable":true,"href":"https:\/\/damianruiz.eu\/ca\/wp-json\/wp\/v2\/media\/1215"}],"wp:attachment":[{"href":"https:\/\/damianruiz.eu\/ca\/wp-json\/wp\/v2\/media?parent=1219"}],"wp:term":[{"taxonomy":"category","embeddable":true,"href":"https:\/\/damianruiz.eu\/ca\/wp-json\/wp\/v2\/categories?post=1219"},{"taxonomy":"post_tag","embeddable":true,"href":"https:\/\/damianruiz.eu\/ca\/wp-json\/wp\/v2\/tags?post=1219"}],"curies":[{"name":"wp","href":"https:\/\/api.w.org\/{rel}","templated":true}]}}