{"id":1788,"date":"2023-07-14T08:38:12","date_gmt":"2023-07-14T08:38:12","guid":{"rendered":"https:\/\/damianruiz.eu\/?p=1788"},"modified":"2023-07-14T08:45:38","modified_gmt":"2023-07-14T08:45:38","slug":"el-mon-com-a-simbol","status":"publish","type":"post","link":"https:\/\/damianruiz.eu\/ca\/el-mon-com-a-simbol\/","title":{"rendered":"El m\u00f3n com a s\u00edmbol"},"content":{"rendered":"<p><span style=\"font-weight: 400;\">Si ens alliber\u00e9ssim dels nostres prejudicis, de les nostres pors, de les nostres inseguretats i dels patrons m\u00e9s r\u00edgids que encotillen, alguns innecess\u00e0riament, la nostra exist\u00e8ncia, probablement el m\u00f3n se&#8217;ns revelaria en la seva veritable dimensi\u00f3.<\/span><\/p>\n<p>&nbsp;<\/p>\n<p><span style=\"font-weight: 400;\">Sense anar m\u00e9s lluny el diumenge passat i sota uns frondosos arbres que ens donaven ombra, en un extens jard\u00ed, un grup d&#8217;amics parl\u00e0vem, amb un cert afany filos\u00f2fic, sobre les vegades que l&#8217;exist\u00e8ncia ens mostra una possibilitat oberta i ens obre una porta per a posteriorment tancar-la.<\/span><\/p>\n<p><span style=\"font-weight: 400;\">Es tractaria d&#8217;una esp\u00e8cie de joc en la qual se t&#8217;assenyala all\u00f2 que estaries en condicions de fer per a despr\u00e9s desapar\u00e8ixer. Un repte en el qual has de descobrir les claus amb les quals tornar a \u201cobrir aquesta porta\u201d.<\/span><\/p>\n<p>&nbsp;<\/p>\n<p><span style=\"font-weight: 400;\">Posar\u00e9 un exemple personal. Aquest mateix any una editorial tradicional (aquelles que aposten pels autors sense cobrar-los) va decidir publicar un llibre de ficci\u00f3 que havia escrit, <\/span><i><span style=\"font-weight: 400;\">\u201cEn la planta 46 y diecinueve relatos m\u00e1s\u201d<\/span><\/i><span style=\"font-weight: 400;\">.<\/span><\/p>\n<p><span style=\"font-weight: 400;\">Feia anys havia creat, publicat i s&#8217;havien representat algunes obres de teatre. Tamb\u00e9 obres de psicologia divulgativa.\u00a0<\/span><\/p>\n<p><span style=\"font-weight: 400;\">Per\u00f2 aix\u00f2 em generava una especial emoci\u00f3.<\/span><\/p>\n<p>&nbsp;<\/p>\n<p><span style=\"font-weight: 400;\">Encara que porto tota la vida, des de la meva primera joventut, dedicat a l&#8217;estudi i la praxi de la psicologia, professi\u00f3 vocacional, el meu \u201cm\u00f3n interior\u201d, el m\u00e9s idealitzat, no vibra amb els grans genis d&#8217;aquesta activitat, m\u00e9s enll\u00e0 que alguns com Jung em generin una enorme fascinaci\u00f3, sin\u00f3 que connecta i s&#8217;identifica amb l&#8217;esperit, les vides i les maneres de percebre l&#8217;exist\u00e8ncia de \u201cels escriptors\u201d.<\/span><\/p>\n<p><span style=\"font-weight: 400;\">\u00c9s a dir, si professionalment soc un psic\u00f2leg, an\u00edmicament el meu ser pertany, o li agradaria fer-lo, al \u201cunivers\u201d dels literats.<\/span><\/p>\n<p><span style=\"font-weight: 400;\">En resum soc, en ess\u00e8ncia, o sento que soc, un escriptor, frustrat o no, millor o pitjor, que exerceix de psic\u00f2leg -.<\/span><\/p>\n<p>&nbsp;<\/p>\n<p><span style=\"font-weight: 400;\">Eh voil\u00e0 la q\u00fcesti\u00f3! Qu\u00e8 significa que als cinquanta-vuit anys et publiquin el teu primer llibre narratiu de ficci\u00f3? \u00c9s una porta que s&#8217;obre i es tanca? Un fet ef\u00edmer que succeeix puntualment? Una mera fantasia complerta de forma gaireb\u00e9 anecd\u00f2tica?<\/span><\/p>\n<p>&nbsp;<\/p>\n<p><span style=\"font-weight: 400;\">La possible resposta connecta amb aquesta visi\u00f3 del m\u00f3n com a s\u00edmbol.<\/span><\/p>\n<p><span style=\"font-weight: 400;\">Em crec que puc perseverar i continuar escrivint perqu\u00e8 el cam\u00ed de la literatura est\u00e0 obert? \u00c9s simplement una vana il\u00b7lusi\u00f3?<\/span><\/p>\n<p>&nbsp;<\/p>\n<p><span style=\"font-weight: 400;\">Aquestes s\u00f3n les claus a desxifrar.<\/span><\/p>\n<p>&nbsp;<\/p>\n<p><span style=\"font-weight: 400;\">Si ets un artista que fa la seva primera exposici\u00f3 i vens dues de les teves obres. T&#8217;estan assenyalant el cam\u00ed? Has de mantenir la const\u00e0ncia o pot ser que no succeeixi mai m\u00e9s o tan sols molt de tant en tant?<\/span><\/p>\n<p>&nbsp;<\/p>\n<p><span style=\"font-weight: 400;\">Com ho sabem?<\/span><\/p>\n<p><span style=\"font-weight: 400;\">Alg\u00fa, jo mateix, podria definir el cam\u00ed que porta a materialitzar els somnis amb aquella frase que Picasso li va respondre a Joan Perucho, escriptor barcelon\u00ed mort en el 2003, quan aquest \u00faltim li va preguntar quin era el secret del seu \u00e8xit, \u201ctreball, treball i treball\u201d va respondre el pintor.<\/span><\/p>\n<p><span style=\"font-weight: 400;\">En termes prosaics vindria a ser all\u00f2 de \u201ca D\u00e9u pregant i amb el mall donant\u201d.<\/span><\/p>\n<p><span style=\"font-weight: 400;\">Fe, determinaci\u00f3 i perseveran\u00e7a.<\/span><\/p>\n<p>&nbsp;<\/p>\n<p><span style=\"font-weight: 400;\">Aquestes tres qualitats s\u00f3n imprescindibles perqu\u00e8 all\u00f2 que es va mostrar despr\u00e9s de \u201cla porta\u201d, una vegada tancada, torni a obrir-se.<\/span><\/p>\n<p>&nbsp;<\/p>\n<p><span style=\"font-weight: 400;\">La q\u00fcesti\u00f3 \u00e9s quantes persones hi ha en el m\u00f3n amb determinaci\u00f3, fe en el que fan i perseveran\u00e7a fins a la consecuci\u00f3 de l&#8217;obra? I a quantes d&#8217;elles no se&#8217;ls va mostrar el que hi havia en si mateixos? (perqu\u00e8 potser no n&#8217;hi hagu\u00e9s).<\/span><\/p>\n<p>&nbsp;<\/p>\n<p><span style=\"font-weight: 400;\">Recordem: Perqu\u00e8 s&#8217;obri la porta \u00e9s fonamental que, encara de forma gaireb\u00e9 casual, alguna vegada \u201cel m\u00f3n\u201d t&#8217;hagi ensenyat el que hi ha darrere d&#8217;ella.<\/span><\/p>\n<p>&nbsp;<\/p>\n<p><span style=\"font-weight: 400;\">Aix\u00f2 significa, per exemple, i com he dit en m\u00faltiples ocasions, si el meu desig hagu\u00e9s estat convertir-me en un notable concertista de piano, per molta fe, perseveran\u00e7a i determinaci\u00f3 que li hagu\u00e9s posat, mai ho hauria aconseguit. No tinc aquest talent i a m\u00e9s mai se&#8217;m va indicar aquest cam\u00ed.<\/span><\/p>\n<p>&nbsp;<\/p>\n<p><span style=\"font-weight: 400;\">I quan sabem si un determinat senyal \u00e9s un s\u00edmbol?<\/span><\/p>\n<p><span style=\"font-weight: 400;\">Quan se&#8217;ns gratifica una cosa realitzada des d&#8217;un lloc desconegut i que posseeix les credencials per a fer una valoraci\u00f3 adequada.<\/span><\/p>\n<p><span style=\"font-weight: 400;\">\u00c9s a dir, si alg\u00fa amb criteri fundat i extern a tu, qualifica all\u00f2 que has produ\u00eft com una cosa notable o excel\u00b7lent, i a m\u00e9s d&#8217;una manera fins a un cert punt fortu\u00efta.<\/span><\/p>\n<p>&nbsp;<\/p>\n<p><span style=\"font-weight: 400;\">La nena que, als nou anys, executa al viol\u00ed una partitura complexa i un il\u00b7lustre espectador en la mat\u00e8ria avisa als pares que estan davant un enorme talent. Per exemple.<\/span><\/p>\n<p>&nbsp;<\/p>\n<p><span style=\"font-weight: 400;\">Encara aix\u00ed, hi ha alguna cosa m\u00e9s: la necessitat de Fe.<\/span><\/p>\n<p>&nbsp;<\/p>\n<p><span style=\"font-weight: 400;\">Pedro Almod\u00f3var, el fam\u00f3s cineasta espanyol, en recollir un premi honor\u00edfic va explicar que la seva determinaci\u00f3 a dirigir cinema era de tal calibre que va estar, en el seu moment, disposat a viure en la pobresa i la marginalitat amb la condici\u00f3 d&#8217;aconseguir-lo.<\/span><\/p>\n<p><span style=\"font-weight: 400;\">Tal com Job i la seva contundent frase b\u00edblica \u201cJo no t&#8217;abandonar\u00e9 Senyor, si Tu no m&#8217;abandones\u201d hi ha persones que repten \u201ca l&#8217;univers\u201d amb un \u201co aix\u00f2 o res\u201d.<\/span><\/p>\n<p>&nbsp;<\/p>\n<p><span style=\"font-weight: 400;\">I aquest \u201co aix\u00f2 o res\u201d t\u00e9 grans implicacions vitals, per exemple una absolutament necess\u00e0ria: assumir el frac\u00e0s, els fracassos.<\/span><\/p>\n<p><span style=\"font-weight: 400;\">Si no estem disposats a aix\u00f2, millor no iniciar res, perqu\u00e8 se&#8217;ns posaran traves fins a aconseguir el nostre objectiu per a comprovar de quina forja estem fets, les nostres fortaleses i febleses es faran presents en el cam\u00ed i nom\u00e9s aquells, -aix\u00f2 \u00e9s un t\u00f2pic real-, que siguin capa\u00e7os d&#8217;aixecar-se despr\u00e9s de cada caiguda aconseguiran aconseguir-ho.<\/span><\/p>\n<p>&nbsp;<\/p>\n<p><span style=\"font-weight: 400;\">Recapitulem:<\/span><\/p>\n<p>&nbsp;<\/p>\n<ul>\n<li style=\"font-weight: 400;\" aria-level=\"1\"><span style=\"font-weight: 400;\">Ens mostren el que hi ha darrere de la porta (\u00e9s a dir el m\u00f3n ens fa percebre el cam\u00ed dels nostres talents)<\/span><\/li>\n<li style=\"font-weight: 400;\" aria-level=\"1\"><span style=\"font-weight: 400;\">Fe, determinaci\u00f3 i perseveran\u00e7a<\/span><\/li>\n<li style=\"font-weight: 400;\" aria-level=\"1\"><span style=\"font-weight: 400;\">Necessitat de fer-ho<\/span><\/li>\n<li style=\"font-weight: 400;\" aria-level=\"1\"><span style=\"font-weight: 400;\">Acceptaci\u00f3 de l&#8217;o els fracassos temporals<\/span><\/li>\n<\/ul>\n<p>&nbsp;<\/p>\n<p><span style=\"font-weight: 400;\">Encara hi ha m\u00e9s,<\/span><\/p>\n<p>&nbsp;<\/p>\n<p><span style=\"font-weight: 400;\">desagafar-se del nucli de partida i buscar la transcend\u00e8ncia de l&#8217;obra, no de l&#8217;ego.\u00a0<\/span><\/p>\n<p>&nbsp;<\/p>\n<ul>\n<li style=\"font-weight: 400;\" aria-level=\"1\"><span style=\"font-weight: 400;\">Si el que cerques \u00e9s la gl\u00f2ria de tu ego, prepara&#8217;t a rebre els majors cops que la vida t&#8217;estigui reservant.<\/span><\/li>\n<\/ul>\n<p><span style=\"font-weight: 400;\">Els eg\u00f2latres a m\u00e9s de ser terriblement est\u00fapids, des d&#8217;una perspectiva existencial, s\u00f3n, probablement, els \u00e9ssers m\u00e9s, mentalment, castigats de la terra. No hi ha pau interna per a ning\u00fa que tot ho realitzi en honor de la seva persona-.<\/span><\/p>\n<p>&nbsp;<\/p>\n<p><span style=\"font-weight: 400;\">Desagafar-se no \u00e9s el mateix que desvincular-se.<\/span><\/p>\n<p><span style=\"font-weight: 400;\">Pots transcendir el m\u00f3n en el qual t&#8217;ha tocat n\u00e9ixer: fam\u00edlia, amics, creences tradicionals de l&#8217;entorn, lloc geogr\u00e0fic i, al temps, mantenir vincles emocionals amb ells, fins i tot des de la dist\u00e0ncia.<\/span><\/p>\n<p>&nbsp;<\/p>\n<p><span style=\"font-weight: 400;\">La vida pot estar requerint de tu, per a plasmar la teva obra, sigui art\u00edstica, cient\u00edfica, liter\u00e0ria, esportiva, empresarial, etc., un acte de fe.\u00a0<\/span><\/p>\n<p><span style=\"font-weight: 400;\">Una prova de superaci\u00f3 de les teves pors, per\u00f2 no una \u201cboutade\u201d, un moviment absurd i sense sentit, sin\u00f3 un comprom\u00eds amb el teu cam\u00ed que requerir\u00e0 que deixis els agafadors per a iniciar el vol.<\/span><\/p>\n<p>&nbsp;<\/p>\n<p><span style=\"font-weight: 400;\">Per a anar acabant, vivim en una societat bastant desballestada sota la fr\u00edvola aparen\u00e7a de llibertat i drets.<\/span><\/p>\n<p><span style=\"font-weight: 400;\">Per aix\u00f2, caldr\u00e0 aprendre a triar i a no frustrar-te quan t&#8217;allunyis de les masses i els seus vedells d&#8217;or.<\/span><\/p>\n<p>&nbsp;<\/p>\n<p><span style=\"font-weight: 400;\">Cerca a aquells que, potser com tu, i tens l&#8217;edat que tinguis, necessiten sortir del fang per a donar compliment a la major comesa, simb\u00f2lica, que pugui tenir qualsevol hum\u00e0: <\/span><i><span style=\"font-weight: 400;\">\u201cSer all\u00f2 que vas venir a ser\u201d i \u201cplasmar-ho al llarg de la teva exist\u00e8ncia\u201d.<\/span><\/i><\/p>\n<p>&nbsp;<\/p>\n<p style=\"text-align: right;\"><span style=\"font-weight: 400;\">Dami\u00e1n Ruiz<\/span><\/p>\n<p style=\"text-align: right;\"><span style=\"font-weight: 400;\">Barcelona, 12 de Juliol, 2023<\/span><\/p>\n<p style=\"text-align: right;\"><a href=\"http:\/\/www.damianruiz.eu\"><span style=\"font-weight: 400;\">www.damianruiz.eu<\/span><\/a><\/p>\n","protected":false},"excerpt":{"rendered":"<p>Si ens alliber\u00e9ssim dels nostres prejudicis, de les nostres pors, de les nostres inseguretats i dels patrons m\u00e9s r\u00edgids que [&hellip;]<\/p>\n","protected":false},"author":3,"featured_media":1783,"comment_status":"closed","ping_status":"closed","sticky":false,"template":"","format":"standard","meta":{"_uag_custom_page_level_css":"","site-sidebar-layout":"default","site-content-layout":"","ast-site-content-layout":"default","site-content-style":"default","site-sidebar-style":"default","ast-global-header-display":"","ast-banner-title-visibility":"","ast-main-header-display":"","ast-hfb-above-header-display":"","ast-hfb-below-header-display":"","ast-hfb-mobile-header-display":"","site-post-title":"","ast-breadcrumbs-content":"","ast-featured-img":"","footer-sml-layout":"","theme-transparent-header-meta":"","adv-header-id-meta":"","stick-header-meta":"","header-above-stick-meta":"","header-main-stick-meta":"","header-below-stick-meta":"","astra-migrate-meta-layouts":"default","ast-page-background-enabled":"default","ast-page-background-meta":{"desktop":{"background-color":"var(--ast-global-color-4)","background-image":"","background-repeat":"repeat","background-position":"center center","background-size":"auto","background-attachment":"scroll","background-type":"","background-media":"","overlay-type":"","overlay-color":"","overlay-opacity":"","overlay-gradient":""},"tablet":{"background-color":"","background-image":"","background-repeat":"repeat","background-position":"center center","background-size":"auto","background-attachment":"scroll","background-type":"","background-media":"","overlay-type":"","overlay-color":"","overlay-opacity":"","overlay-gradient":""},"mobile":{"background-color":"","background-image":"","background-repeat":"repeat","background-position":"center center","background-size":"auto","background-attachment":"scroll","background-type":"","background-media":"","overlay-type":"","overlay-color":"","overlay-opacity":"","overlay-gradient":""}},"ast-content-background-meta":{"desktop":{"background-color":"var(--ast-global-color-5)","background-image":"","background-repeat":"repeat","background-position":"center center","background-size":"auto","background-attachment":"scroll","background-type":"","background-media":"","overlay-type":"","overlay-color":"","overlay-opacity":"","overlay-gradient":""},"tablet":{"background-color":"var(--ast-global-color-5)","background-image":"","background-repeat":"repeat","background-position":"center center","background-size":"auto","background-attachment":"scroll","background-type":"","background-media":"","overlay-type":"","overlay-color":"","overlay-opacity":"","overlay-gradient":""},"mobile":{"background-color":"var(--ast-global-color-5)","background-image":"","background-repeat":"repeat","background-position":"center center","background-size":"auto","background-attachment":"scroll","background-type":"","background-media":"","overlay-type":"","overlay-color":"","overlay-opacity":"","overlay-gradient":""}},"footnotes":""},"categories":[],"tags":[],"class_list":["post-1788","post","type-post","status-publish","format-standard","has-post-thumbnail","hentry"],"yoast_head":"<!-- This site is optimized with the Yoast SEO plugin v27.5 - https:\/\/yoast.com\/product\/yoast-seo-wordpress\/ -->\n<title>El m\u00f3n com a s\u00edmbol<\/title>\n<meta name=\"description\" content=\"El m\u00f3n com a s\u00edmbol. Si ens alliber\u00e9ssim dels nostres prejudicis, de les nostres pors, de les nostres inseguretats i dels patrons...\" \/>\n<meta name=\"robots\" content=\"index, follow, max-snippet:-1, max-image-preview:large, max-video-preview:-1\" \/>\n<link rel=\"canonical\" href=\"https:\/\/damianruiz.eu\/ca\/el-mon-com-a-simbol\/\" \/>\n<meta property=\"og:locale\" content=\"ca_ES\" \/>\n<meta property=\"og:type\" content=\"article\" \/>\n<meta property=\"og:title\" content=\"El m\u00f3n com a s\u00edmbol\" \/>\n<meta property=\"og:description\" content=\"El m\u00f3n com a s\u00edmbol. Si ens alliber\u00e9ssim dels nostres prejudicis, de les nostres pors, de les nostres inseguretats i dels patrons...\" \/>\n<meta property=\"og:url\" content=\"https:\/\/damianruiz.eu\/ca\/el-mon-com-a-simbol\/\" \/>\n<meta property=\"og:site_name\" content=\"Dami\u00e1n Ruiz\" \/>\n<meta property=\"article:published_time\" content=\"2023-07-14T08:38:12+00:00\" \/>\n<meta property=\"article:modified_time\" content=\"2023-07-14T08:45:38+00:00\" \/>\n<meta property=\"og:image\" content=\"https:\/\/damianruiz.eu\/wp-content\/uploads\/2023\/07\/El-mundo-como-simbolo.jpg\" \/>\n\t<meta property=\"og:image:width\" content=\"905\" \/>\n\t<meta property=\"og:image:height\" content=\"1280\" \/>\n\t<meta property=\"og:image:type\" content=\"image\/jpeg\" \/>\n<meta name=\"author\" content=\"miguel\" \/>\n<meta name=\"twitter:card\" content=\"summary_large_image\" \/>\n<meta name=\"twitter:label1\" content=\"Escrit per\" \/>\n\t<meta name=\"twitter:data1\" content=\"miguel\" \/>\n\t<meta name=\"twitter:label2\" content=\"Temps estimat de lectura\" \/>\n\t<meta name=\"twitter:data2\" content=\"6 minuts\" \/>\n<script type=\"application\/ld+json\" class=\"yoast-schema-graph\">{\"@context\":\"https:\\\/\\\/schema.org\",\"@graph\":[{\"@type\":\"Article\",\"@id\":\"https:\\\/\\\/damianruiz.eu\\\/ca\\\/el-mon-com-a-simbol\\\/#article\",\"isPartOf\":{\"@id\":\"https:\\\/\\\/damianruiz.eu\\\/ca\\\/el-mon-com-a-simbol\\\/\"},\"author\":{\"name\":\"miguel\",\"@id\":\"https:\\\/\\\/damianruiz.eu\\\/#\\\/schema\\\/person\\\/e444b3c1061a0d360f27766e132c9832\"},\"headline\":\"El m\u00f3n com a s\u00edmbol\",\"datePublished\":\"2023-07-14T08:38:12+00:00\",\"dateModified\":\"2023-07-14T08:45:38+00:00\",\"mainEntityOfPage\":{\"@id\":\"https:\\\/\\\/damianruiz.eu\\\/ca\\\/el-mon-com-a-simbol\\\/\"},\"wordCount\":1355,\"publisher\":{\"@id\":\"https:\\\/\\\/damianruiz.eu\\\/#organization\"},\"image\":{\"@id\":\"https:\\\/\\\/damianruiz.eu\\\/ca\\\/el-mon-com-a-simbol\\\/#primaryimage\"},\"thumbnailUrl\":\"https:\\\/\\\/damianruiz.eu\\\/wp-content\\\/uploads\\\/2023\\\/07\\\/El-mundo-como-simbolo.jpg\",\"inLanguage\":\"ca\"},{\"@type\":\"WebPage\",\"@id\":\"https:\\\/\\\/damianruiz.eu\\\/ca\\\/el-mon-com-a-simbol\\\/\",\"url\":\"https:\\\/\\\/damianruiz.eu\\\/ca\\\/el-mon-com-a-simbol\\\/\",\"name\":\"El m\u00f3n com a s\u00edmbol\",\"isPartOf\":{\"@id\":\"https:\\\/\\\/damianruiz.eu\\\/#website\"},\"primaryImageOfPage\":{\"@id\":\"https:\\\/\\\/damianruiz.eu\\\/ca\\\/el-mon-com-a-simbol\\\/#primaryimage\"},\"image\":{\"@id\":\"https:\\\/\\\/damianruiz.eu\\\/ca\\\/el-mon-com-a-simbol\\\/#primaryimage\"},\"thumbnailUrl\":\"https:\\\/\\\/damianruiz.eu\\\/wp-content\\\/uploads\\\/2023\\\/07\\\/El-mundo-como-simbolo.jpg\",\"datePublished\":\"2023-07-14T08:38:12+00:00\",\"dateModified\":\"2023-07-14T08:45:38+00:00\",\"description\":\"El m\u00f3n com a s\u00edmbol. Si ens alliber\u00e9ssim dels nostres prejudicis, de les nostres pors, de les nostres inseguretats i dels patrons...\",\"breadcrumb\":{\"@id\":\"https:\\\/\\\/damianruiz.eu\\\/ca\\\/el-mon-com-a-simbol\\\/#breadcrumb\"},\"inLanguage\":\"ca\",\"potentialAction\":[{\"@type\":\"ReadAction\",\"target\":[\"https:\\\/\\\/damianruiz.eu\\\/ca\\\/el-mon-com-a-simbol\\\/\"]}]},{\"@type\":\"ImageObject\",\"inLanguage\":\"ca\",\"@id\":\"https:\\\/\\\/damianruiz.eu\\\/ca\\\/el-mon-com-a-simbol\\\/#primaryimage\",\"url\":\"https:\\\/\\\/damianruiz.eu\\\/wp-content\\\/uploads\\\/2023\\\/07\\\/El-mundo-como-simbolo.jpg\",\"contentUrl\":\"https:\\\/\\\/damianruiz.eu\\\/wp-content\\\/uploads\\\/2023\\\/07\\\/El-mundo-como-simbolo.jpg\",\"width\":905,\"height\":1280},{\"@type\":\"BreadcrumbList\",\"@id\":\"https:\\\/\\\/damianruiz.eu\\\/ca\\\/el-mon-com-a-simbol\\\/#breadcrumb\",\"itemListElement\":[{\"@type\":\"ListItem\",\"position\":1,\"name\":\"Portada\",\"item\":\"https:\\\/\\\/damianruiz.eu\\\/ca\\\/\"},{\"@type\":\"ListItem\",\"position\":2,\"name\":\"El m\u00f3n com a s\u00edmbol\"}]},{\"@type\":\"WebSite\",\"@id\":\"https:\\\/\\\/damianruiz.eu\\\/#website\",\"url\":\"https:\\\/\\\/damianruiz.eu\\\/\",\"name\":\"Dami\u00e1n Ruiz\",\"description\":\"Licenciado y Postgraduado en Psicolog\u00eda por la Universidad de Barcelona.\",\"publisher\":{\"@id\":\"https:\\\/\\\/damianruiz.eu\\\/#organization\"},\"potentialAction\":[{\"@type\":\"SearchAction\",\"target\":{\"@type\":\"EntryPoint\",\"urlTemplate\":\"https:\\\/\\\/damianruiz.eu\\\/?s={search_term_string}\"},\"query-input\":{\"@type\":\"PropertyValueSpecification\",\"valueRequired\":true,\"valueName\":\"search_term_string\"}}],\"inLanguage\":\"ca\"},{\"@type\":\"Organization\",\"@id\":\"https:\\\/\\\/damianruiz.eu\\\/#organization\",\"name\":\"Dami\u00e1n Ruiz\",\"url\":\"https:\\\/\\\/damianruiz.eu\\\/\",\"logo\":{\"@type\":\"ImageObject\",\"inLanguage\":\"ca\",\"@id\":\"https:\\\/\\\/damianruiz.eu\\\/#\\\/schema\\\/logo\\\/image\\\/\",\"url\":\"https:\\\/\\\/damianruiz.eu\\\/wp-content\\\/uploads\\\/2024\\\/04\\\/cropped-logo-2024-damian-ruiz-233.png\",\"contentUrl\":\"https:\\\/\\\/damianruiz.eu\\\/wp-content\\\/uploads\\\/2024\\\/04\\\/cropped-logo-2024-damian-ruiz-233.png\",\"width\":233,\"height\":60,\"caption\":\"Dami\u00e1n Ruiz\"},\"image\":{\"@id\":\"https:\\\/\\\/damianruiz.eu\\\/#\\\/schema\\\/logo\\\/image\\\/\"}},{\"@type\":\"Person\",\"@id\":\"https:\\\/\\\/damianruiz.eu\\\/#\\\/schema\\\/person\\\/e444b3c1061a0d360f27766e132c9832\",\"name\":\"miguel\",\"url\":\"https:\\\/\\\/damianruiz.eu\\\/ca\\\/author\\\/miguel\\\/\"}]}<\/script>\n<!-- \/ Yoast SEO plugin. -->","yoast_head_json":{"title":"El m\u00f3n com a s\u00edmbol","description":"El m\u00f3n com a s\u00edmbol. Si ens alliber\u00e9ssim dels nostres prejudicis, de les nostres pors, de les nostres inseguretats i dels patrons...","robots":{"index":"index","follow":"follow","max-snippet":"max-snippet:-1","max-image-preview":"max-image-preview:large","max-video-preview":"max-video-preview:-1"},"canonical":"https:\/\/damianruiz.eu\/ca\/el-mon-com-a-simbol\/","og_locale":"ca_ES","og_type":"article","og_title":"El m\u00f3n com a s\u00edmbol","og_description":"El m\u00f3n com a s\u00edmbol. Si ens alliber\u00e9ssim dels nostres prejudicis, de les nostres pors, de les nostres inseguretats i dels patrons...","og_url":"https:\/\/damianruiz.eu\/ca\/el-mon-com-a-simbol\/","og_site_name":"Dami\u00e1n Ruiz","article_published_time":"2023-07-14T08:38:12+00:00","article_modified_time":"2023-07-14T08:45:38+00:00","og_image":[{"width":905,"height":1280,"url":"https:\/\/damianruiz.eu\/wp-content\/uploads\/2023\/07\/El-mundo-como-simbolo.jpg","type":"image\/jpeg"}],"author":"miguel","twitter_card":"summary_large_image","twitter_misc":{"Escrit per":"miguel","Temps estimat de lectura":"6 minuts"},"schema":{"@context":"https:\/\/schema.org","@graph":[{"@type":"Article","@id":"https:\/\/damianruiz.eu\/ca\/el-mon-com-a-simbol\/#article","isPartOf":{"@id":"https:\/\/damianruiz.eu\/ca\/el-mon-com-a-simbol\/"},"author":{"name":"miguel","@id":"https:\/\/damianruiz.eu\/#\/schema\/person\/e444b3c1061a0d360f27766e132c9832"},"headline":"El m\u00f3n com a s\u00edmbol","datePublished":"2023-07-14T08:38:12+00:00","dateModified":"2023-07-14T08:45:38+00:00","mainEntityOfPage":{"@id":"https:\/\/damianruiz.eu\/ca\/el-mon-com-a-simbol\/"},"wordCount":1355,"publisher":{"@id":"https:\/\/damianruiz.eu\/#organization"},"image":{"@id":"https:\/\/damianruiz.eu\/ca\/el-mon-com-a-simbol\/#primaryimage"},"thumbnailUrl":"https:\/\/damianruiz.eu\/wp-content\/uploads\/2023\/07\/El-mundo-como-simbolo.jpg","inLanguage":"ca"},{"@type":"WebPage","@id":"https:\/\/damianruiz.eu\/ca\/el-mon-com-a-simbol\/","url":"https:\/\/damianruiz.eu\/ca\/el-mon-com-a-simbol\/","name":"El m\u00f3n com a s\u00edmbol","isPartOf":{"@id":"https:\/\/damianruiz.eu\/#website"},"primaryImageOfPage":{"@id":"https:\/\/damianruiz.eu\/ca\/el-mon-com-a-simbol\/#primaryimage"},"image":{"@id":"https:\/\/damianruiz.eu\/ca\/el-mon-com-a-simbol\/#primaryimage"},"thumbnailUrl":"https:\/\/damianruiz.eu\/wp-content\/uploads\/2023\/07\/El-mundo-como-simbolo.jpg","datePublished":"2023-07-14T08:38:12+00:00","dateModified":"2023-07-14T08:45:38+00:00","description":"El m\u00f3n com a s\u00edmbol. Si ens alliber\u00e9ssim dels nostres prejudicis, de les nostres pors, de les nostres inseguretats i dels patrons...","breadcrumb":{"@id":"https:\/\/damianruiz.eu\/ca\/el-mon-com-a-simbol\/#breadcrumb"},"inLanguage":"ca","potentialAction":[{"@type":"ReadAction","target":["https:\/\/damianruiz.eu\/ca\/el-mon-com-a-simbol\/"]}]},{"@type":"ImageObject","inLanguage":"ca","@id":"https:\/\/damianruiz.eu\/ca\/el-mon-com-a-simbol\/#primaryimage","url":"https:\/\/damianruiz.eu\/wp-content\/uploads\/2023\/07\/El-mundo-como-simbolo.jpg","contentUrl":"https:\/\/damianruiz.eu\/wp-content\/uploads\/2023\/07\/El-mundo-como-simbolo.jpg","width":905,"height":1280},{"@type":"BreadcrumbList","@id":"https:\/\/damianruiz.eu\/ca\/el-mon-com-a-simbol\/#breadcrumb","itemListElement":[{"@type":"ListItem","position":1,"name":"Portada","item":"https:\/\/damianruiz.eu\/ca\/"},{"@type":"ListItem","position":2,"name":"El m\u00f3n com a s\u00edmbol"}]},{"@type":"WebSite","@id":"https:\/\/damianruiz.eu\/#website","url":"https:\/\/damianruiz.eu\/","name":"Dami\u00e1n Ruiz","description":"Licenciado y Postgraduado en Psicolog\u00eda por la Universidad de Barcelona.","publisher":{"@id":"https:\/\/damianruiz.eu\/#organization"},"potentialAction":[{"@type":"SearchAction","target":{"@type":"EntryPoint","urlTemplate":"https:\/\/damianruiz.eu\/?s={search_term_string}"},"query-input":{"@type":"PropertyValueSpecification","valueRequired":true,"valueName":"search_term_string"}}],"inLanguage":"ca"},{"@type":"Organization","@id":"https:\/\/damianruiz.eu\/#organization","name":"Dami\u00e1n Ruiz","url":"https:\/\/damianruiz.eu\/","logo":{"@type":"ImageObject","inLanguage":"ca","@id":"https:\/\/damianruiz.eu\/#\/schema\/logo\/image\/","url":"https:\/\/damianruiz.eu\/wp-content\/uploads\/2024\/04\/cropped-logo-2024-damian-ruiz-233.png","contentUrl":"https:\/\/damianruiz.eu\/wp-content\/uploads\/2024\/04\/cropped-logo-2024-damian-ruiz-233.png","width":233,"height":60,"caption":"Dami\u00e1n Ruiz"},"image":{"@id":"https:\/\/damianruiz.eu\/#\/schema\/logo\/image\/"}},{"@type":"Person","@id":"https:\/\/damianruiz.eu\/#\/schema\/person\/e444b3c1061a0d360f27766e132c9832","name":"miguel","url":"https:\/\/damianruiz.eu\/ca\/author\/miguel\/"}]}},"uagb_featured_image_src":{"full":["https:\/\/damianruiz.eu\/wp-content\/uploads\/2023\/07\/El-mundo-como-simbolo.jpg",905,1280,false],"thumbnail":["https:\/\/damianruiz.eu\/wp-content\/uploads\/2023\/07\/El-mundo-como-simbolo-150x150.jpg",150,150,true],"medium":["https:\/\/damianruiz.eu\/wp-content\/uploads\/2023\/07\/El-mundo-como-simbolo-212x300.jpg",212,300,true],"medium_large":["https:\/\/damianruiz.eu\/wp-content\/uploads\/2023\/07\/El-mundo-como-simbolo-768x1086.jpg",768,1086,true],"large":["https:\/\/damianruiz.eu\/wp-content\/uploads\/2023\/07\/El-mundo-como-simbolo-724x1024.jpg",724,1024,true],"1536x1536":["https:\/\/damianruiz.eu\/wp-content\/uploads\/2023\/07\/El-mundo-como-simbolo.jpg",905,1280,false],"2048x2048":["https:\/\/damianruiz.eu\/wp-content\/uploads\/2023\/07\/El-mundo-como-simbolo.jpg",905,1280,false]},"uagb_author_info":{"display_name":"miguel","author_link":"https:\/\/damianruiz.eu\/ca\/author\/miguel\/"},"uagb_comment_info":0,"uagb_excerpt":"Si ens alliber\u00e9ssim dels nostres prejudicis, de les nostres pors, de les nostres inseguretats i dels patrons m\u00e9s r\u00edgids que [&hellip;]","_links":{"self":[{"href":"https:\/\/damianruiz.eu\/ca\/wp-json\/wp\/v2\/posts\/1788","targetHints":{"allow":["GET"]}}],"collection":[{"href":"https:\/\/damianruiz.eu\/ca\/wp-json\/wp\/v2\/posts"}],"about":[{"href":"https:\/\/damianruiz.eu\/ca\/wp-json\/wp\/v2\/types\/post"}],"author":[{"embeddable":true,"href":"https:\/\/damianruiz.eu\/ca\/wp-json\/wp\/v2\/users\/3"}],"replies":[{"embeddable":true,"href":"https:\/\/damianruiz.eu\/ca\/wp-json\/wp\/v2\/comments?post=1788"}],"version-history":[{"count":2,"href":"https:\/\/damianruiz.eu\/ca\/wp-json\/wp\/v2\/posts\/1788\/revisions"}],"predecessor-version":[{"id":1790,"href":"https:\/\/damianruiz.eu\/ca\/wp-json\/wp\/v2\/posts\/1788\/revisions\/1790"}],"wp:featuredmedia":[{"embeddable":true,"href":"https:\/\/damianruiz.eu\/ca\/wp-json\/wp\/v2\/media\/1783"}],"wp:attachment":[{"href":"https:\/\/damianruiz.eu\/ca\/wp-json\/wp\/v2\/media?parent=1788"}],"wp:term":[{"taxonomy":"category","embeddable":true,"href":"https:\/\/damianruiz.eu\/ca\/wp-json\/wp\/v2\/categories?post=1788"},{"taxonomy":"post_tag","embeddable":true,"href":"https:\/\/damianruiz.eu\/ca\/wp-json\/wp\/v2\/tags?post=1788"}],"curies":[{"name":"wp","href":"https:\/\/api.w.org\/{rel}","templated":true}]}}