{"id":1813,"date":"2023-09-05T07:53:38","date_gmt":"2023-09-05T07:53:38","guid":{"rendered":"https:\/\/damianruiz.eu\/?p=1813"},"modified":"2023-09-05T07:53:38","modified_gmt":"2023-09-05T07:53:38","slug":"la-depressio-major-cronica","status":"publish","type":"post","link":"https:\/\/damianruiz.eu\/ca\/la-depressio-major-cronica\/","title":{"rendered":"La depressi\u00f3 major cr\u00f2nica"},"content":{"rendered":"<p><span style=\"font-weight: 400;\">Que sigui cr\u00f2nica no vol dir incurable.\u00a0<\/span><\/p>\n<p><span style=\"font-weight: 400;\">Si tingu\u00e9s una visi\u00f3 organicista dels problemes mentals, ni seria psic\u00f2leg ni em dedicaria a la ter\u00e0pia.<\/span><\/p>\n<p><span style=\"font-weight: 400;\">Perqu\u00e8, com he dit en nombroses ocasions, existeix una predisposici\u00f3 gen\u00e8tica per\u00f2 l&#8217;ambient i els canvis en l&#8217;estil de vida, a m\u00e9s del tractament psicol\u00f2gic i farmacol\u00f2gic, poden fer que un trastorn s&#8217;instal\u00b7li de manera definitiva o durant un llarg per\u00edode de temps o b\u00e9 que es pugui arribar a superar o a reduir significativament.<\/span><\/p>\n<p>&nbsp;<\/p>\n<p><span style=\"font-weight: 400;\">I com, fonamentalment, em dedico al tractament dels trastorns obsessius, en els quals moltes vegades existeix una depressi\u00f3 latent, la depressi\u00f3 major, una altra de les meves \u00e0rees d&#8217;inter\u00e8s cl\u00ednic, la tracto amb menys freq\u00fc\u00e8ncia.<\/span><\/p>\n<p>&nbsp;<\/p>\n<p><span style=\"font-weight: 400;\">En tot cas, en aquest article del blog, procurar\u00e9 explicar, des de la meva perspectiva cl\u00ednica, que succeeix en la psique d&#8217;una persona que pateix aquest problema.<\/span><\/p>\n<p>&nbsp;<\/p>\n<p><span style=\"font-weight: 400;\">En primer lloc, donem per fet que hi hagi una gen\u00e8tica predisponent, com he comentat abans. Fins a quin punt est\u00e0 obligada a manifestar-se tal tend\u00e8ncia? Seran necessaris desencadenants ambientals? No s\u00f3c bi\u00f2leg ni genetista per\u00f2 hi ha una certa discussi\u00f3 sobre aquests aspectes encara que en el m\u00f3n cient\u00edfic i en la medicina d&#8217;alt nivell es prioritza la idea que la gen\u00e8tica s&#8217;expressa passi el que passi, tard o d&#8217;hora.<\/span><\/p>\n<p>&nbsp;<\/p>\n<p><span style=\"font-weight: 400;\">En canvi hi ha estudis que ens parlen de la plasticitat del cervell i de com les circumst\u00e0ncies ambientals poden modificar la predisposici\u00f3 biol\u00f2gica d&#8217;un individu.<\/span><\/p>\n<p>&nbsp;<\/p>\n<p><span style=\"font-weight: 400;\">Davant aix\u00f2, els psic\u00f2legs tenim l&#8217;obligaci\u00f3 de treballar com si un problema pogu\u00e9s, com a m\u00ednim, millorar-se.<\/span><\/p>\n<p>&nbsp;<\/p>\n<p><span style=\"font-weight: 400;\">Llavors, gen\u00e8tica i, a m\u00e9s qu\u00e8 ha ocorregut en la vida d&#8217;aquesta persona? Imaginem diferents tipus de circumst\u00e0ncies: ab\u00fas sexual, maltractament f\u00edsic o ps\u00edquic, privaci\u00f3 afectiva, aband\u00f3, tot tipus de situacions altament estressants, principalment en la inf\u00e0ncia o l&#8217;adolesc\u00e8ncia.<\/span><\/p>\n<p>&nbsp;<\/p>\n<p><span style=\"font-weight: 400;\">S&#8217;ha produ\u00eft una ferida, i com sol tractar la persona afectada de superar aquesta ferida?<\/span><\/p>\n<p><span style=\"font-weight: 400;\">Construint una estructura de personalitat a partir de l&#8217;ego, del Jo, una idea, normalment molt normativa de com hauria de ser la vida, la qual cosa no deixa de ser una entel\u00e8quia en la qual caldr\u00e0 posar molta obstinaci\u00f3.<\/span><\/p>\n<p><span style=\"font-weight: 400;\">Com \u00e9s el problema? Que no t\u00e9 for\u00e7a per a sostenir aquesta construcci\u00f3, cada vegada que s&#8217;intenta mantenir-la, cau, una vegada i una altra.<\/span><\/p>\n<p><span style=\"font-weight: 400;\">Per\u00f2 a m\u00e9s hi ha un altre factor, molt important, les ferides emocionals rebudes, han trencat la possibilitat que s&#8217;expressi la veritable naturalesa de la persona.<\/span><\/p>\n<p>&nbsp;<\/p>\n<p><span style=\"font-weight: 400;\">Cap \u00e9sser hum\u00e0 \u00e9s completament normatiu, en major o menor mesura, tots tenim elements peculiars i minoritaris, i som d&#8217;una determinada manera, la qual cosa Jung diria \u201carquetips\u201d, \u00e9s a dir estructures de personalitat diferenciades i essencials que corresponen a la veritable naturalesa de cada individu. Doncs b\u00e9 aix\u00f2 tamb\u00e9 est\u00e0 profundament danyat.<\/span><\/p>\n<p>&nbsp;<\/p>\n<p><span style=\"font-weight: 400;\">Ens trobem que el pacient depressiu cr\u00f2nic (i m\u00e9s enll\u00e0 de la gen\u00e8tica):<\/span><\/p>\n<p>&nbsp;<\/p>\n<ul>\n<li style=\"font-weight: 400;\" aria-level=\"1\"><span style=\"font-weight: 400;\">Ha estat ferit \u201cps\u00edquicament\u201d en algun moment de la seva vida, d&#8217;una manera greu.<\/span><\/li>\n<li style=\"font-weight: 400;\" aria-level=\"1\"><span style=\"font-weight: 400;\">En funci\u00f3 d&#8217;aix\u00f2 ha constru\u00eft \u201cmentalment\u201d una identitat normativa idealitzada. \u201cPer a sortir d&#8217;aquesta depressi\u00f3 haig de ser aix\u00ed\u201d.<\/span><\/li>\n<li style=\"font-weight: 400;\" aria-level=\"1\"><span style=\"font-weight: 400;\">Ha sacrificat, inconscientment, la seva veritable naturalesa, que va ser ferida, en nom d&#8217;una personalitat normativa que encaix perfectament amb les demandes socials.<\/span><\/li>\n<li style=\"font-weight: 400;\" aria-level=\"1\"><span style=\"font-weight: 400;\">No t\u00e9 la for\u00e7a ps\u00edquica ni f\u00edsica per a sostenir aquesta construcci\u00f3 mental, per tant falla cada vegada que ho intenta i acaba prostrat d&#8217;una profunda fatiga a tots els nivells.<\/span><\/li>\n<\/ul>\n<p>&nbsp;<\/p>\n<p><span style=\"font-weight: 400;\">Qu\u00e8 caldria fer te\u00f2ricament?<\/span><\/p>\n<p>&nbsp;<\/p>\n<p><span style=\"font-weight: 400;\">Descobrir la identitat primig\u00e8nia, l&#8217;arquetip essencial, la identitat m\u00e9s pr\u00f2xima a l&#8217;\u00e9sser.<\/span><\/p>\n<p><span style=\"font-weight: 400;\">Treballar perqu\u00e8 aquesta identitat torni a expressar-se.<\/span><\/p>\n<p><span style=\"font-weight: 400;\">Renunciar a la normativitat (alguna cosa que per cert sempre afavoreix l&#8217;entorn, \u00e9s a dir apuntala els aspectes m\u00e9s \u201cnormatius\u201d, valgui la redund\u00e0ncia, \u201csortir, buscar treball, tenir amics, con\u00e8ixer una noia\/o, fer esport, \u2026\u201d).<\/span><\/p>\n<p><span style=\"font-weight: 400;\">Tot moviment, tant f\u00edsic com ps\u00edquic, ha d&#8217;anar dirigit a recuperar la identitat ess\u00e8ncia i, a vegades aquesta, difereix substancialment del que s&#8217;espera d&#8217;alg\u00fa i, de forma protot\u00edpica, en funci\u00f3 de la seva edat i el seu g\u00e8nere.<\/span><\/p>\n<p>&nbsp;<\/p>\n<p><span style=\"font-weight: 400;\">\u00c9s cert que, per a un sector de la psicologia i de la ci\u00e8ncia, els \u00e9ssers humans som clons que nom\u00e9s ens diferenciem en funci\u00f3 de com ens ensinistrin.<\/span><\/p>\n<p><span style=\"font-weight: 400;\">Per a uns altres, entre els quals m&#8217;incloc, des del moment de la concepci\u00f3, un ja \u00e9s diferent i particular respecte als altres, i l&#8217;ambient posterior influir\u00e0 en aix\u00f2 per\u00f2\u2026fins a un cert punt.<\/span><\/p>\n<p>&nbsp;<\/p>\n<p><span style=\"font-weight: 400;\">Per aix\u00f2 \u00e9s important saber qui \u00e9s, de base i profundament, m\u00e9s enll\u00e0 de les expectatives de l&#8217;entorn i de la seva pr\u00f2pia creaci\u00f3, artificiosa, de creences, el pacient.<\/span><\/p>\n<p>&nbsp;<\/p>\n<p><span style=\"font-weight: 400;\">A partir d&#8217;aqu\u00ed, cal activar i dinamitzar l&#8217;organisme, al mateix temps que l&#8217;energia es canalitza a tractar de reconstruir la persona que, essencialment, \u00e9s.<\/span><\/p>\n<p>&nbsp;<\/p>\n<p><span style=\"font-weight: 400;\">Per\u00f2\u2026encara hi ha m\u00e9s\u2026 qu\u00e8 passa si les \u201cferides\u201d impedeixen reconstruir el \u201carquetip essencial\u201d, \u00e9s a dir la veritable naturalesa d&#8217;aquest \u00e9sser?<\/span><\/p>\n<p><span style=\"font-weight: 400;\">I si\u2026 el lle\u00f3 ja no pogu\u00e9s ser lle\u00f3? Si ressona, en ell o ella, no ja una naturalesa adaptativa sin\u00f3 una ess\u00e8ncia que t\u00e9 unes caracter\u00edstiques que degudes al \u201cmal rebut\u201d s\u00f3n molt dif\u00edcils de recuperar? Qu\u00e8 fer?<\/span><\/p>\n<p><span style=\"font-weight: 400;\">La pregunta \u00e9s quantes maneres tindria un, simb\u00f2licament, de ser lle\u00f3? Si no puc, per exemple, ser un dirigent determinat i atrevit, en qualsevol \u00e0mbit, podria escriure sobre aix\u00f2?<\/span><\/p>\n<p><span style=\"font-weight: 400;\">El que vull expressar \u00e9s que, a vegades, la naturalesa essencial no pot expressar-se d&#8217;una forma directa i, llavors, es fa necess\u00e0ria, la sublimaci\u00f3, la intel\u00b7lectualitzaci\u00f3, o altres mecanismes ps\u00edquics que donin vida a all\u00f2 que potser costa molt d&#8217;expressar d&#8217;una forma directa.<\/span><\/p>\n<p>&nbsp;<\/p>\n<p><span style=\"font-weight: 400;\">En resum, el pitjor \u00e9s no tenir en compte el sofert, l&#8217;esdevingut, i, al temps, tractar de construir una falsa personalitat sobreadaptada.<\/span><\/p>\n<p><span style=\"font-weight: 400;\">Acceptar les ferides i les seves conseq\u00fc\u00e8ncies i reconciliar-se amb el veritable ser, no amb l&#8217;ideal d&#8217;un mateix, sin\u00f3 amb el ser m\u00e9s aut\u00e8ntic, \u00e9s el possible millor cam\u00ed per a, com a m\u00ednim, una millora.<\/span><\/p>\n<p>&nbsp;<\/p>\n<p style=\"text-align: right;\"><span style=\"font-weight: 400;\">Dami\u00e1n Ruiz<\/span><\/p>\n<p style=\"text-align: right;\"><span style=\"font-weight: 400;\">Barcelona, 4 de Setembre, 2023<\/span><\/p>\n<p style=\"text-align: right;\"><a href=\"http:\/\/www.damianruiz.eu\"><span style=\"font-weight: 400;\">www.damianruiz.eu<\/span><\/a><\/p>\n","protected":false},"excerpt":{"rendered":"<p>Que sigui cr\u00f2nica no vol dir incurable.\u00a0 Si tingu\u00e9s una visi\u00f3 organicista dels problemes mentals, ni seria psic\u00f2leg ni em [&hellip;]<\/p>\n","protected":false},"author":3,"featured_media":1804,"comment_status":"closed","ping_status":"closed","sticky":false,"template":"","format":"standard","meta":{"_uag_custom_page_level_css":"","site-sidebar-layout":"default","site-content-layout":"","ast-site-content-layout":"default","site-content-style":"default","site-sidebar-style":"default","ast-global-header-display":"","ast-banner-title-visibility":"","ast-main-header-display":"","ast-hfb-above-header-display":"","ast-hfb-below-header-display":"","ast-hfb-mobile-header-display":"","site-post-title":"","ast-breadcrumbs-content":"","ast-featured-img":"","footer-sml-layout":"","theme-transparent-header-meta":"","adv-header-id-meta":"","stick-header-meta":"","header-above-stick-meta":"","header-main-stick-meta":"","header-below-stick-meta":"","astra-migrate-meta-layouts":"default","ast-page-background-enabled":"default","ast-page-background-meta":{"desktop":{"background-color":"var(--ast-global-color-4)","background-image":"","background-repeat":"repeat","background-position":"center center","background-size":"auto","background-attachment":"scroll","background-type":"","background-media":"","overlay-type":"","overlay-color":"","overlay-opacity":"","overlay-gradient":""},"tablet":{"background-color":"","background-image":"","background-repeat":"repeat","background-position":"center center","background-size":"auto","background-attachment":"scroll","background-type":"","background-media":"","overlay-type":"","overlay-color":"","overlay-opacity":"","overlay-gradient":""},"mobile":{"background-color":"","background-image":"","background-repeat":"repeat","background-position":"center center","background-size":"auto","background-attachment":"scroll","background-type":"","background-media":"","overlay-type":"","overlay-color":"","overlay-opacity":"","overlay-gradient":""}},"ast-content-background-meta":{"desktop":{"background-color":"var(--ast-global-color-5)","background-image":"","background-repeat":"repeat","background-position":"center center","background-size":"auto","background-attachment":"scroll","background-type":"","background-media":"","overlay-type":"","overlay-color":"","overlay-opacity":"","overlay-gradient":""},"tablet":{"background-color":"var(--ast-global-color-5)","background-image":"","background-repeat":"repeat","background-position":"center center","background-size":"auto","background-attachment":"scroll","background-type":"","background-media":"","overlay-type":"","overlay-color":"","overlay-opacity":"","overlay-gradient":""},"mobile":{"background-color":"var(--ast-global-color-5)","background-image":"","background-repeat":"repeat","background-position":"center center","background-size":"auto","background-attachment":"scroll","background-type":"","background-media":"","overlay-type":"","overlay-color":"","overlay-opacity":"","overlay-gradient":""}},"footnotes":""},"categories":[],"tags":[],"class_list":["post-1813","post","type-post","status-publish","format-standard","has-post-thumbnail","hentry"],"yoast_head":"<!-- This site is optimized with the Yoast SEO plugin v27.5 - https:\/\/yoast.com\/product\/yoast-seo-wordpress\/ -->\n<title>La depressi\u00f3 major cr\u00f2nica - Dami\u00e1n Ruiz<\/title>\n<meta name=\"robots\" content=\"index, follow, max-snippet:-1, max-image-preview:large, max-video-preview:-1\" \/>\n<link rel=\"canonical\" href=\"https:\/\/damianruiz.eu\/ca\/la-depressio-major-cronica\/\" \/>\n<meta property=\"og:locale\" content=\"ca_ES\" \/>\n<meta property=\"og:type\" content=\"article\" \/>\n<meta property=\"og:title\" content=\"La depressi\u00f3 major cr\u00f2nica - Dami\u00e1n Ruiz\" \/>\n<meta property=\"og:description\" content=\"Que sigui cr\u00f2nica no vol dir incurable.\u00a0 Si tingu\u00e9s una visi\u00f3 organicista dels problemes mentals, ni seria psic\u00f2leg ni em [&hellip;]\" \/>\n<meta property=\"og:url\" content=\"https:\/\/damianruiz.eu\/ca\/la-depressio-major-cronica\/\" \/>\n<meta property=\"og:site_name\" content=\"Dami\u00e1n Ruiz\" \/>\n<meta property=\"article:published_time\" content=\"2023-09-05T07:53:38+00:00\" \/>\n<meta property=\"og:image\" content=\"https:\/\/damianruiz.eu\/wp-content\/uploads\/2023\/09\/La-depresion-mayor-cronica.jpg\" \/>\n\t<meta property=\"og:image:width\" content=\"1280\" \/>\n\t<meta property=\"og:image:height\" content=\"853\" \/>\n\t<meta property=\"og:image:type\" content=\"image\/jpeg\" \/>\n<meta name=\"author\" content=\"miguel\" \/>\n<meta name=\"twitter:card\" content=\"summary_large_image\" \/>\n<meta name=\"twitter:label1\" content=\"Escrit per\" \/>\n\t<meta name=\"twitter:data1\" content=\"miguel\" \/>\n\t<meta name=\"twitter:label2\" content=\"Temps estimat de lectura\" \/>\n\t<meta name=\"twitter:data2\" content=\"5 minuts\" \/>\n<script type=\"application\/ld+json\" class=\"yoast-schema-graph\">{\"@context\":\"https:\\\/\\\/schema.org\",\"@graph\":[{\"@type\":\"Article\",\"@id\":\"https:\\\/\\\/damianruiz.eu\\\/ca\\\/la-depressio-major-cronica\\\/#article\",\"isPartOf\":{\"@id\":\"https:\\\/\\\/damianruiz.eu\\\/ca\\\/la-depressio-major-cronica\\\/\"},\"author\":{\"name\":\"miguel\",\"@id\":\"https:\\\/\\\/damianruiz.eu\\\/#\\\/schema\\\/person\\\/e444b3c1061a0d360f27766e132c9832\"},\"headline\":\"La depressi\u00f3 major cr\u00f2nica\",\"datePublished\":\"2023-09-05T07:53:38+00:00\",\"mainEntityOfPage\":{\"@id\":\"https:\\\/\\\/damianruiz.eu\\\/ca\\\/la-depressio-major-cronica\\\/\"},\"wordCount\":1104,\"publisher\":{\"@id\":\"https:\\\/\\\/damianruiz.eu\\\/#organization\"},\"image\":{\"@id\":\"https:\\\/\\\/damianruiz.eu\\\/ca\\\/la-depressio-major-cronica\\\/#primaryimage\"},\"thumbnailUrl\":\"https:\\\/\\\/damianruiz.eu\\\/wp-content\\\/uploads\\\/2023\\\/09\\\/La-depresion-mayor-cronica.jpg\",\"inLanguage\":\"ca\"},{\"@type\":\"WebPage\",\"@id\":\"https:\\\/\\\/damianruiz.eu\\\/ca\\\/la-depressio-major-cronica\\\/\",\"url\":\"https:\\\/\\\/damianruiz.eu\\\/ca\\\/la-depressio-major-cronica\\\/\",\"name\":\"La depressi\u00f3 major cr\u00f2nica - Dami\u00e1n Ruiz\",\"isPartOf\":{\"@id\":\"https:\\\/\\\/damianruiz.eu\\\/#website\"},\"primaryImageOfPage\":{\"@id\":\"https:\\\/\\\/damianruiz.eu\\\/ca\\\/la-depressio-major-cronica\\\/#primaryimage\"},\"image\":{\"@id\":\"https:\\\/\\\/damianruiz.eu\\\/ca\\\/la-depressio-major-cronica\\\/#primaryimage\"},\"thumbnailUrl\":\"https:\\\/\\\/damianruiz.eu\\\/wp-content\\\/uploads\\\/2023\\\/09\\\/La-depresion-mayor-cronica.jpg\",\"datePublished\":\"2023-09-05T07:53:38+00:00\",\"breadcrumb\":{\"@id\":\"https:\\\/\\\/damianruiz.eu\\\/ca\\\/la-depressio-major-cronica\\\/#breadcrumb\"},\"inLanguage\":\"ca\",\"potentialAction\":[{\"@type\":\"ReadAction\",\"target\":[\"https:\\\/\\\/damianruiz.eu\\\/ca\\\/la-depressio-major-cronica\\\/\"]}]},{\"@type\":\"ImageObject\",\"inLanguage\":\"ca\",\"@id\":\"https:\\\/\\\/damianruiz.eu\\\/ca\\\/la-depressio-major-cronica\\\/#primaryimage\",\"url\":\"https:\\\/\\\/damianruiz.eu\\\/wp-content\\\/uploads\\\/2023\\\/09\\\/La-depresion-mayor-cronica.jpg\",\"contentUrl\":\"https:\\\/\\\/damianruiz.eu\\\/wp-content\\\/uploads\\\/2023\\\/09\\\/La-depresion-mayor-cronica.jpg\",\"width\":1280,\"height\":853},{\"@type\":\"BreadcrumbList\",\"@id\":\"https:\\\/\\\/damianruiz.eu\\\/ca\\\/la-depressio-major-cronica\\\/#breadcrumb\",\"itemListElement\":[{\"@type\":\"ListItem\",\"position\":1,\"name\":\"Portada\",\"item\":\"https:\\\/\\\/damianruiz.eu\\\/ca\\\/\"},{\"@type\":\"ListItem\",\"position\":2,\"name\":\"La depressi\u00f3 major cr\u00f2nica\"}]},{\"@type\":\"WebSite\",\"@id\":\"https:\\\/\\\/damianruiz.eu\\\/#website\",\"url\":\"https:\\\/\\\/damianruiz.eu\\\/\",\"name\":\"Dami\u00e1n Ruiz\",\"description\":\"Licenciado y Postgraduado en Psicolog\u00eda por la Universidad de Barcelona.\",\"publisher\":{\"@id\":\"https:\\\/\\\/damianruiz.eu\\\/#organization\"},\"potentialAction\":[{\"@type\":\"SearchAction\",\"target\":{\"@type\":\"EntryPoint\",\"urlTemplate\":\"https:\\\/\\\/damianruiz.eu\\\/?s={search_term_string}\"},\"query-input\":{\"@type\":\"PropertyValueSpecification\",\"valueRequired\":true,\"valueName\":\"search_term_string\"}}],\"inLanguage\":\"ca\"},{\"@type\":\"Organization\",\"@id\":\"https:\\\/\\\/damianruiz.eu\\\/#organization\",\"name\":\"Dami\u00e1n Ruiz\",\"url\":\"https:\\\/\\\/damianruiz.eu\\\/\",\"logo\":{\"@type\":\"ImageObject\",\"inLanguage\":\"ca\",\"@id\":\"https:\\\/\\\/damianruiz.eu\\\/#\\\/schema\\\/logo\\\/image\\\/\",\"url\":\"https:\\\/\\\/damianruiz.eu\\\/wp-content\\\/uploads\\\/2024\\\/04\\\/cropped-logo-2024-damian-ruiz-233.png\",\"contentUrl\":\"https:\\\/\\\/damianruiz.eu\\\/wp-content\\\/uploads\\\/2024\\\/04\\\/cropped-logo-2024-damian-ruiz-233.png\",\"width\":233,\"height\":60,\"caption\":\"Dami\u00e1n Ruiz\"},\"image\":{\"@id\":\"https:\\\/\\\/damianruiz.eu\\\/#\\\/schema\\\/logo\\\/image\\\/\"}},{\"@type\":\"Person\",\"@id\":\"https:\\\/\\\/damianruiz.eu\\\/#\\\/schema\\\/person\\\/e444b3c1061a0d360f27766e132c9832\",\"name\":\"miguel\",\"url\":\"https:\\\/\\\/damianruiz.eu\\\/ca\\\/author\\\/miguel\\\/\"}]}<\/script>\n<!-- \/ Yoast SEO plugin. -->","yoast_head_json":{"title":"La depressi\u00f3 major cr\u00f2nica - Dami\u00e1n Ruiz","robots":{"index":"index","follow":"follow","max-snippet":"max-snippet:-1","max-image-preview":"max-image-preview:large","max-video-preview":"max-video-preview:-1"},"canonical":"https:\/\/damianruiz.eu\/ca\/la-depressio-major-cronica\/","og_locale":"ca_ES","og_type":"article","og_title":"La depressi\u00f3 major cr\u00f2nica - Dami\u00e1n Ruiz","og_description":"Que sigui cr\u00f2nica no vol dir incurable.\u00a0 Si tingu\u00e9s una visi\u00f3 organicista dels problemes mentals, ni seria psic\u00f2leg ni em [&hellip;]","og_url":"https:\/\/damianruiz.eu\/ca\/la-depressio-major-cronica\/","og_site_name":"Dami\u00e1n Ruiz","article_published_time":"2023-09-05T07:53:38+00:00","og_image":[{"width":1280,"height":853,"url":"https:\/\/damianruiz.eu\/wp-content\/uploads\/2023\/09\/La-depresion-mayor-cronica.jpg","type":"image\/jpeg"}],"author":"miguel","twitter_card":"summary_large_image","twitter_misc":{"Escrit per":"miguel","Temps estimat de lectura":"5 minuts"},"schema":{"@context":"https:\/\/schema.org","@graph":[{"@type":"Article","@id":"https:\/\/damianruiz.eu\/ca\/la-depressio-major-cronica\/#article","isPartOf":{"@id":"https:\/\/damianruiz.eu\/ca\/la-depressio-major-cronica\/"},"author":{"name":"miguel","@id":"https:\/\/damianruiz.eu\/#\/schema\/person\/e444b3c1061a0d360f27766e132c9832"},"headline":"La depressi\u00f3 major cr\u00f2nica","datePublished":"2023-09-05T07:53:38+00:00","mainEntityOfPage":{"@id":"https:\/\/damianruiz.eu\/ca\/la-depressio-major-cronica\/"},"wordCount":1104,"publisher":{"@id":"https:\/\/damianruiz.eu\/#organization"},"image":{"@id":"https:\/\/damianruiz.eu\/ca\/la-depressio-major-cronica\/#primaryimage"},"thumbnailUrl":"https:\/\/damianruiz.eu\/wp-content\/uploads\/2023\/09\/La-depresion-mayor-cronica.jpg","inLanguage":"ca"},{"@type":"WebPage","@id":"https:\/\/damianruiz.eu\/ca\/la-depressio-major-cronica\/","url":"https:\/\/damianruiz.eu\/ca\/la-depressio-major-cronica\/","name":"La depressi\u00f3 major cr\u00f2nica - Dami\u00e1n Ruiz","isPartOf":{"@id":"https:\/\/damianruiz.eu\/#website"},"primaryImageOfPage":{"@id":"https:\/\/damianruiz.eu\/ca\/la-depressio-major-cronica\/#primaryimage"},"image":{"@id":"https:\/\/damianruiz.eu\/ca\/la-depressio-major-cronica\/#primaryimage"},"thumbnailUrl":"https:\/\/damianruiz.eu\/wp-content\/uploads\/2023\/09\/La-depresion-mayor-cronica.jpg","datePublished":"2023-09-05T07:53:38+00:00","breadcrumb":{"@id":"https:\/\/damianruiz.eu\/ca\/la-depressio-major-cronica\/#breadcrumb"},"inLanguage":"ca","potentialAction":[{"@type":"ReadAction","target":["https:\/\/damianruiz.eu\/ca\/la-depressio-major-cronica\/"]}]},{"@type":"ImageObject","inLanguage":"ca","@id":"https:\/\/damianruiz.eu\/ca\/la-depressio-major-cronica\/#primaryimage","url":"https:\/\/damianruiz.eu\/wp-content\/uploads\/2023\/09\/La-depresion-mayor-cronica.jpg","contentUrl":"https:\/\/damianruiz.eu\/wp-content\/uploads\/2023\/09\/La-depresion-mayor-cronica.jpg","width":1280,"height":853},{"@type":"BreadcrumbList","@id":"https:\/\/damianruiz.eu\/ca\/la-depressio-major-cronica\/#breadcrumb","itemListElement":[{"@type":"ListItem","position":1,"name":"Portada","item":"https:\/\/damianruiz.eu\/ca\/"},{"@type":"ListItem","position":2,"name":"La depressi\u00f3 major cr\u00f2nica"}]},{"@type":"WebSite","@id":"https:\/\/damianruiz.eu\/#website","url":"https:\/\/damianruiz.eu\/","name":"Dami\u00e1n Ruiz","description":"Licenciado y Postgraduado en Psicolog\u00eda por la Universidad de Barcelona.","publisher":{"@id":"https:\/\/damianruiz.eu\/#organization"},"potentialAction":[{"@type":"SearchAction","target":{"@type":"EntryPoint","urlTemplate":"https:\/\/damianruiz.eu\/?s={search_term_string}"},"query-input":{"@type":"PropertyValueSpecification","valueRequired":true,"valueName":"search_term_string"}}],"inLanguage":"ca"},{"@type":"Organization","@id":"https:\/\/damianruiz.eu\/#organization","name":"Dami\u00e1n Ruiz","url":"https:\/\/damianruiz.eu\/","logo":{"@type":"ImageObject","inLanguage":"ca","@id":"https:\/\/damianruiz.eu\/#\/schema\/logo\/image\/","url":"https:\/\/damianruiz.eu\/wp-content\/uploads\/2024\/04\/cropped-logo-2024-damian-ruiz-233.png","contentUrl":"https:\/\/damianruiz.eu\/wp-content\/uploads\/2024\/04\/cropped-logo-2024-damian-ruiz-233.png","width":233,"height":60,"caption":"Dami\u00e1n Ruiz"},"image":{"@id":"https:\/\/damianruiz.eu\/#\/schema\/logo\/image\/"}},{"@type":"Person","@id":"https:\/\/damianruiz.eu\/#\/schema\/person\/e444b3c1061a0d360f27766e132c9832","name":"miguel","url":"https:\/\/damianruiz.eu\/ca\/author\/miguel\/"}]}},"uagb_featured_image_src":{"full":["https:\/\/damianruiz.eu\/wp-content\/uploads\/2023\/09\/La-depresion-mayor-cronica.jpg",1280,853,false],"thumbnail":["https:\/\/damianruiz.eu\/wp-content\/uploads\/2023\/09\/La-depresion-mayor-cronica-150x150.jpg",150,150,true],"medium":["https:\/\/damianruiz.eu\/wp-content\/uploads\/2023\/09\/La-depresion-mayor-cronica-300x200.jpg",300,200,true],"medium_large":["https:\/\/damianruiz.eu\/wp-content\/uploads\/2023\/09\/La-depresion-mayor-cronica-768x512.jpg",768,512,true],"large":["https:\/\/damianruiz.eu\/wp-content\/uploads\/2023\/09\/La-depresion-mayor-cronica-1024x682.jpg",1024,682,true],"1536x1536":["https:\/\/damianruiz.eu\/wp-content\/uploads\/2023\/09\/La-depresion-mayor-cronica.jpg",1280,853,false],"2048x2048":["https:\/\/damianruiz.eu\/wp-content\/uploads\/2023\/09\/La-depresion-mayor-cronica.jpg",1280,853,false]},"uagb_author_info":{"display_name":"miguel","author_link":"https:\/\/damianruiz.eu\/ca\/author\/miguel\/"},"uagb_comment_info":0,"uagb_excerpt":"Que sigui cr\u00f2nica no vol dir incurable.\u00a0 Si tingu\u00e9s una visi\u00f3 organicista dels problemes mentals, ni seria psic\u00f2leg ni em [&hellip;]","_links":{"self":[{"href":"https:\/\/damianruiz.eu\/ca\/wp-json\/wp\/v2\/posts\/1813","targetHints":{"allow":["GET"]}}],"collection":[{"href":"https:\/\/damianruiz.eu\/ca\/wp-json\/wp\/v2\/posts"}],"about":[{"href":"https:\/\/damianruiz.eu\/ca\/wp-json\/wp\/v2\/types\/post"}],"author":[{"embeddable":true,"href":"https:\/\/damianruiz.eu\/ca\/wp-json\/wp\/v2\/users\/3"}],"replies":[{"embeddable":true,"href":"https:\/\/damianruiz.eu\/ca\/wp-json\/wp\/v2\/comments?post=1813"}],"version-history":[{"count":1,"href":"https:\/\/damianruiz.eu\/ca\/wp-json\/wp\/v2\/posts\/1813\/revisions"}],"predecessor-version":[{"id":1814,"href":"https:\/\/damianruiz.eu\/ca\/wp-json\/wp\/v2\/posts\/1813\/revisions\/1814"}],"wp:featuredmedia":[{"embeddable":true,"href":"https:\/\/damianruiz.eu\/ca\/wp-json\/wp\/v2\/media\/1804"}],"wp:attachment":[{"href":"https:\/\/damianruiz.eu\/ca\/wp-json\/wp\/v2\/media?parent=1813"}],"wp:term":[{"taxonomy":"category","embeddable":true,"href":"https:\/\/damianruiz.eu\/ca\/wp-json\/wp\/v2\/categories?post=1813"},{"taxonomy":"post_tag","embeddable":true,"href":"https:\/\/damianruiz.eu\/ca\/wp-json\/wp\/v2\/tags?post=1813"}],"curies":[{"name":"wp","href":"https:\/\/api.w.org\/{rel}","templated":true}]}}