{"id":1890,"date":"2023-12-14T10:18:20","date_gmt":"2023-12-14T10:18:20","guid":{"rendered":"https:\/\/damianruiz.eu\/?p=1890"},"modified":"2023-12-14T10:18:33","modified_gmt":"2023-12-14T10:18:33","slug":"ampliacio-del-camp-de-consciencia-en-el-tractament-del-toc","status":"publish","type":"post","link":"https:\/\/damianruiz.eu\/ca\/ampliacio-del-camp-de-consciencia-en-el-tractament-del-toc\/","title":{"rendered":"Ampliaci\u00f3 del camp de consci\u00e8ncia en el Tractament del TOC"},"content":{"rendered":"<p><span style=\"font-weight: 400;\">Dami\u00e1n Ruiz<\/span><\/p>\n<p><span style=\"font-weight: 400;\">Un dels problemes principals de les persones que pateixen un trastorn obsessiu \u00e9s que el motiu o objecte de l&#8217;obsessi\u00f3 (neteja, orientaci\u00f3 sexual, agressivitat, etc.) pot anar variant, encara havent fet ter\u00e0pia, si els aspectes psicol\u00f2gics d&#8217;inhibici\u00f3, culpa i\/o por no es desbloquegen, no es transformen en espontane\u00eftat, autoestima i seguretat, en un grau prou acceptable per a poder viure sense obsessions.<\/span><\/p>\n<p><span style=\"font-weight: 400;\">Perqu\u00e8 aix\u00f2 ocorri \u00e9s necessari, en primer lloc, detectar les experi\u00e8ncies vitals negatives, en cas que es donessin, esdevingudes especialment durant la inf\u00e0ncia i\/o l&#8217;adolesc\u00e8ncia i veure com va reaccionar davant elles, quin va ser l&#8217;entorn, els factors de personalitat i caracterol\u00f2gics.<\/span><\/p>\n<p><span style=\"font-weight: 400;\">A partir d&#8217;aqu\u00ed cal treballar per a reconnectar amb el desig vital i, a trav\u00e9s d&#8217;aquest, anar transformant aquestes emocions negatives en positives.<\/span><\/p>\n<p><span style=\"font-weight: 400;\">Un factor fonamental per a qualsevol persona que vulgui sentir-se millor en la seva vida i imprescindible per a aquells que pateixen un TOC \u00e9s l&#8217;ampliaci\u00f3 del camp de consci\u00e8ncia.<\/span><\/p>\n<p><span style=\"font-weight: 400;\">Qu\u00e8 significa aix\u00f2?<\/span><\/p>\n<p><span style=\"font-weight: 400;\">La majoria de les persones es mouen al voltant d&#8217;uns par\u00e0metres cognitius (de pensament) molt estrets, amb creences limitants, fins i tot algunes freguen la superstici\u00f3.<\/span><\/p>\n<p><span style=\"font-weight: 400;\">Persones, tamb\u00e9 de formaci\u00f3 cient\u00edfica, que concatenen fets de manera considerablement il\u00b7l\u00f2gica, del tipus \u201caix\u00f2 em passa per no haver estat bo amb \u2026\u201d<\/span><\/p>\n<p><span style=\"font-weight: 400;\">La q\u00fcesti\u00f3 \u00e9s que el camp ps\u00edquic en el qual vivim \u00e9s un element a tenir en compte per a poder millorar o superar aquest trastorn.<\/span><\/p>\n<p><span style=\"font-weight: 400;\">Pensem en alg\u00fa que tot el seu m\u00f3n gira entorn a la fam\u00edlia, o a la relaci\u00f3 amb els pares o amb un d&#8217;ells, o amb les convencions morals d&#8217;un entorn petit i ultraconservador, o amb creences supersticioses vinculades amb alguna religi\u00f3, amb una idea preconcebuda de com \u00e9s ell o ella i amb escasses possibilitats de superaci\u00f3, o amb una continu\u00eftat de conducta respecte al que van fer els seus antecessors. Podr\u00edem afegir una infinitat de creences que, per si soles, sense cap mena de patiment mental, ja provocarien un estat permanent d&#8217;infelicitat.<\/span><\/p>\n<p>&nbsp;<\/p>\n<p><span style=\"font-weight: 400;\">\u00c9s per aix\u00f2 que una de les estrat\u00e8gies a seguir per al pacient \u00e9s la d&#8217;obrir-los un m\u00f3n de possibilitats que connectin amb la seva personalitat, amb la seva ess\u00e8ncia i amb la seva potencialitat.<\/span><\/p>\n<p><span style=\"font-weight: 400;\">Viure en un univers petit sense tenir en compte les possibilitats que ofereix l&#8217;exist\u00e8ncia, -diferents per a cadascun de nosaltres, per\u00f2, sens dubte, sempre m\u00e9s \u00e0mplies del que creiem- \u00e9s, d&#8217;algun mode, una condemna de cronicitat del que ens succeeix.<\/span><\/p>\n<p>&nbsp;<\/p>\n<p><span style=\"font-weight: 400;\">\u00c9s per aix\u00f2 que en lloc d&#8217;estar \u201cpicant una vegada i una altra sobre la mateixa pedra\u201d, \u00e9s a dir insistir en el s\u00edmptoma, el m\u00e9s important \u00e9s crear un \u201cespai interior\u201d estimulant i extens en el qual el contingut obsessiu pugui anar perdent pes, diluint-se, a causa de dues raons fonamentals:<\/span><\/p>\n<p>&nbsp;<\/p>\n<ul>\n<li style=\"font-weight: 400;\" aria-level=\"1\"><span style=\"font-weight: 400;\">l&#8217;activaci\u00f3 de l&#8217;instint i d&#8217;emocions positives\u00a0<\/span><\/li>\n<li style=\"font-weight: 400;\" aria-level=\"1\"><span style=\"font-weight: 400;\">l&#8217;obertura a noves possibilitats vitals\u00a0<\/span><\/li>\n<\/ul>\n<p>&nbsp;<\/p>\n<p><span style=\"font-weight: 400;\">Aix\u00f2 \u00e9s una cosa que es pot treballar terap\u00e8uticament, tamb\u00e9 amb l&#8217;ajuda d&#8217;activitats externes pactades amb el pacient (algun tipus d&#8217;esport, de funci\u00f3 creativa, etc.) i que, en una majoria de casos, si es persevera, pot ajudar molt en la consecuci\u00f3 de l&#8217;objectiu terap\u00e8utic.<\/span><\/p>\n<p>&nbsp;<\/p>\n<p><span style=\"font-weight: 400;\">Un apunt m\u00e9s per a finalitzar. La medicaci\u00f3 (receptada per un psiquiatre) \u00e9s, en la majoria de casos, necess\u00e0ria en les primeres fases de la ter\u00e0pia, personalment crec en un pla de xoc (especialment per als casos greus), per a despr\u00e9s anar modulant i reduint progressivament a mesura que el tractament psicol\u00f2gic funciona.<\/span><\/p>\n<p>&nbsp;<\/p>\n<p><a href=\"http:\/\/www.damianruiz.eu\"><span style=\"font-weight: 400;\">www.damianruiz.eu<\/span><\/a><\/p>\n","protected":false},"excerpt":{"rendered":"<p>Dami\u00e1n Ruiz Un dels problemes principals de les persones que pateixen un trastorn obsessiu \u00e9s que el motiu o objecte [&hellip;]<\/p>\n","protected":false},"author":3,"featured_media":1876,"comment_status":"closed","ping_status":"closed","sticky":false,"template":"","format":"standard","meta":{"_uag_custom_page_level_css":"","site-sidebar-layout":"default","site-content-layout":"","ast-site-content-layout":"default","site-content-style":"default","site-sidebar-style":"default","ast-global-header-display":"","ast-banner-title-visibility":"","ast-main-header-display":"","ast-hfb-above-header-display":"","ast-hfb-below-header-display":"","ast-hfb-mobile-header-display":"","site-post-title":"","ast-breadcrumbs-content":"","ast-featured-img":"","footer-sml-layout":"","theme-transparent-header-meta":"","adv-header-id-meta":"","stick-header-meta":"","header-above-stick-meta":"","header-main-stick-meta":"","header-below-stick-meta":"","astra-migrate-meta-layouts":"default","ast-page-background-enabled":"default","ast-page-background-meta":{"desktop":{"background-color":"var(--ast-global-color-4)","background-image":"","background-repeat":"repeat","background-position":"center center","background-size":"auto","background-attachment":"scroll","background-type":"","background-media":"","overlay-type":"","overlay-color":"","overlay-opacity":"","overlay-gradient":""},"tablet":{"background-color":"","background-image":"","background-repeat":"repeat","background-position":"center center","background-size":"auto","background-attachment":"scroll","background-type":"","background-media":"","overlay-type":"","overlay-color":"","overlay-opacity":"","overlay-gradient":""},"mobile":{"background-color":"","background-image":"","background-repeat":"repeat","background-position":"center center","background-size":"auto","background-attachment":"scroll","background-type":"","background-media":"","overlay-type":"","overlay-color":"","overlay-opacity":"","overlay-gradient":""}},"ast-content-background-meta":{"desktop":{"background-color":"var(--ast-global-color-5)","background-image":"","background-repeat":"repeat","background-position":"center center","background-size":"auto","background-attachment":"scroll","background-type":"","background-media":"","overlay-type":"","overlay-color":"","overlay-opacity":"","overlay-gradient":""},"tablet":{"background-color":"var(--ast-global-color-5)","background-image":"","background-repeat":"repeat","background-position":"center center","background-size":"auto","background-attachment":"scroll","background-type":"","background-media":"","overlay-type":"","overlay-color":"","overlay-opacity":"","overlay-gradient":""},"mobile":{"background-color":"var(--ast-global-color-5)","background-image":"","background-repeat":"repeat","background-position":"center center","background-size":"auto","background-attachment":"scroll","background-type":"","background-media":"","overlay-type":"","overlay-color":"","overlay-opacity":"","overlay-gradient":""}},"footnotes":""},"categories":[],"tags":[],"class_list":["post-1890","post","type-post","status-publish","format-standard","has-post-thumbnail","hentry"],"yoast_head":"<!-- This site is optimized with the Yoast SEO plugin v27.4 - https:\/\/yoast.com\/product\/yoast-seo-wordpress\/ -->\n<title>Ampliaci\u00f3 del camp de consci\u00e8ncia en el Tractament del TOC - Dami\u00e1n Ruiz<\/title>\n<meta name=\"robots\" content=\"index, follow, max-snippet:-1, max-image-preview:large, max-video-preview:-1\" \/>\n<link rel=\"canonical\" href=\"https:\/\/damianruiz.eu\/ca\/ampliacio-del-camp-de-consciencia-en-el-tractament-del-toc\/\" \/>\n<meta property=\"og:locale\" content=\"ca_ES\" \/>\n<meta property=\"og:type\" content=\"article\" \/>\n<meta property=\"og:title\" content=\"Ampliaci\u00f3 del camp de consci\u00e8ncia en el Tractament del TOC - Dami\u00e1n Ruiz\" \/>\n<meta property=\"og:description\" content=\"Dami\u00e1n Ruiz Un dels problemes principals de les persones que pateixen un trastorn obsessiu \u00e9s que el motiu o objecte [&hellip;]\" \/>\n<meta property=\"og:url\" content=\"https:\/\/damianruiz.eu\/ca\/ampliacio-del-camp-de-consciencia-en-el-tractament-del-toc\/\" \/>\n<meta property=\"og:site_name\" content=\"Dami\u00e1n Ruiz\" \/>\n<meta property=\"article:published_time\" content=\"2023-12-14T10:18:20+00:00\" \/>\n<meta property=\"article:modified_time\" content=\"2023-12-14T10:18:33+00:00\" \/>\n<meta property=\"og:image\" content=\"https:\/\/damianruiz.eu\/wp-content\/uploads\/2023\/12\/Ampliacion-del-campo-de-conciencia-en-el-Tratamiento-del-TOC.png\" \/>\n\t<meta property=\"og:image:width\" content=\"1280\" \/>\n\t<meta property=\"og:image:height\" content=\"915\" \/>\n\t<meta property=\"og:image:type\" content=\"image\/png\" \/>\n<meta name=\"author\" content=\"miguel\" \/>\n<meta name=\"twitter:card\" content=\"summary_large_image\" \/>\n<meta name=\"twitter:label1\" content=\"Escrit per\" \/>\n\t<meta name=\"twitter:data1\" content=\"miguel\" \/>\n\t<meta name=\"twitter:label2\" content=\"Temps estimat de lectura\" \/>\n\t<meta name=\"twitter:data2\" content=\"3 minuts\" \/>\n<script type=\"application\/ld+json\" class=\"yoast-schema-graph\">{\"@context\":\"https:\\\/\\\/schema.org\",\"@graph\":[{\"@type\":\"Article\",\"@id\":\"https:\\\/\\\/damianruiz.eu\\\/ca\\\/ampliacio-del-camp-de-consciencia-en-el-tractament-del-toc\\\/#article\",\"isPartOf\":{\"@id\":\"https:\\\/\\\/damianruiz.eu\\\/ca\\\/ampliacio-del-camp-de-consciencia-en-el-tractament-del-toc\\\/\"},\"author\":{\"name\":\"miguel\",\"@id\":\"https:\\\/\\\/damianruiz.eu\\\/#\\\/schema\\\/person\\\/e444b3c1061a0d360f27766e132c9832\"},\"headline\":\"Ampliaci\u00f3 del camp de consci\u00e8ncia en el Tractament del TOC\",\"datePublished\":\"2023-12-14T10:18:20+00:00\",\"dateModified\":\"2023-12-14T10:18:33+00:00\",\"mainEntityOfPage\":{\"@id\":\"https:\\\/\\\/damianruiz.eu\\\/ca\\\/ampliacio-del-camp-de-consciencia-en-el-tractament-del-toc\\\/\"},\"wordCount\":645,\"publisher\":{\"@id\":\"https:\\\/\\\/damianruiz.eu\\\/#organization\"},\"image\":{\"@id\":\"https:\\\/\\\/damianruiz.eu\\\/ca\\\/ampliacio-del-camp-de-consciencia-en-el-tractament-del-toc\\\/#primaryimage\"},\"thumbnailUrl\":\"https:\\\/\\\/damianruiz.eu\\\/wp-content\\\/uploads\\\/2023\\\/12\\\/Ampliacion-del-campo-de-conciencia-en-el-Tratamiento-del-TOC.png\",\"inLanguage\":\"ca\"},{\"@type\":\"WebPage\",\"@id\":\"https:\\\/\\\/damianruiz.eu\\\/ca\\\/ampliacio-del-camp-de-consciencia-en-el-tractament-del-toc\\\/\",\"url\":\"https:\\\/\\\/damianruiz.eu\\\/ca\\\/ampliacio-del-camp-de-consciencia-en-el-tractament-del-toc\\\/\",\"name\":\"Ampliaci\u00f3 del camp de consci\u00e8ncia en el Tractament del TOC - Dami\u00e1n Ruiz\",\"isPartOf\":{\"@id\":\"https:\\\/\\\/damianruiz.eu\\\/#website\"},\"primaryImageOfPage\":{\"@id\":\"https:\\\/\\\/damianruiz.eu\\\/ca\\\/ampliacio-del-camp-de-consciencia-en-el-tractament-del-toc\\\/#primaryimage\"},\"image\":{\"@id\":\"https:\\\/\\\/damianruiz.eu\\\/ca\\\/ampliacio-del-camp-de-consciencia-en-el-tractament-del-toc\\\/#primaryimage\"},\"thumbnailUrl\":\"https:\\\/\\\/damianruiz.eu\\\/wp-content\\\/uploads\\\/2023\\\/12\\\/Ampliacion-del-campo-de-conciencia-en-el-Tratamiento-del-TOC.png\",\"datePublished\":\"2023-12-14T10:18:20+00:00\",\"dateModified\":\"2023-12-14T10:18:33+00:00\",\"breadcrumb\":{\"@id\":\"https:\\\/\\\/damianruiz.eu\\\/ca\\\/ampliacio-del-camp-de-consciencia-en-el-tractament-del-toc\\\/#breadcrumb\"},\"inLanguage\":\"ca\",\"potentialAction\":[{\"@type\":\"ReadAction\",\"target\":[\"https:\\\/\\\/damianruiz.eu\\\/ca\\\/ampliacio-del-camp-de-consciencia-en-el-tractament-del-toc\\\/\"]}]},{\"@type\":\"ImageObject\",\"inLanguage\":\"ca\",\"@id\":\"https:\\\/\\\/damianruiz.eu\\\/ca\\\/ampliacio-del-camp-de-consciencia-en-el-tractament-del-toc\\\/#primaryimage\",\"url\":\"https:\\\/\\\/damianruiz.eu\\\/wp-content\\\/uploads\\\/2023\\\/12\\\/Ampliacion-del-campo-de-conciencia-en-el-Tratamiento-del-TOC.png\",\"contentUrl\":\"https:\\\/\\\/damianruiz.eu\\\/wp-content\\\/uploads\\\/2023\\\/12\\\/Ampliacion-del-campo-de-conciencia-en-el-Tratamiento-del-TOC.png\",\"width\":1280,\"height\":915},{\"@type\":\"BreadcrumbList\",\"@id\":\"https:\\\/\\\/damianruiz.eu\\\/ca\\\/ampliacio-del-camp-de-consciencia-en-el-tractament-del-toc\\\/#breadcrumb\",\"itemListElement\":[{\"@type\":\"ListItem\",\"position\":1,\"name\":\"Portada\",\"item\":\"https:\\\/\\\/damianruiz.eu\\\/ca\\\/\"},{\"@type\":\"ListItem\",\"position\":2,\"name\":\"Ampliaci\u00f3 del camp de consci\u00e8ncia en el Tractament del TOC\"}]},{\"@type\":\"WebSite\",\"@id\":\"https:\\\/\\\/damianruiz.eu\\\/#website\",\"url\":\"https:\\\/\\\/damianruiz.eu\\\/\",\"name\":\"Dami\u00e1n Ruiz\",\"description\":\"Licenciado y Postgraduado en Psicolog\u00eda por la Universidad de Barcelona.\",\"publisher\":{\"@id\":\"https:\\\/\\\/damianruiz.eu\\\/#organization\"},\"potentialAction\":[{\"@type\":\"SearchAction\",\"target\":{\"@type\":\"EntryPoint\",\"urlTemplate\":\"https:\\\/\\\/damianruiz.eu\\\/?s={search_term_string}\"},\"query-input\":{\"@type\":\"PropertyValueSpecification\",\"valueRequired\":true,\"valueName\":\"search_term_string\"}}],\"inLanguage\":\"ca\"},{\"@type\":\"Organization\",\"@id\":\"https:\\\/\\\/damianruiz.eu\\\/#organization\",\"name\":\"Dami\u00e1n Ruiz\",\"url\":\"https:\\\/\\\/damianruiz.eu\\\/\",\"logo\":{\"@type\":\"ImageObject\",\"inLanguage\":\"ca\",\"@id\":\"https:\\\/\\\/damianruiz.eu\\\/#\\\/schema\\\/logo\\\/image\\\/\",\"url\":\"https:\\\/\\\/damianruiz.eu\\\/wp-content\\\/uploads\\\/2024\\\/04\\\/cropped-logo-2024-damian-ruiz-233.png\",\"contentUrl\":\"https:\\\/\\\/damianruiz.eu\\\/wp-content\\\/uploads\\\/2024\\\/04\\\/cropped-logo-2024-damian-ruiz-233.png\",\"width\":233,\"height\":60,\"caption\":\"Dami\u00e1n Ruiz\"},\"image\":{\"@id\":\"https:\\\/\\\/damianruiz.eu\\\/#\\\/schema\\\/logo\\\/image\\\/\"}},{\"@type\":\"Person\",\"@id\":\"https:\\\/\\\/damianruiz.eu\\\/#\\\/schema\\\/person\\\/e444b3c1061a0d360f27766e132c9832\",\"name\":\"miguel\",\"url\":\"https:\\\/\\\/damianruiz.eu\\\/ca\\\/author\\\/miguel\\\/\"}]}<\/script>\n<!-- \/ Yoast SEO plugin. -->","yoast_head_json":{"title":"Ampliaci\u00f3 del camp de consci\u00e8ncia en el Tractament del TOC - Dami\u00e1n Ruiz","robots":{"index":"index","follow":"follow","max-snippet":"max-snippet:-1","max-image-preview":"max-image-preview:large","max-video-preview":"max-video-preview:-1"},"canonical":"https:\/\/damianruiz.eu\/ca\/ampliacio-del-camp-de-consciencia-en-el-tractament-del-toc\/","og_locale":"ca_ES","og_type":"article","og_title":"Ampliaci\u00f3 del camp de consci\u00e8ncia en el Tractament del TOC - Dami\u00e1n Ruiz","og_description":"Dami\u00e1n Ruiz Un dels problemes principals de les persones que pateixen un trastorn obsessiu \u00e9s que el motiu o objecte [&hellip;]","og_url":"https:\/\/damianruiz.eu\/ca\/ampliacio-del-camp-de-consciencia-en-el-tractament-del-toc\/","og_site_name":"Dami\u00e1n Ruiz","article_published_time":"2023-12-14T10:18:20+00:00","article_modified_time":"2023-12-14T10:18:33+00:00","og_image":[{"width":1280,"height":915,"url":"https:\/\/damianruiz.eu\/wp-content\/uploads\/2023\/12\/Ampliacion-del-campo-de-conciencia-en-el-Tratamiento-del-TOC.png","type":"image\/png"}],"author":"miguel","twitter_card":"summary_large_image","twitter_misc":{"Escrit per":"miguel","Temps estimat de lectura":"3 minuts"},"schema":{"@context":"https:\/\/schema.org","@graph":[{"@type":"Article","@id":"https:\/\/damianruiz.eu\/ca\/ampliacio-del-camp-de-consciencia-en-el-tractament-del-toc\/#article","isPartOf":{"@id":"https:\/\/damianruiz.eu\/ca\/ampliacio-del-camp-de-consciencia-en-el-tractament-del-toc\/"},"author":{"name":"miguel","@id":"https:\/\/damianruiz.eu\/#\/schema\/person\/e444b3c1061a0d360f27766e132c9832"},"headline":"Ampliaci\u00f3 del camp de consci\u00e8ncia en el Tractament del TOC","datePublished":"2023-12-14T10:18:20+00:00","dateModified":"2023-12-14T10:18:33+00:00","mainEntityOfPage":{"@id":"https:\/\/damianruiz.eu\/ca\/ampliacio-del-camp-de-consciencia-en-el-tractament-del-toc\/"},"wordCount":645,"publisher":{"@id":"https:\/\/damianruiz.eu\/#organization"},"image":{"@id":"https:\/\/damianruiz.eu\/ca\/ampliacio-del-camp-de-consciencia-en-el-tractament-del-toc\/#primaryimage"},"thumbnailUrl":"https:\/\/damianruiz.eu\/wp-content\/uploads\/2023\/12\/Ampliacion-del-campo-de-conciencia-en-el-Tratamiento-del-TOC.png","inLanguage":"ca"},{"@type":"WebPage","@id":"https:\/\/damianruiz.eu\/ca\/ampliacio-del-camp-de-consciencia-en-el-tractament-del-toc\/","url":"https:\/\/damianruiz.eu\/ca\/ampliacio-del-camp-de-consciencia-en-el-tractament-del-toc\/","name":"Ampliaci\u00f3 del camp de consci\u00e8ncia en el Tractament del TOC - Dami\u00e1n Ruiz","isPartOf":{"@id":"https:\/\/damianruiz.eu\/#website"},"primaryImageOfPage":{"@id":"https:\/\/damianruiz.eu\/ca\/ampliacio-del-camp-de-consciencia-en-el-tractament-del-toc\/#primaryimage"},"image":{"@id":"https:\/\/damianruiz.eu\/ca\/ampliacio-del-camp-de-consciencia-en-el-tractament-del-toc\/#primaryimage"},"thumbnailUrl":"https:\/\/damianruiz.eu\/wp-content\/uploads\/2023\/12\/Ampliacion-del-campo-de-conciencia-en-el-Tratamiento-del-TOC.png","datePublished":"2023-12-14T10:18:20+00:00","dateModified":"2023-12-14T10:18:33+00:00","breadcrumb":{"@id":"https:\/\/damianruiz.eu\/ca\/ampliacio-del-camp-de-consciencia-en-el-tractament-del-toc\/#breadcrumb"},"inLanguage":"ca","potentialAction":[{"@type":"ReadAction","target":["https:\/\/damianruiz.eu\/ca\/ampliacio-del-camp-de-consciencia-en-el-tractament-del-toc\/"]}]},{"@type":"ImageObject","inLanguage":"ca","@id":"https:\/\/damianruiz.eu\/ca\/ampliacio-del-camp-de-consciencia-en-el-tractament-del-toc\/#primaryimage","url":"https:\/\/damianruiz.eu\/wp-content\/uploads\/2023\/12\/Ampliacion-del-campo-de-conciencia-en-el-Tratamiento-del-TOC.png","contentUrl":"https:\/\/damianruiz.eu\/wp-content\/uploads\/2023\/12\/Ampliacion-del-campo-de-conciencia-en-el-Tratamiento-del-TOC.png","width":1280,"height":915},{"@type":"BreadcrumbList","@id":"https:\/\/damianruiz.eu\/ca\/ampliacio-del-camp-de-consciencia-en-el-tractament-del-toc\/#breadcrumb","itemListElement":[{"@type":"ListItem","position":1,"name":"Portada","item":"https:\/\/damianruiz.eu\/ca\/"},{"@type":"ListItem","position":2,"name":"Ampliaci\u00f3 del camp de consci\u00e8ncia en el Tractament del TOC"}]},{"@type":"WebSite","@id":"https:\/\/damianruiz.eu\/#website","url":"https:\/\/damianruiz.eu\/","name":"Dami\u00e1n Ruiz","description":"Licenciado y Postgraduado en Psicolog\u00eda por la Universidad de Barcelona.","publisher":{"@id":"https:\/\/damianruiz.eu\/#organization"},"potentialAction":[{"@type":"SearchAction","target":{"@type":"EntryPoint","urlTemplate":"https:\/\/damianruiz.eu\/?s={search_term_string}"},"query-input":{"@type":"PropertyValueSpecification","valueRequired":true,"valueName":"search_term_string"}}],"inLanguage":"ca"},{"@type":"Organization","@id":"https:\/\/damianruiz.eu\/#organization","name":"Dami\u00e1n Ruiz","url":"https:\/\/damianruiz.eu\/","logo":{"@type":"ImageObject","inLanguage":"ca","@id":"https:\/\/damianruiz.eu\/#\/schema\/logo\/image\/","url":"https:\/\/damianruiz.eu\/wp-content\/uploads\/2024\/04\/cropped-logo-2024-damian-ruiz-233.png","contentUrl":"https:\/\/damianruiz.eu\/wp-content\/uploads\/2024\/04\/cropped-logo-2024-damian-ruiz-233.png","width":233,"height":60,"caption":"Dami\u00e1n Ruiz"},"image":{"@id":"https:\/\/damianruiz.eu\/#\/schema\/logo\/image\/"}},{"@type":"Person","@id":"https:\/\/damianruiz.eu\/#\/schema\/person\/e444b3c1061a0d360f27766e132c9832","name":"miguel","url":"https:\/\/damianruiz.eu\/ca\/author\/miguel\/"}]}},"uagb_featured_image_src":{"full":["https:\/\/damianruiz.eu\/wp-content\/uploads\/2023\/12\/Ampliacion-del-campo-de-conciencia-en-el-Tratamiento-del-TOC.png",1280,915,false],"thumbnail":["https:\/\/damianruiz.eu\/wp-content\/uploads\/2023\/12\/Ampliacion-del-campo-de-conciencia-en-el-Tratamiento-del-TOC-150x150.png",150,150,true],"medium":["https:\/\/damianruiz.eu\/wp-content\/uploads\/2023\/12\/Ampliacion-del-campo-de-conciencia-en-el-Tratamiento-del-TOC-300x214.png",300,214,true],"medium_large":["https:\/\/damianruiz.eu\/wp-content\/uploads\/2023\/12\/Ampliacion-del-campo-de-conciencia-en-el-Tratamiento-del-TOC-768x549.png",768,549,true],"large":["https:\/\/damianruiz.eu\/wp-content\/uploads\/2023\/12\/Ampliacion-del-campo-de-conciencia-en-el-Tratamiento-del-TOC-1024x732.png",1024,732,true],"1536x1536":["https:\/\/damianruiz.eu\/wp-content\/uploads\/2023\/12\/Ampliacion-del-campo-de-conciencia-en-el-Tratamiento-del-TOC.png",1280,915,false],"2048x2048":["https:\/\/damianruiz.eu\/wp-content\/uploads\/2023\/12\/Ampliacion-del-campo-de-conciencia-en-el-Tratamiento-del-TOC.png",1280,915,false]},"uagb_author_info":{"display_name":"miguel","author_link":"https:\/\/damianruiz.eu\/ca\/author\/miguel\/"},"uagb_comment_info":0,"uagb_excerpt":"Dami\u00e1n Ruiz Un dels problemes principals de les persones que pateixen un trastorn obsessiu \u00e9s que el motiu o objecte [&hellip;]","_links":{"self":[{"href":"https:\/\/damianruiz.eu\/ca\/wp-json\/wp\/v2\/posts\/1890","targetHints":{"allow":["GET"]}}],"collection":[{"href":"https:\/\/damianruiz.eu\/ca\/wp-json\/wp\/v2\/posts"}],"about":[{"href":"https:\/\/damianruiz.eu\/ca\/wp-json\/wp\/v2\/types\/post"}],"author":[{"embeddable":true,"href":"https:\/\/damianruiz.eu\/ca\/wp-json\/wp\/v2\/users\/3"}],"replies":[{"embeddable":true,"href":"https:\/\/damianruiz.eu\/ca\/wp-json\/wp\/v2\/comments?post=1890"}],"version-history":[{"count":2,"href":"https:\/\/damianruiz.eu\/ca\/wp-json\/wp\/v2\/posts\/1890\/revisions"}],"predecessor-version":[{"id":1892,"href":"https:\/\/damianruiz.eu\/ca\/wp-json\/wp\/v2\/posts\/1890\/revisions\/1892"}],"wp:featuredmedia":[{"embeddable":true,"href":"https:\/\/damianruiz.eu\/ca\/wp-json\/wp\/v2\/media\/1876"}],"wp:attachment":[{"href":"https:\/\/damianruiz.eu\/ca\/wp-json\/wp\/v2\/media?parent=1890"}],"wp:term":[{"taxonomy":"category","embeddable":true,"href":"https:\/\/damianruiz.eu\/ca\/wp-json\/wp\/v2\/categories?post=1890"},{"taxonomy":"post_tag","embeddable":true,"href":"https:\/\/damianruiz.eu\/ca\/wp-json\/wp\/v2\/tags?post=1890"}],"curies":[{"name":"wp","href":"https:\/\/api.w.org\/{rel}","templated":true}]}}