{"id":2662,"date":"2024-07-15T22:47:49","date_gmt":"2024-07-15T22:47:49","guid":{"rendered":"https:\/\/damianruiz.eu\/?p=2662"},"modified":"2024-07-15T22:47:49","modified_gmt":"2024-07-15T22:47:49","slug":"un-enfocament-realista-del-tractament-de-les-addiccions","status":"publish","type":"post","link":"https:\/\/damianruiz.eu\/ca\/un-enfocament-realista-del-tractament-de-les-addiccions\/","title":{"rendered":"Un enfocament realista del tractament de les addiccions"},"content":{"rendered":"<p><span style=\"font-weight: 400;\">Dami\u00e1n Ruiz<\/span><\/p>\n<p>&nbsp;<\/p>\n<p><span style=\"font-weight: 400;\">Quan un pacient contacta amb la intenci\u00f3 de fer ter\u00e0pia individual, presencial o en l\u00ednia, el primer factor a tenir en compte \u00e9s el nivell de consum d&#8217;una determinada subst\u00e0ncia perqu\u00e8, honestament, si \u00e9s excessivament elevat no considero adequat tractar-ho. Per a aquests casos \u00e9s molt millor l&#8217;ingr\u00e9s en centres privats o p\u00fablics per a procedir a una desintoxicaci\u00f3 i, posteriorment, una vegada realitzat el programa terap\u00e8utic establert per aquestes cl\u00edniques llavors \u00e9s possible fer un tipus de ter\u00e0pia m\u00e9s personalitzada i individual.<\/span><\/p>\n<p><span style=\"font-weight: 400;\">Si estem parlant de consums de m\u00e0xim una o dues vegades per setmana llavors podem considerar iniciar ter\u00e0pia.<\/span><\/p>\n<p><span style=\"font-weight: 400;\">El meu procediment no \u00e9s cognitiu-conductual per tant em centro fonamentalment en dos aspectes: perqu\u00e8 consumeix i nivell d&#8217;addicci\u00f3, \u00e9s a dir els motius de l&#8217;inici del consum i els presents i fins a quin punt el pacient est\u00e0 m\u00e9s encadenat ps\u00edquicament a la subst\u00e0ncia del que ell o ella cre\u00ef.<\/span><\/p>\n<p>&nbsp;<\/p>\n<p><span style=\"font-weight: 400;\">Afegeixo que en les primeres sessions terap\u00e8utiques, a l&#8217;\u00e9sser una novetat i un est\u00edmul nou, el pacient sent cert grau de satisfacci\u00f3, en primer lloc perqu\u00e8 \u201cs&#8217;ha posat en tractament\u201d i en segon perqu\u00e8 \u201cest\u00e0 conven\u00e7ut\/a que aquesta vegada ho superar\u00e0\u201d.<\/span><\/p>\n<p><span style=\"font-weight: 400;\">B\u00e9, no t\u00e9 perqu\u00e8 ser aix\u00ed, o s\u00ed, per\u00f2 per descomptat no es pot percebre d&#8217;una manera trivial.<\/span><\/p>\n<p><span style=\"font-weight: 400;\">Superar una addicci\u00f3 \u00e9s un treball ardu, perseverant, constant, d&#8217;alts i baixos, a vegades d&#8217;acceptar recaigudes i seguir endavant. En la majoria d&#8217;ocasions \u00e9s una lluita permanent fins a aconseguir-ho, i llavors \u00e9s molt m\u00e9s cre\u00efble i de confian\u00e7a que si s&#8217;ha deixat f\u00e0cilment, encara que pot ser, en alguns casos, molt pocs, tamb\u00e9 s&#8217;aconsegueixi.<\/span><\/p>\n<p><span style=\"font-weight: 400;\">Durant el proc\u00e9s caldr\u00e0 tenir en compte tots aquells elements que van units a l&#8217;addicci\u00f3, poso alguns exemples: l&#8217;\u00e8xit, la seducci\u00f3, la frustraci\u00f3, la baixa autoestima, el rendiment laboral, la insatisfacci\u00f3 encoberta, etc.<\/span><\/p>\n<p><span style=\"font-weight: 400;\">I pot ser necessari fer canvis substancials en la pr\u00f2pia vida i alguns suposaran ren\u00fancies i altres noves oportunitats per\u00f2 tot tindr\u00e0 un sentit.<\/span><\/p>\n<p>&nbsp;<\/p>\n<p><span style=\"font-weight: 400;\">Ser\u00e0 imprescindible arribar a l&#8217;ess\u00e8ncia de la persona, a les seves emocions m\u00e9s significatives, les que expressa i les que no, i a superar o integrar traumes o situacions viscudes que dificulten l&#8217;aband\u00f3 del consum.<\/span><\/p>\n<p>&nbsp;<\/p>\n<p><span style=\"font-weight: 400;\">Una nota important, no solc perseguir els pacients, \u00e9s a dir deixo a la seva voluntat la continu\u00eftat de la ter\u00e0pia m\u00e9s enll\u00e0 de contactar-los en cas de no presentar-se en sessi\u00f3 i estic disponible, fonamentalment en hores laborables, per a parlar si apareix algun tipus de crisi per\u00f2 entenc que \u00e9s la persona la que ha de tenir la maduresa i la voluntat suficient per a seguir en tractament m\u00e9s enll\u00e0 del que esdevingui en la seva vida.<\/span><\/p>\n<p><span style=\"font-weight: 400;\">En canvi no fio l&#8217;\u00e8xit terap\u00e8utic a la voluntat del pacient sin\u00f3, com explico en el meu llibre sobre aquest tema, el fet d&#8217;aconseguir que no necessiti el consum, que senti un rebuig absolut per la subst\u00e0ncia i que entengui la necessitat de desprendre&#8217;s completament d&#8217;ella.<\/span><\/p>\n<p><span style=\"font-weight: 400;\">\u00c9s tot un cam\u00ed i tot un treball per totes dues parts, la del pacient i la meva, per\u00f2 es pot aconseguir.<\/span><\/p>\n","protected":false},"excerpt":{"rendered":"<p>Dami\u00e1n Ruiz &nbsp; Quan un pacient contacta amb la intenci\u00f3 de fer ter\u00e0pia individual, presencial o en l\u00ednia, el primer [&hellip;]<\/p>\n","protected":false},"author":3,"featured_media":2653,"comment_status":"closed","ping_status":"closed","sticky":false,"template":"","format":"standard","meta":{"_uag_custom_page_level_css":"","site-sidebar-layout":"default","site-content-layout":"","ast-site-content-layout":"default","site-content-style":"default","site-sidebar-style":"default","ast-global-header-display":"","ast-banner-title-visibility":"","ast-main-header-display":"","ast-hfb-above-header-display":"","ast-hfb-below-header-display":"","ast-hfb-mobile-header-display":"","site-post-title":"","ast-breadcrumbs-content":"","ast-featured-img":"","footer-sml-layout":"","theme-transparent-header-meta":"default","adv-header-id-meta":"","stick-header-meta":"","header-above-stick-meta":"","header-main-stick-meta":"","header-below-stick-meta":"","astra-migrate-meta-layouts":"set","ast-page-background-enabled":"default","ast-page-background-meta":{"desktop":{"background-color":"var(--ast-global-color-4)","background-image":"","background-repeat":"repeat","background-position":"center center","background-size":"auto","background-attachment":"scroll","background-type":"","background-media":"","overlay-type":"","overlay-color":"","overlay-opacity":"","overlay-gradient":""},"tablet":{"background-color":"","background-image":"","background-repeat":"repeat","background-position":"center center","background-size":"auto","background-attachment":"scroll","background-type":"","background-media":"","overlay-type":"","overlay-color":"","overlay-opacity":"","overlay-gradient":""},"mobile":{"background-color":"","background-image":"","background-repeat":"repeat","background-position":"center center","background-size":"auto","background-attachment":"scroll","background-type":"","background-media":"","overlay-type":"","overlay-color":"","overlay-opacity":"","overlay-gradient":""}},"ast-content-background-meta":{"desktop":{"background-color":"var(--ast-global-color-5)","background-image":"","background-repeat":"repeat","background-position":"center center","background-size":"auto","background-attachment":"scroll","background-type":"","background-media":"","overlay-type":"","overlay-color":"","overlay-opacity":"","overlay-gradient":""},"tablet":{"background-color":"var(--ast-global-color-5)","background-image":"","background-repeat":"repeat","background-position":"center center","background-size":"auto","background-attachment":"scroll","background-type":"","background-media":"","overlay-type":"","overlay-color":"","overlay-opacity":"","overlay-gradient":""},"mobile":{"background-color":"var(--ast-global-color-5)","background-image":"","background-repeat":"repeat","background-position":"center center","background-size":"auto","background-attachment":"scroll","background-type":"","background-media":"","overlay-type":"","overlay-color":"","overlay-opacity":"","overlay-gradient":""}},"footnotes":""},"categories":[],"tags":[],"class_list":["post-2662","post","type-post","status-publish","format-standard","has-post-thumbnail","hentry"],"yoast_head":"<!-- This site is optimized with the Yoast SEO plugin v27.4 - https:\/\/yoast.com\/product\/yoast-seo-wordpress\/ -->\n<title>Un enfocament realista del tractament de les addiccions - Dami\u00e1n Ruiz<\/title>\n<meta name=\"robots\" content=\"index, follow, max-snippet:-1, max-image-preview:large, max-video-preview:-1\" \/>\n<link rel=\"canonical\" href=\"https:\/\/damianruiz.eu\/ca\/un-enfocament-realista-del-tractament-de-les-addiccions\/\" \/>\n<meta property=\"og:locale\" content=\"ca_ES\" \/>\n<meta property=\"og:type\" content=\"article\" \/>\n<meta property=\"og:title\" content=\"Un enfocament realista del tractament de les addiccions - Dami\u00e1n Ruiz\" \/>\n<meta property=\"og:description\" content=\"Dami\u00e1n Ruiz &nbsp; Quan un pacient contacta amb la intenci\u00f3 de fer ter\u00e0pia individual, presencial o en l\u00ednia, el primer [&hellip;]\" \/>\n<meta property=\"og:url\" content=\"https:\/\/damianruiz.eu\/ca\/un-enfocament-realista-del-tractament-de-les-addiccions\/\" \/>\n<meta property=\"og:site_name\" content=\"Dami\u00e1n Ruiz\" \/>\n<meta property=\"article:published_time\" content=\"2024-07-15T22:47:49+00:00\" \/>\n<meta property=\"og:image\" content=\"https:\/\/damianruiz.eu\/wp-content\/uploads\/2024\/07\/Un-enfoque-realista-del-tratamiento-de-las-adicciones.jpg\" \/>\n\t<meta property=\"og:image:width\" content=\"1280\" \/>\n\t<meta property=\"og:image:height\" content=\"720\" \/>\n\t<meta property=\"og:image:type\" content=\"image\/jpeg\" \/>\n<meta name=\"author\" content=\"miguel\" \/>\n<meta name=\"twitter:card\" content=\"summary_large_image\" \/>\n<meta name=\"twitter:label1\" content=\"Escrit per\" \/>\n\t<meta name=\"twitter:data1\" content=\"miguel\" \/>\n\t<meta name=\"twitter:label2\" content=\"Temps estimat de lectura\" \/>\n\t<meta name=\"twitter:data2\" content=\"3 minuts\" \/>\n<script type=\"application\/ld+json\" class=\"yoast-schema-graph\">{\"@context\":\"https:\\\/\\\/schema.org\",\"@graph\":[{\"@type\":\"Article\",\"@id\":\"https:\\\/\\\/damianruiz.eu\\\/ca\\\/un-enfocament-realista-del-tractament-de-les-addiccions\\\/#article\",\"isPartOf\":{\"@id\":\"https:\\\/\\\/damianruiz.eu\\\/ca\\\/un-enfocament-realista-del-tractament-de-les-addiccions\\\/\"},\"author\":{\"name\":\"miguel\",\"@id\":\"https:\\\/\\\/damianruiz.eu\\\/#\\\/schema\\\/person\\\/e444b3c1061a0d360f27766e132c9832\"},\"headline\":\"Un enfocament realista del tractament de les addiccions\",\"datePublished\":\"2024-07-15T22:47:49+00:00\",\"mainEntityOfPage\":{\"@id\":\"https:\\\/\\\/damianruiz.eu\\\/ca\\\/un-enfocament-realista-del-tractament-de-les-addiccions\\\/\"},\"wordCount\":573,\"publisher\":{\"@id\":\"https:\\\/\\\/damianruiz.eu\\\/#organization\"},\"image\":{\"@id\":\"https:\\\/\\\/damianruiz.eu\\\/ca\\\/un-enfocament-realista-del-tractament-de-les-addiccions\\\/#primaryimage\"},\"thumbnailUrl\":\"https:\\\/\\\/damianruiz.eu\\\/wp-content\\\/uploads\\\/2024\\\/07\\\/Un-enfoque-realista-del-tratamiento-de-las-adicciones.jpg\",\"inLanguage\":\"ca\"},{\"@type\":\"WebPage\",\"@id\":\"https:\\\/\\\/damianruiz.eu\\\/ca\\\/un-enfocament-realista-del-tractament-de-les-addiccions\\\/\",\"url\":\"https:\\\/\\\/damianruiz.eu\\\/ca\\\/un-enfocament-realista-del-tractament-de-les-addiccions\\\/\",\"name\":\"Un enfocament realista del tractament de les addiccions - Dami\u00e1n Ruiz\",\"isPartOf\":{\"@id\":\"https:\\\/\\\/damianruiz.eu\\\/#website\"},\"primaryImageOfPage\":{\"@id\":\"https:\\\/\\\/damianruiz.eu\\\/ca\\\/un-enfocament-realista-del-tractament-de-les-addiccions\\\/#primaryimage\"},\"image\":{\"@id\":\"https:\\\/\\\/damianruiz.eu\\\/ca\\\/un-enfocament-realista-del-tractament-de-les-addiccions\\\/#primaryimage\"},\"thumbnailUrl\":\"https:\\\/\\\/damianruiz.eu\\\/wp-content\\\/uploads\\\/2024\\\/07\\\/Un-enfoque-realista-del-tratamiento-de-las-adicciones.jpg\",\"datePublished\":\"2024-07-15T22:47:49+00:00\",\"breadcrumb\":{\"@id\":\"https:\\\/\\\/damianruiz.eu\\\/ca\\\/un-enfocament-realista-del-tractament-de-les-addiccions\\\/#breadcrumb\"},\"inLanguage\":\"ca\",\"potentialAction\":[{\"@type\":\"ReadAction\",\"target\":[\"https:\\\/\\\/damianruiz.eu\\\/ca\\\/un-enfocament-realista-del-tractament-de-les-addiccions\\\/\"]}]},{\"@type\":\"ImageObject\",\"inLanguage\":\"ca\",\"@id\":\"https:\\\/\\\/damianruiz.eu\\\/ca\\\/un-enfocament-realista-del-tractament-de-les-addiccions\\\/#primaryimage\",\"url\":\"https:\\\/\\\/damianruiz.eu\\\/wp-content\\\/uploads\\\/2024\\\/07\\\/Un-enfoque-realista-del-tratamiento-de-las-adicciones.jpg\",\"contentUrl\":\"https:\\\/\\\/damianruiz.eu\\\/wp-content\\\/uploads\\\/2024\\\/07\\\/Un-enfoque-realista-del-tratamiento-de-las-adicciones.jpg\",\"width\":1280,\"height\":720},{\"@type\":\"BreadcrumbList\",\"@id\":\"https:\\\/\\\/damianruiz.eu\\\/ca\\\/un-enfocament-realista-del-tractament-de-les-addiccions\\\/#breadcrumb\",\"itemListElement\":[{\"@type\":\"ListItem\",\"position\":1,\"name\":\"Portada\",\"item\":\"https:\\\/\\\/damianruiz.eu\\\/ca\\\/\"},{\"@type\":\"ListItem\",\"position\":2,\"name\":\"Un enfocament realista del tractament de les addiccions\"}]},{\"@type\":\"WebSite\",\"@id\":\"https:\\\/\\\/damianruiz.eu\\\/#website\",\"url\":\"https:\\\/\\\/damianruiz.eu\\\/\",\"name\":\"Dami\u00e1n Ruiz\",\"description\":\"Licenciado y Postgraduado en Psicolog\u00eda por la Universidad de Barcelona.\",\"publisher\":{\"@id\":\"https:\\\/\\\/damianruiz.eu\\\/#organization\"},\"potentialAction\":[{\"@type\":\"SearchAction\",\"target\":{\"@type\":\"EntryPoint\",\"urlTemplate\":\"https:\\\/\\\/damianruiz.eu\\\/?s={search_term_string}\"},\"query-input\":{\"@type\":\"PropertyValueSpecification\",\"valueRequired\":true,\"valueName\":\"search_term_string\"}}],\"inLanguage\":\"ca\"},{\"@type\":\"Organization\",\"@id\":\"https:\\\/\\\/damianruiz.eu\\\/#organization\",\"name\":\"Dami\u00e1n Ruiz\",\"url\":\"https:\\\/\\\/damianruiz.eu\\\/\",\"logo\":{\"@type\":\"ImageObject\",\"inLanguage\":\"ca\",\"@id\":\"https:\\\/\\\/damianruiz.eu\\\/#\\\/schema\\\/logo\\\/image\\\/\",\"url\":\"https:\\\/\\\/damianruiz.eu\\\/wp-content\\\/uploads\\\/2024\\\/04\\\/cropped-logo-2024-damian-ruiz-233.png\",\"contentUrl\":\"https:\\\/\\\/damianruiz.eu\\\/wp-content\\\/uploads\\\/2024\\\/04\\\/cropped-logo-2024-damian-ruiz-233.png\",\"width\":233,\"height\":60,\"caption\":\"Dami\u00e1n Ruiz\"},\"image\":{\"@id\":\"https:\\\/\\\/damianruiz.eu\\\/#\\\/schema\\\/logo\\\/image\\\/\"}},{\"@type\":\"Person\",\"@id\":\"https:\\\/\\\/damianruiz.eu\\\/#\\\/schema\\\/person\\\/e444b3c1061a0d360f27766e132c9832\",\"name\":\"miguel\",\"url\":\"https:\\\/\\\/damianruiz.eu\\\/ca\\\/author\\\/miguel\\\/\"}]}<\/script>\n<!-- \/ Yoast SEO plugin. -->","yoast_head_json":{"title":"Un enfocament realista del tractament de les addiccions - Dami\u00e1n Ruiz","robots":{"index":"index","follow":"follow","max-snippet":"max-snippet:-1","max-image-preview":"max-image-preview:large","max-video-preview":"max-video-preview:-1"},"canonical":"https:\/\/damianruiz.eu\/ca\/un-enfocament-realista-del-tractament-de-les-addiccions\/","og_locale":"ca_ES","og_type":"article","og_title":"Un enfocament realista del tractament de les addiccions - Dami\u00e1n Ruiz","og_description":"Dami\u00e1n Ruiz &nbsp; Quan un pacient contacta amb la intenci\u00f3 de fer ter\u00e0pia individual, presencial o en l\u00ednia, el primer [&hellip;]","og_url":"https:\/\/damianruiz.eu\/ca\/un-enfocament-realista-del-tractament-de-les-addiccions\/","og_site_name":"Dami\u00e1n Ruiz","article_published_time":"2024-07-15T22:47:49+00:00","og_image":[{"width":1280,"height":720,"url":"https:\/\/damianruiz.eu\/wp-content\/uploads\/2024\/07\/Un-enfoque-realista-del-tratamiento-de-las-adicciones.jpg","type":"image\/jpeg"}],"author":"miguel","twitter_card":"summary_large_image","twitter_misc":{"Escrit per":"miguel","Temps estimat de lectura":"3 minuts"},"schema":{"@context":"https:\/\/schema.org","@graph":[{"@type":"Article","@id":"https:\/\/damianruiz.eu\/ca\/un-enfocament-realista-del-tractament-de-les-addiccions\/#article","isPartOf":{"@id":"https:\/\/damianruiz.eu\/ca\/un-enfocament-realista-del-tractament-de-les-addiccions\/"},"author":{"name":"miguel","@id":"https:\/\/damianruiz.eu\/#\/schema\/person\/e444b3c1061a0d360f27766e132c9832"},"headline":"Un enfocament realista del tractament de les addiccions","datePublished":"2024-07-15T22:47:49+00:00","mainEntityOfPage":{"@id":"https:\/\/damianruiz.eu\/ca\/un-enfocament-realista-del-tractament-de-les-addiccions\/"},"wordCount":573,"publisher":{"@id":"https:\/\/damianruiz.eu\/#organization"},"image":{"@id":"https:\/\/damianruiz.eu\/ca\/un-enfocament-realista-del-tractament-de-les-addiccions\/#primaryimage"},"thumbnailUrl":"https:\/\/damianruiz.eu\/wp-content\/uploads\/2024\/07\/Un-enfoque-realista-del-tratamiento-de-las-adicciones.jpg","inLanguage":"ca"},{"@type":"WebPage","@id":"https:\/\/damianruiz.eu\/ca\/un-enfocament-realista-del-tractament-de-les-addiccions\/","url":"https:\/\/damianruiz.eu\/ca\/un-enfocament-realista-del-tractament-de-les-addiccions\/","name":"Un enfocament realista del tractament de les addiccions - Dami\u00e1n Ruiz","isPartOf":{"@id":"https:\/\/damianruiz.eu\/#website"},"primaryImageOfPage":{"@id":"https:\/\/damianruiz.eu\/ca\/un-enfocament-realista-del-tractament-de-les-addiccions\/#primaryimage"},"image":{"@id":"https:\/\/damianruiz.eu\/ca\/un-enfocament-realista-del-tractament-de-les-addiccions\/#primaryimage"},"thumbnailUrl":"https:\/\/damianruiz.eu\/wp-content\/uploads\/2024\/07\/Un-enfoque-realista-del-tratamiento-de-las-adicciones.jpg","datePublished":"2024-07-15T22:47:49+00:00","breadcrumb":{"@id":"https:\/\/damianruiz.eu\/ca\/un-enfocament-realista-del-tractament-de-les-addiccions\/#breadcrumb"},"inLanguage":"ca","potentialAction":[{"@type":"ReadAction","target":["https:\/\/damianruiz.eu\/ca\/un-enfocament-realista-del-tractament-de-les-addiccions\/"]}]},{"@type":"ImageObject","inLanguage":"ca","@id":"https:\/\/damianruiz.eu\/ca\/un-enfocament-realista-del-tractament-de-les-addiccions\/#primaryimage","url":"https:\/\/damianruiz.eu\/wp-content\/uploads\/2024\/07\/Un-enfoque-realista-del-tratamiento-de-las-adicciones.jpg","contentUrl":"https:\/\/damianruiz.eu\/wp-content\/uploads\/2024\/07\/Un-enfoque-realista-del-tratamiento-de-las-adicciones.jpg","width":1280,"height":720},{"@type":"BreadcrumbList","@id":"https:\/\/damianruiz.eu\/ca\/un-enfocament-realista-del-tractament-de-les-addiccions\/#breadcrumb","itemListElement":[{"@type":"ListItem","position":1,"name":"Portada","item":"https:\/\/damianruiz.eu\/ca\/"},{"@type":"ListItem","position":2,"name":"Un enfocament realista del tractament de les addiccions"}]},{"@type":"WebSite","@id":"https:\/\/damianruiz.eu\/#website","url":"https:\/\/damianruiz.eu\/","name":"Dami\u00e1n Ruiz","description":"Licenciado y Postgraduado en Psicolog\u00eda por la Universidad de Barcelona.","publisher":{"@id":"https:\/\/damianruiz.eu\/#organization"},"potentialAction":[{"@type":"SearchAction","target":{"@type":"EntryPoint","urlTemplate":"https:\/\/damianruiz.eu\/?s={search_term_string}"},"query-input":{"@type":"PropertyValueSpecification","valueRequired":true,"valueName":"search_term_string"}}],"inLanguage":"ca"},{"@type":"Organization","@id":"https:\/\/damianruiz.eu\/#organization","name":"Dami\u00e1n Ruiz","url":"https:\/\/damianruiz.eu\/","logo":{"@type":"ImageObject","inLanguage":"ca","@id":"https:\/\/damianruiz.eu\/#\/schema\/logo\/image\/","url":"https:\/\/damianruiz.eu\/wp-content\/uploads\/2024\/04\/cropped-logo-2024-damian-ruiz-233.png","contentUrl":"https:\/\/damianruiz.eu\/wp-content\/uploads\/2024\/04\/cropped-logo-2024-damian-ruiz-233.png","width":233,"height":60,"caption":"Dami\u00e1n Ruiz"},"image":{"@id":"https:\/\/damianruiz.eu\/#\/schema\/logo\/image\/"}},{"@type":"Person","@id":"https:\/\/damianruiz.eu\/#\/schema\/person\/e444b3c1061a0d360f27766e132c9832","name":"miguel","url":"https:\/\/damianruiz.eu\/ca\/author\/miguel\/"}]}},"uagb_featured_image_src":{"full":["https:\/\/damianruiz.eu\/wp-content\/uploads\/2024\/07\/Un-enfoque-realista-del-tratamiento-de-las-adicciones.jpg",1280,720,false],"thumbnail":["https:\/\/damianruiz.eu\/wp-content\/uploads\/2024\/07\/Un-enfoque-realista-del-tratamiento-de-las-adicciones-150x150.jpg",150,150,true],"medium":["https:\/\/damianruiz.eu\/wp-content\/uploads\/2024\/07\/Un-enfoque-realista-del-tratamiento-de-las-adicciones-300x169.jpg",300,169,true],"medium_large":["https:\/\/damianruiz.eu\/wp-content\/uploads\/2024\/07\/Un-enfoque-realista-del-tratamiento-de-las-adicciones-768x432.jpg",768,432,true],"large":["https:\/\/damianruiz.eu\/wp-content\/uploads\/2024\/07\/Un-enfoque-realista-del-tratamiento-de-las-adicciones-1024x576.jpg",1024,576,true],"1536x1536":["https:\/\/damianruiz.eu\/wp-content\/uploads\/2024\/07\/Un-enfoque-realista-del-tratamiento-de-las-adicciones.jpg",1280,720,false],"2048x2048":["https:\/\/damianruiz.eu\/wp-content\/uploads\/2024\/07\/Un-enfoque-realista-del-tratamiento-de-las-adicciones.jpg",1280,720,false]},"uagb_author_info":{"display_name":"miguel","author_link":"https:\/\/damianruiz.eu\/ca\/author\/miguel\/"},"uagb_comment_info":0,"uagb_excerpt":"Dami\u00e1n Ruiz &nbsp; Quan un pacient contacta amb la intenci\u00f3 de fer ter\u00e0pia individual, presencial o en l\u00ednia, el primer [&hellip;]","_links":{"self":[{"href":"https:\/\/damianruiz.eu\/ca\/wp-json\/wp\/v2\/posts\/2662","targetHints":{"allow":["GET"]}}],"collection":[{"href":"https:\/\/damianruiz.eu\/ca\/wp-json\/wp\/v2\/posts"}],"about":[{"href":"https:\/\/damianruiz.eu\/ca\/wp-json\/wp\/v2\/types\/post"}],"author":[{"embeddable":true,"href":"https:\/\/damianruiz.eu\/ca\/wp-json\/wp\/v2\/users\/3"}],"replies":[{"embeddable":true,"href":"https:\/\/damianruiz.eu\/ca\/wp-json\/wp\/v2\/comments?post=2662"}],"version-history":[{"count":1,"href":"https:\/\/damianruiz.eu\/ca\/wp-json\/wp\/v2\/posts\/2662\/revisions"}],"predecessor-version":[{"id":2663,"href":"https:\/\/damianruiz.eu\/ca\/wp-json\/wp\/v2\/posts\/2662\/revisions\/2663"}],"wp:featuredmedia":[{"embeddable":true,"href":"https:\/\/damianruiz.eu\/ca\/wp-json\/wp\/v2\/media\/2653"}],"wp:attachment":[{"href":"https:\/\/damianruiz.eu\/ca\/wp-json\/wp\/v2\/media?parent=2662"}],"wp:term":[{"taxonomy":"category","embeddable":true,"href":"https:\/\/damianruiz.eu\/ca\/wp-json\/wp\/v2\/categories?post=2662"},{"taxonomy":"post_tag","embeddable":true,"href":"https:\/\/damianruiz.eu\/ca\/wp-json\/wp\/v2\/tags?post=2662"}],"curies":[{"name":"wp","href":"https:\/\/api.w.org\/{rel}","templated":true}]}}