{"id":3071,"date":"2025-08-28T11:12:24","date_gmt":"2025-08-28T11:12:24","guid":{"rendered":"https:\/\/damianruiz.eu\/?p=3071"},"modified":"2025-08-28T11:12:24","modified_gmt":"2025-08-28T11:12:24","slug":"paris-hockney-i-el-sentit-de-la-vida","status":"publish","type":"post","link":"https:\/\/damianruiz.eu\/ca\/paris-hockney-i-el-sentit-de-la-vida\/","title":{"rendered":"Par\u00eds, Hockney i el sentit de la vida"},"content":{"rendered":"<p><span style=\"font-weight: 400;\">Dami\u00e1n Ruiz<\/span><\/p>\n<p><span style=\"font-weight: 400;\">La manca de noves perspectives, d\u2019horitzons, d\u2019obertura cap al nou, cap a la hist\u00f2ria, o cap al coneixement en totes les seves varietats i especialment cap a les arts i la literatura, van produint una certa rigidesa cognitiva amb el pas dels anys.<\/span><span style=\"font-weight: 400;\"><br \/>\n<\/span><span style=\"font-weight: 400;\"> \u00c9s a dir, el cervell es mou amb una informaci\u00f3 reiterativa o, el que \u00e9s pitjor, amb una consumida a trav\u00e9s de les xarxes socials i d\u2019internet que no aporta cap experi\u00e8ncia pr\u00f2pia.<\/span><span style=\"font-weight: 400;\"><br \/>\n<\/span><span style=\"font-weight: 400;\"> Sortir al m\u00f3n, independentment de les condicions econ\u00f2miques, \u2014jo mateix en la meva joventut vaig viatjar en autocars, trens o fent autoestop i vaig dormir en albergs, hostals, resid\u00e8ncies d\u2019estudiants, alguns llocs no especialment recomanables\u2014 \u00e9s quelcom al que tota persona hauria d\u2019aspirar, per\u00f2 no per l\u2019exercici buit del turisme de postal que no aporta res o ben poc i que nom\u00e9s serveix per a fotos d\u2019Instagram, sin\u00f3 per l\u2019experi\u00e8ncia de con\u00e8ixer alguna cosa nova, la qual inclou costums i mentalitats diferents que poden oferir una visi\u00f3 diferent de la realitat.<\/span><\/p>\n<p><span style=\"font-weight: 400;\">A mi, que Barcelona, la meva ciutat, sempre m\u2019ha semblat encantadora per\u00f2 petita, en el sentit d\u2019aut\u00e8ntic cosmopolitisme i innovaci\u00f3, les grans urbs, en canvi, especialment Par\u00eds i Nova York, m\u2019han resultat altament estimulants. I ho s\u00f3n molt malgrat un mateix. No et deixen subsistir si no t\u2019hi esforces o assoleixes un cert grau d\u2019excel\u00b7l\u00e8ncia, no s\u00f3n c\u00f2modes perqu\u00e8 et demanen el millor de tu si les vols habitar; altrament t\u2019expulsen i no queda m\u00e9s remei que revisitar-les quan sigui possible.<\/span><span style=\"font-weight: 400;\"><br \/>\n<\/span><span style=\"font-weight: 400;\"> \u00c9s cert que mai no vaig intentar residir-hi, entre altres coses perqu\u00e8, com em va dir un amic belga que exerceix de professor de matem\u00e0tiques a la capital francesa: \u201cSi vius aqu\u00ed, Par\u00eds ja no ser\u00e0 el teu Par\u00eds\u201d, s\u00e0via sent\u00e8ncia que coincideix amb el que escriu Enric Gonz\u00e1lez a <\/span><i><span style=\"font-weight: 400;\">Hist\u00f2ries de Nova York<\/span><\/i><span style=\"font-weight: 400;\">: \u201cUn veu la ciutat que porta dins\u201d.<\/span><\/p>\n<p><span style=\"font-weight: 400;\">He llegit molt sobre la Fran\u00e7a, i especialment el Par\u00eds, del segle XX, i no puc evitar que el meu imaginari aparegui en tota la seva dimensi\u00f3 quan recorro els carrers de la vella ciutat, d\u2019aquella Meca d\u2019Occident, probablement la capital de la nostra civilitzaci\u00f3. Hi percebo tot all\u00f2 que, en la mesura dels meus coneixements, hi va ser viscut, experimentat, sentit\u2026 i em descobreixo a mi mateix a trav\u00e9s d\u2019aquests recorreguts que, en algunes ocasions he fet sol, en d\u2019altres acompanyat de la meva esposa o d\u2019amics. Un esperit entre idealista i rom\u00e0ntic, encara que no s\u00f3c especialment sentimental, m\u2019alimenta i em d\u00f3na forces per continuar amb la meva tasca terap\u00e8utica i per encoratjar els altres a anar descobrint-se a trav\u00e9s de les experi\u00e8ncies.<\/span><\/p>\n<p><span style=\"font-weight: 400;\">Quant millorar\u00edem en tots els aspectes si ampli\u00e9ssim el nostre espai ps\u00edquic, si augment\u00e9ssim els nostres coneixements i el nostre nivell de consci\u00e8ncia?<\/span><span style=\"font-weight: 400;\"><br \/>\n<\/span><span style=\"font-weight: 400;\"> La vida nom\u00e9s t\u00e9 sentit si, en una part important, \u00e9s profunda i aconseguim donar-li una direcci\u00f3, i ho diu alg\u00fa que pot i sap gaudir del trivial, sempre que aix\u00f2 ocupi una porci\u00f3 petita de l\u2019exist\u00e8ncia. Per\u00f2 sense focus, sense treball a fons, normalment la convertim en una ximpleria neur\u00f2tica que busca constantment novetats i not\u00edcies amb qu\u00e8 distreure\u2019s, i d\u2019aqu\u00ed tants problemes de d\u00e8ficit d\u2019atenci\u00f3, d\u2019ansietat, de manca d\u2019orientaci\u00f3 vital i, moltes vegades, de depressi\u00f3.<\/span><\/p>\n<p><span style=\"font-weight: 400;\">Recordo que en un moment dif\u00edcil de la meva vida, despr\u00e9s de la mort prematura de la meva mare, i en el qual es va accentuar la meva espiritualitat i les meves creences religioses, \u2014s\u00f3c un liberal poc dogm\u00e0tic en la moral i escassament practicant a causa, entre altres coses, que, al meu parer, les misses actuals adormen les ovelles i requeririen una mica m\u00e9s d\u2019enervaci\u00f3\u2014, em vaig dedicar a llegir textos m\u00edstics i teol\u00f2gics de cert abast, entre ells, com ja he comentat en alguna ocasi\u00f3, la <\/span><i><span style=\"font-weight: 400;\">Summa Theologiae<\/span><\/i><span style=\"font-weight: 400;\"> de Tom\u00e0s d\u2019Aquino, un tractat de gran profunditat i bellesa.<\/span><span style=\"font-weight: 400;\"><br \/>\n<\/span><span style=\"font-weight: 400;\"> Doncs en aquells moments de dolor reconec que hi va haver un cert grau de felicitat perqu\u00e8, si penetres en quelcom de tal envergadura i hi connectes, no pots evitar sentir un profund rep\u00f2s interior que et porta a sentir-te b\u00e9.<\/span><\/p>\n<p><span style=\"font-weight: 400;\">Ens perdem, entre tant de soroll, el coneixement tant extrovertit \u2014els viatges, per exemple\u2014 com introvertit, aquell que proveeix la lectura, el cinema, les arts, la m\u00fasica\u2026 I, si b\u00e9 \u00e9s cert que tot aix\u00f2 requereix un esfor\u00e7, aquest \u00e9s compensat per un major grau de tranquil\u00b7litat i d\u2019obertura.<\/span><\/p>\n<p><span style=\"font-weight: 400;\">Comentar que en la recent visita a Par\u00eds vam acudir a l\u2019exposici\u00f3 de David Hockney, el gran pintor brit\u00e0nic nascut el 1937. Fotos d\u2019un home somrient en la seva vellesa pengen d\u2019algunes sales, i els seus idolatrats nus masculins d\u2019altres \u00e8poques donen pas \u2014la selecci\u00f3 de les obres \u00e9s seva\u2014 a un desplegament de paisatges, d\u2019una natura calma i radiant que pot ser interpretada com un proc\u00e9s d\u2019apropament savi a un sentit de la vida deslligat del desig i harmoni\u00f3s amb el pas del temps.<\/span><span style=\"font-weight: 400;\"><br \/>\n<\/span><span style=\"font-weight: 400;\"> La seva vitalitat i una mirada somrient, entremaliada i alhora plena de consci\u00e8ncia ens indiquen el progr\u00e9s vital d\u2019alg\u00fa que, probablement, partia de la pulsi\u00f3 de la joventut per acabar reconciliant-se amb all\u00f2 que \u00e9s essencial.<\/span><\/p>\n<p><span style=\"font-weight: 400;\">La vida requereix esfor\u00e7, de vegades molt, i treball, i passar per tota mena de circumst\u00e0ncies, per\u00f2 si un eleva la seva mirada, el seu cor, si aspira a connectar amb el coneixement, millor encara, amb la saviesa, hi ha quelcom, rec\u00f2ndit, misteri\u00f3s, secret, que t\u2019ajuda.<\/span><\/p>\n<p><span style=\"font-weight: 400;\">\u201cFortes fortuna adiuvat\u201d, \u201cLa sort ajuda els valents\u201d o encara millor: \u201cEn el moment en qu\u00e8 un es compromet de veritat, la provid\u00e8ncia tamb\u00e9 actua. Tot el que puguis fer o somiar, comen\u00e7a-ho. L\u2019osadia t\u00e9 geni, poder i m\u00e0gia\u201d. Johann W. von Goethe.<\/span><\/p>\n<p><span style=\"font-weight: 400;\">El sentit de la vida comen\u00e7a per aprendre a concentrar-se i evitar les distraccions banals.<\/span><\/p>\n<p><span style=\"font-weight: 400;\">Dami\u00e1n Ruiz<\/span><span style=\"font-weight: 400;\"><br \/>\n<\/span><span style=\"font-weight: 400;\"> Barcelona, 28 d\u2019agost de 2025<\/span><span style=\"font-weight: 400;\"><br \/>\n<\/span><a href=\"http:\/\/www.damianruiz.eu\/\"> <span style=\"font-weight: 400;\">www.damianruiz.eu<\/span><\/a><\/p>\n","protected":false},"excerpt":{"rendered":"<p>Dami\u00e1n Ruiz La manca de noves perspectives, d\u2019horitzons, d\u2019obertura cap al nou, cap a la hist\u00f2ria, o cap al coneixement [&hellip;]<\/p>\n","protected":false},"author":3,"featured_media":3066,"comment_status":"closed","ping_status":"closed","sticky":false,"template":"","format":"standard","meta":{"_uag_custom_page_level_css":"","site-sidebar-layout":"default","site-content-layout":"","ast-site-content-layout":"default","site-content-style":"default","site-sidebar-style":"default","ast-global-header-display":"","ast-banner-title-visibility":"","ast-main-header-display":"","ast-hfb-above-header-display":"","ast-hfb-below-header-display":"","ast-hfb-mobile-header-display":"","site-post-title":"","ast-breadcrumbs-content":"","ast-featured-img":"","footer-sml-layout":"","theme-transparent-header-meta":"default","adv-header-id-meta":"","stick-header-meta":"","header-above-stick-meta":"","header-main-stick-meta":"","header-below-stick-meta":"","astra-migrate-meta-layouts":"set","ast-page-background-enabled":"default","ast-page-background-meta":{"desktop":{"background-color":"var(--ast-global-color-4)","background-image":"","background-repeat":"repeat","background-position":"center center","background-size":"auto","background-attachment":"scroll","background-type":"","background-media":"","overlay-type":"","overlay-color":"","overlay-opacity":"","overlay-gradient":""},"tablet":{"background-color":"","background-image":"","background-repeat":"repeat","background-position":"center center","background-size":"auto","background-attachment":"scroll","background-type":"","background-media":"","overlay-type":"","overlay-color":"","overlay-opacity":"","overlay-gradient":""},"mobile":{"background-color":"","background-image":"","background-repeat":"repeat","background-position":"center center","background-size":"auto","background-attachment":"scroll","background-type":"","background-media":"","overlay-type":"","overlay-color":"","overlay-opacity":"","overlay-gradient":""}},"ast-content-background-meta":{"desktop":{"background-color":"var(--ast-global-color-5)","background-image":"","background-repeat":"repeat","background-position":"center center","background-size":"auto","background-attachment":"scroll","background-type":"","background-media":"","overlay-type":"","overlay-color":"","overlay-opacity":"","overlay-gradient":""},"tablet":{"background-color":"var(--ast-global-color-5)","background-image":"","background-repeat":"repeat","background-position":"center center","background-size":"auto","background-attachment":"scroll","background-type":"","background-media":"","overlay-type":"","overlay-color":"","overlay-opacity":"","overlay-gradient":""},"mobile":{"background-color":"var(--ast-global-color-5)","background-image":"","background-repeat":"repeat","background-position":"center center","background-size":"auto","background-attachment":"scroll","background-type":"","background-media":"","overlay-type":"","overlay-color":"","overlay-opacity":"","overlay-gradient":""}},"footnotes":""},"categories":[],"tags":[],"class_list":["post-3071","post","type-post","status-publish","format-standard","has-post-thumbnail","hentry"],"yoast_head":"<!-- This site is optimized with the Yoast SEO plugin v27.5 - https:\/\/yoast.com\/product\/yoast-seo-wordpress\/ -->\n<title>Par\u00eds, Hockney i el sentit de la vida - Dami\u00e1n Ruiz<\/title>\n<meta name=\"robots\" content=\"index, follow, max-snippet:-1, max-image-preview:large, max-video-preview:-1\" \/>\n<link rel=\"canonical\" href=\"https:\/\/damianruiz.eu\/ca\/paris-hockney-i-el-sentit-de-la-vida\/\" \/>\n<meta property=\"og:locale\" content=\"ca_ES\" \/>\n<meta property=\"og:type\" content=\"article\" \/>\n<meta property=\"og:title\" content=\"Par\u00eds, Hockney i el sentit de la vida - Dami\u00e1n Ruiz\" \/>\n<meta property=\"og:description\" content=\"Dami\u00e1n Ruiz La manca de noves perspectives, d\u2019horitzons, d\u2019obertura cap al nou, cap a la hist\u00f2ria, o cap al coneixement [&hellip;]\" \/>\n<meta property=\"og:url\" content=\"https:\/\/damianruiz.eu\/ca\/paris-hockney-i-el-sentit-de-la-vida\/\" \/>\n<meta property=\"og:site_name\" content=\"Dami\u00e1n Ruiz\" \/>\n<meta property=\"article:published_time\" content=\"2025-08-28T11:12:24+00:00\" \/>\n<meta property=\"og:image\" content=\"https:\/\/damianruiz.eu\/wp-content\/uploads\/2025\/08\/Paris-Hockney-y-el-sentido-de-la-vida.jpg\" \/>\n\t<meta property=\"og:image:width\" content=\"1280\" \/>\n\t<meta property=\"og:image:height\" content=\"723\" \/>\n\t<meta property=\"og:image:type\" content=\"image\/jpeg\" \/>\n<meta name=\"author\" content=\"miguel\" \/>\n<meta name=\"twitter:card\" content=\"summary_large_image\" \/>\n<meta name=\"twitter:label1\" content=\"Escrit per\" \/>\n\t<meta name=\"twitter:data1\" content=\"miguel\" \/>\n\t<meta name=\"twitter:label2\" content=\"Temps estimat de lectura\" \/>\n\t<meta name=\"twitter:data2\" content=\"5 minuts\" \/>\n<script type=\"application\/ld+json\" class=\"yoast-schema-graph\">{\"@context\":\"https:\\\/\\\/schema.org\",\"@graph\":[{\"@type\":\"Article\",\"@id\":\"https:\\\/\\\/damianruiz.eu\\\/ca\\\/paris-hockney-i-el-sentit-de-la-vida\\\/#article\",\"isPartOf\":{\"@id\":\"https:\\\/\\\/damianruiz.eu\\\/ca\\\/paris-hockney-i-el-sentit-de-la-vida\\\/\"},\"author\":{\"name\":\"miguel\",\"@id\":\"https:\\\/\\\/damianruiz.eu\\\/#\\\/schema\\\/person\\\/e444b3c1061a0d360f27766e132c9832\"},\"headline\":\"Par\u00eds, Hockney i el sentit de la vida\",\"datePublished\":\"2025-08-28T11:12:24+00:00\",\"mainEntityOfPage\":{\"@id\":\"https:\\\/\\\/damianruiz.eu\\\/ca\\\/paris-hockney-i-el-sentit-de-la-vida\\\/\"},\"wordCount\":1076,\"publisher\":{\"@id\":\"https:\\\/\\\/damianruiz.eu\\\/#organization\"},\"image\":{\"@id\":\"https:\\\/\\\/damianruiz.eu\\\/ca\\\/paris-hockney-i-el-sentit-de-la-vida\\\/#primaryimage\"},\"thumbnailUrl\":\"https:\\\/\\\/damianruiz.eu\\\/wp-content\\\/uploads\\\/2025\\\/08\\\/Paris-Hockney-y-el-sentido-de-la-vida.jpg\",\"inLanguage\":\"ca\"},{\"@type\":\"WebPage\",\"@id\":\"https:\\\/\\\/damianruiz.eu\\\/ca\\\/paris-hockney-i-el-sentit-de-la-vida\\\/\",\"url\":\"https:\\\/\\\/damianruiz.eu\\\/ca\\\/paris-hockney-i-el-sentit-de-la-vida\\\/\",\"name\":\"Par\u00eds, Hockney i el sentit de la vida - Dami\u00e1n Ruiz\",\"isPartOf\":{\"@id\":\"https:\\\/\\\/damianruiz.eu\\\/#website\"},\"primaryImageOfPage\":{\"@id\":\"https:\\\/\\\/damianruiz.eu\\\/ca\\\/paris-hockney-i-el-sentit-de-la-vida\\\/#primaryimage\"},\"image\":{\"@id\":\"https:\\\/\\\/damianruiz.eu\\\/ca\\\/paris-hockney-i-el-sentit-de-la-vida\\\/#primaryimage\"},\"thumbnailUrl\":\"https:\\\/\\\/damianruiz.eu\\\/wp-content\\\/uploads\\\/2025\\\/08\\\/Paris-Hockney-y-el-sentido-de-la-vida.jpg\",\"datePublished\":\"2025-08-28T11:12:24+00:00\",\"breadcrumb\":{\"@id\":\"https:\\\/\\\/damianruiz.eu\\\/ca\\\/paris-hockney-i-el-sentit-de-la-vida\\\/#breadcrumb\"},\"inLanguage\":\"ca\",\"potentialAction\":[{\"@type\":\"ReadAction\",\"target\":[\"https:\\\/\\\/damianruiz.eu\\\/ca\\\/paris-hockney-i-el-sentit-de-la-vida\\\/\"]}]},{\"@type\":\"ImageObject\",\"inLanguage\":\"ca\",\"@id\":\"https:\\\/\\\/damianruiz.eu\\\/ca\\\/paris-hockney-i-el-sentit-de-la-vida\\\/#primaryimage\",\"url\":\"https:\\\/\\\/damianruiz.eu\\\/wp-content\\\/uploads\\\/2025\\\/08\\\/Paris-Hockney-y-el-sentido-de-la-vida.jpg\",\"contentUrl\":\"https:\\\/\\\/damianruiz.eu\\\/wp-content\\\/uploads\\\/2025\\\/08\\\/Paris-Hockney-y-el-sentido-de-la-vida.jpg\",\"width\":1280,\"height\":723},{\"@type\":\"BreadcrumbList\",\"@id\":\"https:\\\/\\\/damianruiz.eu\\\/ca\\\/paris-hockney-i-el-sentit-de-la-vida\\\/#breadcrumb\",\"itemListElement\":[{\"@type\":\"ListItem\",\"position\":1,\"name\":\"Portada\",\"item\":\"https:\\\/\\\/damianruiz.eu\\\/ca\\\/\"},{\"@type\":\"ListItem\",\"position\":2,\"name\":\"Par\u00eds, Hockney i el sentit de la vida\"}]},{\"@type\":\"WebSite\",\"@id\":\"https:\\\/\\\/damianruiz.eu\\\/#website\",\"url\":\"https:\\\/\\\/damianruiz.eu\\\/\",\"name\":\"Dami\u00e1n Ruiz\",\"description\":\"Licenciado y Postgraduado en Psicolog\u00eda por la Universidad de Barcelona.\",\"publisher\":{\"@id\":\"https:\\\/\\\/damianruiz.eu\\\/#organization\"},\"potentialAction\":[{\"@type\":\"SearchAction\",\"target\":{\"@type\":\"EntryPoint\",\"urlTemplate\":\"https:\\\/\\\/damianruiz.eu\\\/?s={search_term_string}\"},\"query-input\":{\"@type\":\"PropertyValueSpecification\",\"valueRequired\":true,\"valueName\":\"search_term_string\"}}],\"inLanguage\":\"ca\"},{\"@type\":\"Organization\",\"@id\":\"https:\\\/\\\/damianruiz.eu\\\/#organization\",\"name\":\"Dami\u00e1n Ruiz\",\"url\":\"https:\\\/\\\/damianruiz.eu\\\/\",\"logo\":{\"@type\":\"ImageObject\",\"inLanguage\":\"ca\",\"@id\":\"https:\\\/\\\/damianruiz.eu\\\/#\\\/schema\\\/logo\\\/image\\\/\",\"url\":\"https:\\\/\\\/damianruiz.eu\\\/wp-content\\\/uploads\\\/2024\\\/04\\\/cropped-logo-2024-damian-ruiz-233.png\",\"contentUrl\":\"https:\\\/\\\/damianruiz.eu\\\/wp-content\\\/uploads\\\/2024\\\/04\\\/cropped-logo-2024-damian-ruiz-233.png\",\"width\":233,\"height\":60,\"caption\":\"Dami\u00e1n Ruiz\"},\"image\":{\"@id\":\"https:\\\/\\\/damianruiz.eu\\\/#\\\/schema\\\/logo\\\/image\\\/\"}},{\"@type\":\"Person\",\"@id\":\"https:\\\/\\\/damianruiz.eu\\\/#\\\/schema\\\/person\\\/e444b3c1061a0d360f27766e132c9832\",\"name\":\"miguel\",\"url\":\"https:\\\/\\\/damianruiz.eu\\\/ca\\\/author\\\/miguel\\\/\"}]}<\/script>\n<!-- \/ Yoast SEO plugin. -->","yoast_head_json":{"title":"Par\u00eds, Hockney i el sentit de la vida - Dami\u00e1n Ruiz","robots":{"index":"index","follow":"follow","max-snippet":"max-snippet:-1","max-image-preview":"max-image-preview:large","max-video-preview":"max-video-preview:-1"},"canonical":"https:\/\/damianruiz.eu\/ca\/paris-hockney-i-el-sentit-de-la-vida\/","og_locale":"ca_ES","og_type":"article","og_title":"Par\u00eds, Hockney i el sentit de la vida - Dami\u00e1n Ruiz","og_description":"Dami\u00e1n Ruiz La manca de noves perspectives, d\u2019horitzons, d\u2019obertura cap al nou, cap a la hist\u00f2ria, o cap al coneixement [&hellip;]","og_url":"https:\/\/damianruiz.eu\/ca\/paris-hockney-i-el-sentit-de-la-vida\/","og_site_name":"Dami\u00e1n Ruiz","article_published_time":"2025-08-28T11:12:24+00:00","og_image":[{"width":1280,"height":723,"url":"https:\/\/damianruiz.eu\/wp-content\/uploads\/2025\/08\/Paris-Hockney-y-el-sentido-de-la-vida.jpg","type":"image\/jpeg"}],"author":"miguel","twitter_card":"summary_large_image","twitter_misc":{"Escrit per":"miguel","Temps estimat de lectura":"5 minuts"},"schema":{"@context":"https:\/\/schema.org","@graph":[{"@type":"Article","@id":"https:\/\/damianruiz.eu\/ca\/paris-hockney-i-el-sentit-de-la-vida\/#article","isPartOf":{"@id":"https:\/\/damianruiz.eu\/ca\/paris-hockney-i-el-sentit-de-la-vida\/"},"author":{"name":"miguel","@id":"https:\/\/damianruiz.eu\/#\/schema\/person\/e444b3c1061a0d360f27766e132c9832"},"headline":"Par\u00eds, Hockney i el sentit de la vida","datePublished":"2025-08-28T11:12:24+00:00","mainEntityOfPage":{"@id":"https:\/\/damianruiz.eu\/ca\/paris-hockney-i-el-sentit-de-la-vida\/"},"wordCount":1076,"publisher":{"@id":"https:\/\/damianruiz.eu\/#organization"},"image":{"@id":"https:\/\/damianruiz.eu\/ca\/paris-hockney-i-el-sentit-de-la-vida\/#primaryimage"},"thumbnailUrl":"https:\/\/damianruiz.eu\/wp-content\/uploads\/2025\/08\/Paris-Hockney-y-el-sentido-de-la-vida.jpg","inLanguage":"ca"},{"@type":"WebPage","@id":"https:\/\/damianruiz.eu\/ca\/paris-hockney-i-el-sentit-de-la-vida\/","url":"https:\/\/damianruiz.eu\/ca\/paris-hockney-i-el-sentit-de-la-vida\/","name":"Par\u00eds, Hockney i el sentit de la vida - Dami\u00e1n Ruiz","isPartOf":{"@id":"https:\/\/damianruiz.eu\/#website"},"primaryImageOfPage":{"@id":"https:\/\/damianruiz.eu\/ca\/paris-hockney-i-el-sentit-de-la-vida\/#primaryimage"},"image":{"@id":"https:\/\/damianruiz.eu\/ca\/paris-hockney-i-el-sentit-de-la-vida\/#primaryimage"},"thumbnailUrl":"https:\/\/damianruiz.eu\/wp-content\/uploads\/2025\/08\/Paris-Hockney-y-el-sentido-de-la-vida.jpg","datePublished":"2025-08-28T11:12:24+00:00","breadcrumb":{"@id":"https:\/\/damianruiz.eu\/ca\/paris-hockney-i-el-sentit-de-la-vida\/#breadcrumb"},"inLanguage":"ca","potentialAction":[{"@type":"ReadAction","target":["https:\/\/damianruiz.eu\/ca\/paris-hockney-i-el-sentit-de-la-vida\/"]}]},{"@type":"ImageObject","inLanguage":"ca","@id":"https:\/\/damianruiz.eu\/ca\/paris-hockney-i-el-sentit-de-la-vida\/#primaryimage","url":"https:\/\/damianruiz.eu\/wp-content\/uploads\/2025\/08\/Paris-Hockney-y-el-sentido-de-la-vida.jpg","contentUrl":"https:\/\/damianruiz.eu\/wp-content\/uploads\/2025\/08\/Paris-Hockney-y-el-sentido-de-la-vida.jpg","width":1280,"height":723},{"@type":"BreadcrumbList","@id":"https:\/\/damianruiz.eu\/ca\/paris-hockney-i-el-sentit-de-la-vida\/#breadcrumb","itemListElement":[{"@type":"ListItem","position":1,"name":"Portada","item":"https:\/\/damianruiz.eu\/ca\/"},{"@type":"ListItem","position":2,"name":"Par\u00eds, Hockney i el sentit de la vida"}]},{"@type":"WebSite","@id":"https:\/\/damianruiz.eu\/#website","url":"https:\/\/damianruiz.eu\/","name":"Dami\u00e1n Ruiz","description":"Licenciado y Postgraduado en Psicolog\u00eda por la Universidad de Barcelona.","publisher":{"@id":"https:\/\/damianruiz.eu\/#organization"},"potentialAction":[{"@type":"SearchAction","target":{"@type":"EntryPoint","urlTemplate":"https:\/\/damianruiz.eu\/?s={search_term_string}"},"query-input":{"@type":"PropertyValueSpecification","valueRequired":true,"valueName":"search_term_string"}}],"inLanguage":"ca"},{"@type":"Organization","@id":"https:\/\/damianruiz.eu\/#organization","name":"Dami\u00e1n Ruiz","url":"https:\/\/damianruiz.eu\/","logo":{"@type":"ImageObject","inLanguage":"ca","@id":"https:\/\/damianruiz.eu\/#\/schema\/logo\/image\/","url":"https:\/\/damianruiz.eu\/wp-content\/uploads\/2024\/04\/cropped-logo-2024-damian-ruiz-233.png","contentUrl":"https:\/\/damianruiz.eu\/wp-content\/uploads\/2024\/04\/cropped-logo-2024-damian-ruiz-233.png","width":233,"height":60,"caption":"Dami\u00e1n Ruiz"},"image":{"@id":"https:\/\/damianruiz.eu\/#\/schema\/logo\/image\/"}},{"@type":"Person","@id":"https:\/\/damianruiz.eu\/#\/schema\/person\/e444b3c1061a0d360f27766e132c9832","name":"miguel","url":"https:\/\/damianruiz.eu\/ca\/author\/miguel\/"}]}},"uagb_featured_image_src":{"full":["https:\/\/damianruiz.eu\/wp-content\/uploads\/2025\/08\/Paris-Hockney-y-el-sentido-de-la-vida.jpg",1280,723,false],"thumbnail":["https:\/\/damianruiz.eu\/wp-content\/uploads\/2025\/08\/Paris-Hockney-y-el-sentido-de-la-vida-150x150.jpg",150,150,true],"medium":["https:\/\/damianruiz.eu\/wp-content\/uploads\/2025\/08\/Paris-Hockney-y-el-sentido-de-la-vida-300x169.jpg",300,169,true],"medium_large":["https:\/\/damianruiz.eu\/wp-content\/uploads\/2025\/08\/Paris-Hockney-y-el-sentido-de-la-vida-768x434.jpg",768,434,true],"large":["https:\/\/damianruiz.eu\/wp-content\/uploads\/2025\/08\/Paris-Hockney-y-el-sentido-de-la-vida-1024x578.jpg",1024,578,true],"1536x1536":["https:\/\/damianruiz.eu\/wp-content\/uploads\/2025\/08\/Paris-Hockney-y-el-sentido-de-la-vida.jpg",1280,723,false],"2048x2048":["https:\/\/damianruiz.eu\/wp-content\/uploads\/2025\/08\/Paris-Hockney-y-el-sentido-de-la-vida.jpg",1280,723,false]},"uagb_author_info":{"display_name":"miguel","author_link":"https:\/\/damianruiz.eu\/ca\/author\/miguel\/"},"uagb_comment_info":0,"uagb_excerpt":"Dami\u00e1n Ruiz La manca de noves perspectives, d\u2019horitzons, d\u2019obertura cap al nou, cap a la hist\u00f2ria, o cap al coneixement [&hellip;]","_links":{"self":[{"href":"https:\/\/damianruiz.eu\/ca\/wp-json\/wp\/v2\/posts\/3071","targetHints":{"allow":["GET"]}}],"collection":[{"href":"https:\/\/damianruiz.eu\/ca\/wp-json\/wp\/v2\/posts"}],"about":[{"href":"https:\/\/damianruiz.eu\/ca\/wp-json\/wp\/v2\/types\/post"}],"author":[{"embeddable":true,"href":"https:\/\/damianruiz.eu\/ca\/wp-json\/wp\/v2\/users\/3"}],"replies":[{"embeddable":true,"href":"https:\/\/damianruiz.eu\/ca\/wp-json\/wp\/v2\/comments?post=3071"}],"version-history":[{"count":1,"href":"https:\/\/damianruiz.eu\/ca\/wp-json\/wp\/v2\/posts\/3071\/revisions"}],"predecessor-version":[{"id":3072,"href":"https:\/\/damianruiz.eu\/ca\/wp-json\/wp\/v2\/posts\/3071\/revisions\/3072"}],"wp:featuredmedia":[{"embeddable":true,"href":"https:\/\/damianruiz.eu\/ca\/wp-json\/wp\/v2\/media\/3066"}],"wp:attachment":[{"href":"https:\/\/damianruiz.eu\/ca\/wp-json\/wp\/v2\/media?parent=3071"}],"wp:term":[{"taxonomy":"category","embeddable":true,"href":"https:\/\/damianruiz.eu\/ca\/wp-json\/wp\/v2\/categories?post=3071"},{"taxonomy":"post_tag","embeddable":true,"href":"https:\/\/damianruiz.eu\/ca\/wp-json\/wp\/v2\/tags?post=3071"}],"curies":[{"name":"wp","href":"https:\/\/api.w.org\/{rel}","templated":true}]}}