{"id":3729,"date":"2026-03-03T06:54:04","date_gmt":"2026-03-03T06:54:04","guid":{"rendered":"https:\/\/damianruiz.eu\/?p=3729"},"modified":"2026-03-03T06:54:04","modified_gmt":"2026-03-03T06:54:04","slug":"la-tos-i-el-toc","status":"publish","type":"post","link":"https:\/\/damianruiz.eu\/ca\/la-tos-i-el-toc\/","title":{"rendered":"La tos y el TOC"},"content":{"rendered":"<h3><\/h3>\n<h1><span style=\"font-weight: 400;\">Dami\u00e1n Ruiz<\/span><\/h1>\n<p>&nbsp;<\/p>\n<p><b>Pr\u00f2leg d\u2019introducci\u00f3 al Seminari-Confer\u00e8ncia impartit el 27 de febrer a l\u2019ISCREB de Barcelona per Dami\u00e1n Ruiz, psic\u00f2leg general sanitari (COPC) i analista jungi\u00e0 (membre de l\u2019Institut Jung de Barcelona i de la IAAP)<\/b><\/p>\n<p><strong>Imaginem que una persona comen\u00e7a a tossir.<\/strong><span style=\"font-weight: 400;\"><br \/>\n<\/span><span style=\"font-weight: 400;\">La tos pot ser lleu i passatgera, com passa en un refredat com\u00fa. Pot tractar-se d\u2019una tos seca, irritativa, conseq\u00fc\u00e8ncia d\u2019al\u00b7l\u00e8rgies o de contaminaci\u00f3 ambiental. Pot ser productiva, acompanyada de mucositat, indicativa d\u2019infecci\u00f3 respirat\u00f2ria. Pot ser persistent i cr\u00f2nica, com en l\u2019asma o en la malaltia pulmonar obstructiva cr\u00f2nica. Pot anunciar una pneum\u00f2nia incipient. Pot ser s\u00edmptoma de reflux gastroesof\u00e0gic. En casos m\u00e9s greus, pot ser el primer signe d\u2019una tuberculosi o fins i tot d\u2019un c\u00e0ncer de pulm\u00f3.<\/span><\/p>\n<p><span style=\"font-weight: 400;\">En tots aquests casos, la tos no \u00e9s la malaltia. \u00c9s el s\u00edmptoma.<\/span><\/p>\n<p><span style=\"font-weight: 400;\">\u00c9s la manifestaci\u00f3 visible d\u2019un proc\u00e9s org\u00e0nic subjacent. El metge responsable no es limita a suprimir-la sense m\u00e9s. Interroga el seu origen, investiga la seva causa, explora el context cl\u00ednic. La tos \u00e9s un senyal. L\u2019objectiu no \u00e9s silenciar el senyal, sin\u00f3 comprendre qu\u00e8 la produeix.<\/span><\/p>\n<p><strong>Ara imaginem un escenari diferent.<\/strong><\/p>\n<p><span style=\"font-weight: 400;\">Suposem que les institucions m\u00e8diques, les organitzacions pol\u00edtiques i el sistema sanitari decidissin invertir tots els seus recursos exclusivament a fer desapar\u00e8ixer la tos. Es desenvolupen potents antituss\u00edgens. S\u2019elaboren protocols efica\u00e7os per reduir el reflex tussigen. Es publiquen estudis que demostren la disminuci\u00f3 estad\u00edstica d\u2019episodis de tos en la poblaci\u00f3.<\/span><\/p>\n<p><span style=\"font-weight: 400;\">Alguns professionals aconsegueixen que la tos desaparegui en la majoria dels pacients, independentment del seu origen. Es genera un moviment de suport acad\u00e8mic, institucional i econ\u00f2mic al voltant dels qui \u201chan curat la tos\u201d.<\/span><\/p>\n<p><span style=\"font-weight: 400;\">Per\u00f2 el problema pulmonar, infecci\u00f3s o inflamatori que n\u2019era la base roman intacte.<\/span><\/p>\n<p><span style=\"font-weight: 400;\">Alguns pacients desenvoluparan complicacions posteriors. Altres aprendran a conviure amb la causa subjacent mentre la tos estigui controlada. L\u2019estad\u00edstica mostrar\u00e0 \u00e8xit simptom\u00e0tic. Tanmateix, l\u2019arrel del problema no haur\u00e0 estat abordada.<\/span><\/p>\n<p><span style=\"font-weight: 400;\">Aquest escenari, que resultaria inacceptable en medicina, \u00e9s sorprenentment familiar en el camp del trastorn obsessivocompulsiu.<\/span><\/p>\n<p><span style=\"font-weight: 400;\">El TOC \u00e9s un s\u00edmptoma. M\u00e9s enll\u00e0 d\u2019una possible predisposici\u00f3 gen\u00e8tica, sol emergir en el context de circumst\u00e0ncies traum\u00e0tiques, estressants o desorganitzadores, puntuals o prolongades, sovint durant la inf\u00e0ncia o l\u2019adolesc\u00e8ncia. Les obsessions i les compulsions constitueixen la manifestaci\u00f3 visible \u2014la punta de l\u2019iceberg\u2014 d\u2019una organitzaci\u00f3 ps\u00edquica que ha quedat estructurada al voltant de la por, la inseguretat i la necessitat de control.<\/span><\/p>\n<p><span style=\"font-weight: 400;\">El s\u00edmptoma obsessiu no \u00e9s el problema essencial. \u00c9s l\u2019expressi\u00f3 d\u2019un conflicte m\u00e9s profund.<\/span><\/p>\n<p><span style=\"font-weight: 400;\">Tanmateix, all\u00f2 que es troba \u00e0mpliament validat en l\u2019actualitat \u00e9s la reducci\u00f3 del s\u00edmptoma: eliminar la \u201ctos\u201d o aprendre a gestionar-la de la manera m\u00e9s funcional possible. El que sovint queda en segon pla \u00e9s la pregunta que en medicina seria obligat\u00f2ria: qu\u00e8 est\u00e0 produint aquesta tos? Quin proc\u00e9s subjacent est\u00e0 generant el s\u00edmptoma?<\/span><\/p>\n<p><span style=\"font-weight: 400;\">En l\u2019\u00e0mbit psicol\u00f2gic, la q\u00fcesti\u00f3 equivalent seria: quina estructura ps\u00edquica, quines experi\u00e8ncies primerenques, quines configuracions relacionals i simb\u00f2liques han donat lloc a l\u2019aparici\u00f3 d\u2019obsessions i compulsions?<\/span><\/p>\n<p><span style=\"font-weight: 400;\">Resulta cridaner que all\u00f2 que mai no es permetria en medicina \u2014ignorar la causa org\u00e0nica d\u2019un s\u00edmptoma i limitar-se a suprimir-lo\u2014 pugui considerar-se suficient en psicologia.<\/span><\/p>\n<p><strong>La tos no \u00e9s la malaltia.<br \/>\nEl TOC no \u00e9s l\u2019arrel del conflicte.<\/strong><\/p>\n<p><span style=\"font-weight: 400;\">En ambd\u00f3s casos, el s\u00edmptoma assenyala alguna cosa que exigeix ser compresa. Silenciar-lo pot oferir alleujament immediat. Per\u00f2 comprendre\u2019l pot transformar l\u2019estructura que el produeix.<\/span><\/p>\n<p><a href=\"http:\/\/www.damianruiz.eu\"><span style=\"font-weight: 400;\">www.damianruiz.eu<\/span><\/a><\/p>\n","protected":false},"excerpt":{"rendered":"<p>Dami\u00e1n Ruiz &nbsp; Pr\u00f2leg d\u2019introducci\u00f3 al Seminari-Confer\u00e8ncia impartit el 27 de febrer a l\u2019ISCREB de Barcelona per Dami\u00e1n Ruiz, psic\u00f2leg [&hellip;]<\/p>\n","protected":false},"author":6,"featured_media":3738,"comment_status":"closed","ping_status":"closed","sticky":false,"template":"","format":"standard","meta":{"_uag_custom_page_level_css":"","site-sidebar-layout":"default","site-content-layout":"","ast-site-content-layout":"default","site-content-style":"default","site-sidebar-style":"default","ast-global-header-display":"","ast-banner-title-visibility":"","ast-main-header-display":"","ast-hfb-above-header-display":"","ast-hfb-below-header-display":"","ast-hfb-mobile-header-display":"","site-post-title":"","ast-breadcrumbs-content":"","ast-featured-img":"","footer-sml-layout":"","theme-transparent-header-meta":"default","adv-header-id-meta":"","stick-header-meta":"","header-above-stick-meta":"","header-main-stick-meta":"","header-below-stick-meta":"","astra-migrate-meta-layouts":"set","ast-page-background-enabled":"default","ast-page-background-meta":{"desktop":{"background-color":"var(--ast-global-color-4)","background-image":"","background-repeat":"repeat","background-position":"center center","background-size":"auto","background-attachment":"scroll","background-type":"","background-media":"","overlay-type":"","overlay-color":"","overlay-opacity":"","overlay-gradient":""},"tablet":{"background-color":"","background-image":"","background-repeat":"repeat","background-position":"center center","background-size":"auto","background-attachment":"scroll","background-type":"","background-media":"","overlay-type":"","overlay-color":"","overlay-opacity":"","overlay-gradient":""},"mobile":{"background-color":"","background-image":"","background-repeat":"repeat","background-position":"center center","background-size":"auto","background-attachment":"scroll","background-type":"","background-media":"","overlay-type":"","overlay-color":"","overlay-opacity":"","overlay-gradient":""}},"ast-content-background-meta":{"desktop":{"background-color":"var(--ast-global-color-5)","background-image":"","background-repeat":"repeat","background-position":"center center","background-size":"auto","background-attachment":"scroll","background-type":"","background-media":"","overlay-type":"","overlay-color":"","overlay-opacity":"","overlay-gradient":""},"tablet":{"background-color":"var(--ast-global-color-5)","background-image":"","background-repeat":"repeat","background-position":"center center","background-size":"auto","background-attachment":"scroll","background-type":"","background-media":"","overlay-type":"","overlay-color":"","overlay-opacity":"","overlay-gradient":""},"mobile":{"background-color":"var(--ast-global-color-5)","background-image":"","background-repeat":"repeat","background-position":"center center","background-size":"auto","background-attachment":"scroll","background-type":"","background-media":"","overlay-type":"","overlay-color":"","overlay-opacity":"","overlay-gradient":""}},"footnotes":""},"categories":[],"tags":[],"class_list":["post-3729","post","type-post","status-publish","format-standard","has-post-thumbnail","hentry"],"yoast_head":"<!-- This site is optimized with the Yoast SEO plugin v27.4 - https:\/\/yoast.com\/product\/yoast-seo-wordpress\/ -->\n<title>TOC com a s\u00edmptoma i no com a malaltia | Dami\u00e1n Ruiz<\/title>\n<meta name=\"description\" content=\"El TOC com a s\u00edmptoma i no com a malaltia: una reflexi\u00f3 des de la psicologia junguiana para comprendre l\u2019arrel del conflicte\" \/>\n<meta name=\"robots\" content=\"index, follow, max-snippet:-1, max-image-preview:large, max-video-preview:-1\" \/>\n<link rel=\"canonical\" href=\"https:\/\/damianruiz.eu\/ca\/la-tos-i-el-toc\/\" \/>\n<meta property=\"og:locale\" content=\"ca_ES\" \/>\n<meta property=\"og:type\" content=\"article\" \/>\n<meta property=\"og:title\" content=\"TOC com a s\u00edmptoma i no com a malaltia | Dami\u00e1n Ruiz\" \/>\n<meta property=\"og:description\" content=\"El TOC com a s\u00edmptoma i no com a malaltia: una reflexi\u00f3 des de la psicologia junguiana para comprendre l\u2019arrel del conflicte\" \/>\n<meta property=\"og:url\" content=\"https:\/\/damianruiz.eu\/ca\/la-tos-i-el-toc\/\" \/>\n<meta property=\"og:site_name\" content=\"Dami\u00e1n Ruiz\" \/>\n<meta property=\"article:published_time\" content=\"2026-03-03T06:54:04+00:00\" \/>\n<meta property=\"og:image\" content=\"https:\/\/damianruiz.eu\/wp-content\/uploads\/2026\/03\/tos-y-toc-damian-ruiz-psicologo.jpg\" \/>\n\t<meta property=\"og:image:width\" content=\"1024\" \/>\n\t<meta property=\"og:image:height\" content=\"1536\" \/>\n\t<meta property=\"og:image:type\" content=\"image\/jpeg\" \/>\n<meta name=\"author\" content=\"mguad\" \/>\n<meta name=\"twitter:card\" content=\"summary_large_image\" \/>\n<meta name=\"twitter:label1\" content=\"Escrit per\" \/>\n\t<meta name=\"twitter:data1\" content=\"mguad\" \/>\n\t<meta name=\"twitter:label2\" content=\"Temps estimat de lectura\" \/>\n\t<meta name=\"twitter:data2\" content=\"3 minuts\" \/>\n<script type=\"application\/ld+json\" class=\"yoast-schema-graph\">{\"@context\":\"https:\\\/\\\/schema.org\",\"@graph\":[{\"@type\":\"Article\",\"@id\":\"https:\\\/\\\/damianruiz.eu\\\/ca\\\/la-tos-i-el-toc\\\/#article\",\"isPartOf\":{\"@id\":\"https:\\\/\\\/damianruiz.eu\\\/ca\\\/la-tos-i-el-toc\\\/\"},\"author\":{\"name\":\"mguad\",\"@id\":\"https:\\\/\\\/damianruiz.eu\\\/#\\\/schema\\\/person\\\/7c1d94216e68d754d88cb3a8fa71c9ae\"},\"headline\":\"La tos y el TOC\",\"datePublished\":\"2026-03-03T06:54:04+00:00\",\"mainEntityOfPage\":{\"@id\":\"https:\\\/\\\/damianruiz.eu\\\/ca\\\/la-tos-i-el-toc\\\/\"},\"wordCount\":644,\"publisher\":{\"@id\":\"https:\\\/\\\/damianruiz.eu\\\/#organization\"},\"image\":{\"@id\":\"https:\\\/\\\/damianruiz.eu\\\/ca\\\/la-tos-i-el-toc\\\/#primaryimage\"},\"thumbnailUrl\":\"https:\\\/\\\/damianruiz.eu\\\/wp-content\\\/uploads\\\/2026\\\/03\\\/tos-y-toc-damian-ruiz-psicologo.jpg\",\"inLanguage\":\"ca\"},{\"@type\":\"WebPage\",\"@id\":\"https:\\\/\\\/damianruiz.eu\\\/ca\\\/la-tos-i-el-toc\\\/\",\"url\":\"https:\\\/\\\/damianruiz.eu\\\/ca\\\/la-tos-i-el-toc\\\/\",\"name\":\"TOC com a s\u00edmptoma i no com a malaltia | Dami\u00e1n Ruiz\",\"isPartOf\":{\"@id\":\"https:\\\/\\\/damianruiz.eu\\\/#website\"},\"primaryImageOfPage\":{\"@id\":\"https:\\\/\\\/damianruiz.eu\\\/ca\\\/la-tos-i-el-toc\\\/#primaryimage\"},\"image\":{\"@id\":\"https:\\\/\\\/damianruiz.eu\\\/ca\\\/la-tos-i-el-toc\\\/#primaryimage\"},\"thumbnailUrl\":\"https:\\\/\\\/damianruiz.eu\\\/wp-content\\\/uploads\\\/2026\\\/03\\\/tos-y-toc-damian-ruiz-psicologo.jpg\",\"datePublished\":\"2026-03-03T06:54:04+00:00\",\"description\":\"El TOC com a s\u00edmptoma i no com a malaltia: una reflexi\u00f3 des de la psicologia junguiana para comprendre l\u2019arrel del conflicte\",\"breadcrumb\":{\"@id\":\"https:\\\/\\\/damianruiz.eu\\\/ca\\\/la-tos-i-el-toc\\\/#breadcrumb\"},\"inLanguage\":\"ca\",\"potentialAction\":[{\"@type\":\"ReadAction\",\"target\":[\"https:\\\/\\\/damianruiz.eu\\\/ca\\\/la-tos-i-el-toc\\\/\"]}]},{\"@type\":\"ImageObject\",\"inLanguage\":\"ca\",\"@id\":\"https:\\\/\\\/damianruiz.eu\\\/ca\\\/la-tos-i-el-toc\\\/#primaryimage\",\"url\":\"https:\\\/\\\/damianruiz.eu\\\/wp-content\\\/uploads\\\/2026\\\/03\\\/tos-y-toc-damian-ruiz-psicologo.jpg\",\"contentUrl\":\"https:\\\/\\\/damianruiz.eu\\\/wp-content\\\/uploads\\\/2026\\\/03\\\/tos-y-toc-damian-ruiz-psicologo.jpg\",\"width\":1024,\"height\":1536,\"caption\":\"Tos y Toc Art\u00edculo del psic\u00f3logo Dami\u00e1n Ruiz\"},{\"@type\":\"BreadcrumbList\",\"@id\":\"https:\\\/\\\/damianruiz.eu\\\/ca\\\/la-tos-i-el-toc\\\/#breadcrumb\",\"itemListElement\":[{\"@type\":\"ListItem\",\"position\":1,\"name\":\"Portada\",\"item\":\"https:\\\/\\\/damianruiz.eu\\\/ca\\\/\"},{\"@type\":\"ListItem\",\"position\":2,\"name\":\"La tos y el TOC\"}]},{\"@type\":\"WebSite\",\"@id\":\"https:\\\/\\\/damianruiz.eu\\\/#website\",\"url\":\"https:\\\/\\\/damianruiz.eu\\\/\",\"name\":\"Dami\u00e1n Ruiz\",\"description\":\"Licenciado y Postgraduado en Psicolog\u00eda por la Universidad de Barcelona.\",\"publisher\":{\"@id\":\"https:\\\/\\\/damianruiz.eu\\\/#organization\"},\"potentialAction\":[{\"@type\":\"SearchAction\",\"target\":{\"@type\":\"EntryPoint\",\"urlTemplate\":\"https:\\\/\\\/damianruiz.eu\\\/?s={search_term_string}\"},\"query-input\":{\"@type\":\"PropertyValueSpecification\",\"valueRequired\":true,\"valueName\":\"search_term_string\"}}],\"inLanguage\":\"ca\"},{\"@type\":\"Organization\",\"@id\":\"https:\\\/\\\/damianruiz.eu\\\/#organization\",\"name\":\"Dami\u00e1n Ruiz\",\"url\":\"https:\\\/\\\/damianruiz.eu\\\/\",\"logo\":{\"@type\":\"ImageObject\",\"inLanguage\":\"ca\",\"@id\":\"https:\\\/\\\/damianruiz.eu\\\/#\\\/schema\\\/logo\\\/image\\\/\",\"url\":\"https:\\\/\\\/damianruiz.eu\\\/wp-content\\\/uploads\\\/2024\\\/04\\\/cropped-logo-2024-damian-ruiz-233.png\",\"contentUrl\":\"https:\\\/\\\/damianruiz.eu\\\/wp-content\\\/uploads\\\/2024\\\/04\\\/cropped-logo-2024-damian-ruiz-233.png\",\"width\":233,\"height\":60,\"caption\":\"Dami\u00e1n Ruiz\"},\"image\":{\"@id\":\"https:\\\/\\\/damianruiz.eu\\\/#\\\/schema\\\/logo\\\/image\\\/\"}},{\"@type\":\"Person\",\"@id\":\"https:\\\/\\\/damianruiz.eu\\\/#\\\/schema\\\/person\\\/7c1d94216e68d754d88cb3a8fa71c9ae\",\"name\":\"mguad\",\"url\":\"https:\\\/\\\/damianruiz.eu\\\/ca\\\/author\\\/mguad\\\/\"}]}<\/script>\n<!-- \/ Yoast SEO plugin. -->","yoast_head_json":{"title":"TOC com a s\u00edmptoma i no com a malaltia | Dami\u00e1n Ruiz","description":"El TOC com a s\u00edmptoma i no com a malaltia: una reflexi\u00f3 des de la psicologia junguiana para comprendre l\u2019arrel del conflicte","robots":{"index":"index","follow":"follow","max-snippet":"max-snippet:-1","max-image-preview":"max-image-preview:large","max-video-preview":"max-video-preview:-1"},"canonical":"https:\/\/damianruiz.eu\/ca\/la-tos-i-el-toc\/","og_locale":"ca_ES","og_type":"article","og_title":"TOC com a s\u00edmptoma i no com a malaltia | Dami\u00e1n Ruiz","og_description":"El TOC com a s\u00edmptoma i no com a malaltia: una reflexi\u00f3 des de la psicologia junguiana para comprendre l\u2019arrel del conflicte","og_url":"https:\/\/damianruiz.eu\/ca\/la-tos-i-el-toc\/","og_site_name":"Dami\u00e1n Ruiz","article_published_time":"2026-03-03T06:54:04+00:00","og_image":[{"width":1024,"height":1536,"url":"https:\/\/damianruiz.eu\/wp-content\/uploads\/2026\/03\/tos-y-toc-damian-ruiz-psicologo.jpg","type":"image\/jpeg"}],"author":"mguad","twitter_card":"summary_large_image","twitter_misc":{"Escrit per":"mguad","Temps estimat de lectura":"3 minuts"},"schema":{"@context":"https:\/\/schema.org","@graph":[{"@type":"Article","@id":"https:\/\/damianruiz.eu\/ca\/la-tos-i-el-toc\/#article","isPartOf":{"@id":"https:\/\/damianruiz.eu\/ca\/la-tos-i-el-toc\/"},"author":{"name":"mguad","@id":"https:\/\/damianruiz.eu\/#\/schema\/person\/7c1d94216e68d754d88cb3a8fa71c9ae"},"headline":"La tos y el TOC","datePublished":"2026-03-03T06:54:04+00:00","mainEntityOfPage":{"@id":"https:\/\/damianruiz.eu\/ca\/la-tos-i-el-toc\/"},"wordCount":644,"publisher":{"@id":"https:\/\/damianruiz.eu\/#organization"},"image":{"@id":"https:\/\/damianruiz.eu\/ca\/la-tos-i-el-toc\/#primaryimage"},"thumbnailUrl":"https:\/\/damianruiz.eu\/wp-content\/uploads\/2026\/03\/tos-y-toc-damian-ruiz-psicologo.jpg","inLanguage":"ca"},{"@type":"WebPage","@id":"https:\/\/damianruiz.eu\/ca\/la-tos-i-el-toc\/","url":"https:\/\/damianruiz.eu\/ca\/la-tos-i-el-toc\/","name":"TOC com a s\u00edmptoma i no com a malaltia | Dami\u00e1n Ruiz","isPartOf":{"@id":"https:\/\/damianruiz.eu\/#website"},"primaryImageOfPage":{"@id":"https:\/\/damianruiz.eu\/ca\/la-tos-i-el-toc\/#primaryimage"},"image":{"@id":"https:\/\/damianruiz.eu\/ca\/la-tos-i-el-toc\/#primaryimage"},"thumbnailUrl":"https:\/\/damianruiz.eu\/wp-content\/uploads\/2026\/03\/tos-y-toc-damian-ruiz-psicologo.jpg","datePublished":"2026-03-03T06:54:04+00:00","description":"El TOC com a s\u00edmptoma i no com a malaltia: una reflexi\u00f3 des de la psicologia junguiana para comprendre l\u2019arrel del conflicte","breadcrumb":{"@id":"https:\/\/damianruiz.eu\/ca\/la-tos-i-el-toc\/#breadcrumb"},"inLanguage":"ca","potentialAction":[{"@type":"ReadAction","target":["https:\/\/damianruiz.eu\/ca\/la-tos-i-el-toc\/"]}]},{"@type":"ImageObject","inLanguage":"ca","@id":"https:\/\/damianruiz.eu\/ca\/la-tos-i-el-toc\/#primaryimage","url":"https:\/\/damianruiz.eu\/wp-content\/uploads\/2026\/03\/tos-y-toc-damian-ruiz-psicologo.jpg","contentUrl":"https:\/\/damianruiz.eu\/wp-content\/uploads\/2026\/03\/tos-y-toc-damian-ruiz-psicologo.jpg","width":1024,"height":1536,"caption":"Tos y Toc Art\u00edculo del psic\u00f3logo Dami\u00e1n Ruiz"},{"@type":"BreadcrumbList","@id":"https:\/\/damianruiz.eu\/ca\/la-tos-i-el-toc\/#breadcrumb","itemListElement":[{"@type":"ListItem","position":1,"name":"Portada","item":"https:\/\/damianruiz.eu\/ca\/"},{"@type":"ListItem","position":2,"name":"La tos y el TOC"}]},{"@type":"WebSite","@id":"https:\/\/damianruiz.eu\/#website","url":"https:\/\/damianruiz.eu\/","name":"Dami\u00e1n Ruiz","description":"Licenciado y Postgraduado en Psicolog\u00eda por la Universidad de Barcelona.","publisher":{"@id":"https:\/\/damianruiz.eu\/#organization"},"potentialAction":[{"@type":"SearchAction","target":{"@type":"EntryPoint","urlTemplate":"https:\/\/damianruiz.eu\/?s={search_term_string}"},"query-input":{"@type":"PropertyValueSpecification","valueRequired":true,"valueName":"search_term_string"}}],"inLanguage":"ca"},{"@type":"Organization","@id":"https:\/\/damianruiz.eu\/#organization","name":"Dami\u00e1n Ruiz","url":"https:\/\/damianruiz.eu\/","logo":{"@type":"ImageObject","inLanguage":"ca","@id":"https:\/\/damianruiz.eu\/#\/schema\/logo\/image\/","url":"https:\/\/damianruiz.eu\/wp-content\/uploads\/2024\/04\/cropped-logo-2024-damian-ruiz-233.png","contentUrl":"https:\/\/damianruiz.eu\/wp-content\/uploads\/2024\/04\/cropped-logo-2024-damian-ruiz-233.png","width":233,"height":60,"caption":"Dami\u00e1n Ruiz"},"image":{"@id":"https:\/\/damianruiz.eu\/#\/schema\/logo\/image\/"}},{"@type":"Person","@id":"https:\/\/damianruiz.eu\/#\/schema\/person\/7c1d94216e68d754d88cb3a8fa71c9ae","name":"mguad","url":"https:\/\/damianruiz.eu\/ca\/author\/mguad\/"}]}},"uagb_featured_image_src":{"full":["https:\/\/damianruiz.eu\/wp-content\/uploads\/2026\/03\/tos-y-toc-damian-ruiz-psicologo.jpg",1024,1536,false],"thumbnail":["https:\/\/damianruiz.eu\/wp-content\/uploads\/2026\/03\/tos-y-toc-damian-ruiz-psicologo-150x150.jpg",150,150,true],"medium":["https:\/\/damianruiz.eu\/wp-content\/uploads\/2026\/03\/tos-y-toc-damian-ruiz-psicologo-200x300.jpg",200,300,true],"medium_large":["https:\/\/damianruiz.eu\/wp-content\/uploads\/2026\/03\/tos-y-toc-damian-ruiz-psicologo-768x1152.jpg",768,1152,true],"large":["https:\/\/damianruiz.eu\/wp-content\/uploads\/2026\/03\/tos-y-toc-damian-ruiz-psicologo-683x1024.jpg",683,1024,true],"1536x1536":["https:\/\/damianruiz.eu\/wp-content\/uploads\/2026\/03\/tos-y-toc-damian-ruiz-psicologo.jpg",1024,1536,false],"2048x2048":["https:\/\/damianruiz.eu\/wp-content\/uploads\/2026\/03\/tos-y-toc-damian-ruiz-psicologo.jpg",1024,1536,false]},"uagb_author_info":{"display_name":"mguad","author_link":"https:\/\/damianruiz.eu\/ca\/author\/mguad\/"},"uagb_comment_info":0,"uagb_excerpt":"Dami\u00e1n Ruiz &nbsp; Pr\u00f2leg d\u2019introducci\u00f3 al Seminari-Confer\u00e8ncia impartit el 27 de febrer a l\u2019ISCREB de Barcelona per Dami\u00e1n Ruiz, psic\u00f2leg [&hellip;]","_links":{"self":[{"href":"https:\/\/damianruiz.eu\/ca\/wp-json\/wp\/v2\/posts\/3729","targetHints":{"allow":["GET"]}}],"collection":[{"href":"https:\/\/damianruiz.eu\/ca\/wp-json\/wp\/v2\/posts"}],"about":[{"href":"https:\/\/damianruiz.eu\/ca\/wp-json\/wp\/v2\/types\/post"}],"author":[{"embeddable":true,"href":"https:\/\/damianruiz.eu\/ca\/wp-json\/wp\/v2\/users\/6"}],"replies":[{"embeddable":true,"href":"https:\/\/damianruiz.eu\/ca\/wp-json\/wp\/v2\/comments?post=3729"}],"version-history":[{"count":1,"href":"https:\/\/damianruiz.eu\/ca\/wp-json\/wp\/v2\/posts\/3729\/revisions"}],"predecessor-version":[{"id":3730,"href":"https:\/\/damianruiz.eu\/ca\/wp-json\/wp\/v2\/posts\/3729\/revisions\/3730"}],"wp:featuredmedia":[{"embeddable":true,"href":"https:\/\/damianruiz.eu\/ca\/wp-json\/wp\/v2\/media\/3738"}],"wp:attachment":[{"href":"https:\/\/damianruiz.eu\/ca\/wp-json\/wp\/v2\/media?parent=3729"}],"wp:term":[{"taxonomy":"category","embeddable":true,"href":"https:\/\/damianruiz.eu\/ca\/wp-json\/wp\/v2\/categories?post=3729"},{"taxonomy":"post_tag","embeddable":true,"href":"https:\/\/damianruiz.eu\/ca\/wp-json\/wp\/v2\/tags?post=3729"}],"curies":[{"name":"wp","href":"https:\/\/api.w.org\/{rel}","templated":true}]}}