{"id":4585,"date":"2026-08-28T08:17:01","date_gmt":"2026-08-28T08:17:01","guid":{"rendered":"https:\/\/damianruiz.eu\/?p=4585"},"modified":"2026-08-31T07:35:54","modified_gmt":"2026-08-31T07:35:54","slug":"tradicio-modernitat-castilblanco-berlin","status":"publish","type":"post","link":"https:\/\/damianruiz.eu\/ca\/tradicio-modernitat-castilblanco-berlin\/","title":{"rendered":"Castilblanco\/Berl\u00edn"},"content":{"rendered":"<p>&nbsp;<\/p>\n<p><strong>Dami\u00e1n Ruiz<\/strong><\/p>\n<p>Dilluns 3 d\u2019agost em van trucar al mat\u00ed per dir-me que el meu pare, \u2014de vuitanta-vuit anys i resident a Castilblanco, el poble extremeny de la prov\u00edncia de Badajoz on havia nascut\u2014, havia mort. Feia temps que patia un Alzheimer relativament lleu que li permetia mantenir converses agradables sobre el passat i recon\u00e8ixer els seus paisans; en canvi, la mem\u00f2ria a curt termini feia temps que havia deixat d\u2019existir. Va morir dormint, va ser una mort dol\u00e7a.<\/p>\n<p>La p\u00e8rdua d\u2019un pare \u2014la meva mare va morir fa gaireb\u00e9 trenta anys\u2014 deixa moltes reflexions. Soc alg\u00fa que concep la vida i la mort com un continuum i entenc que, arribada la vellesa, el millor \u00e9s marxar d\u2019una manera suau, acollidora, i traspassar lleugerament cap a aquella altra dimensi\u00f3 en qu\u00e8 els creients trobem el nostre consol, encara que potser nom\u00e9s sigui una fantasia que ens allunya d\u2019un cert buit.<br \/>\nLa nostra no va ser mai una relaci\u00f3 f\u00e0cil, tot i que s\u00ed lleial.<br \/>\nQuan se\u2019n va un \u00e9sser estimat, en aquells que li eren propers i el van con\u00e8ixer comen\u00e7a una reconstrucci\u00f3 en la mem\u00f2ria.<br \/>\nEm considero una persona c\u00e0lida, per\u00f2 m\u00e9s racional que emocional, i intento formular una idea aproximada de qui va ser el meu pare, de les seves llums i les seves ombres, com tots, i entendre\u2019l a un nivell m\u00e9s profund del que ens vam entendre, m\u00fatuament, en vida.<br \/>\nEl funeral va estar carregat d\u2019emoci\u00f3. El poble va crear un ambient c\u00e0lid, entranyable, respectu\u00f3s; hi va haver ritual i c\u00e0ntics religiosos i, d\u2019alguna manera, vaig entendre que se n\u2019havia anat honorat, una cosa que hauria de passar sempre, perqu\u00e8 la vida no \u00e9s f\u00e0cil i batallar-la \u00e9s una tasca \u00e0rdua.<\/p>\n<p>La tradici\u00f3 s\u00f3n les arrels sobre les quals ens sostenim per elevar-nos en tots els aspectes; matar-la, com alguns pretenen, \u00e9s una manera de deixar les persones desprove\u00efdes de punts de suport. Despr\u00e9s, cadasc\u00fa decideix de quina manera la viu i quant de temps li concedeix.<br \/>\nLa meva visi\u00f3 oberta de l\u2019exist\u00e8ncia la converteix en la terra sobre la qual sostenir-me, per\u00f2 els meus interessos, ho reconec, s\u00f3n uns altres.<\/p>\n<p>Dues setmanes despr\u00e9s, la meva esposa i jo vam anar a Berl\u00edn, en un viatge que ja feia temps que ten\u00edem programat. Va ser una immersi\u00f3 completa en l\u2019art contemporani \u2014vuit exposicions\u2014, que s\u2019ha convertit, juntament amb la psicologia, en el tema al qual dedico m\u00e9s temps, no nom\u00e9s en processos creatius, sin\u00f3 tamb\u00e9 en lectures, documentals o visites a exposicions.<br \/>\nBerl\u00edn, la capital amb la mitjana d\u2019edat dels habitants m\u00e9s jove d\u2019Europa, \u00e9s un formiguer d\u2019innovaci\u00f3, creativitat, radicalitat conceptual i cultura avantguardista. Tramvies, metros, llargues caminades per despla\u00e7ar-nos pels diferents museus, galeries i f\u00e0briques que acullen tota mena d\u2019obres, des d\u2019aquelles que et sorprenen fins a aquelles que penses que nom\u00e9s un comissari molt narcisista pot decidir exposar. Tot i aix\u00ed, el proc\u00e9s d\u2019obertura mental, de disrupci\u00f3, que suposa tot aquest recorregut serveix per entendre, com va dir Kandinsky, que \u00abl\u2019art va m\u00e9s enll\u00e0 del seu temps i porta una part del futur\u00bb.<br \/>\nFins i tot l\u2019obra aparentment m\u00e9s est\u00fapida intento observar-la amb atenci\u00f3 perqu\u00e8, potser, all\u00f2 que jo no puc recon\u00e8ixer ho fa el meu inconscient en un altre nivell.<\/p>\n<p>Tinc una visi\u00f3 esteticista de la vida, per\u00f2 l\u2019art avui \u00e9s, sobretot, conceptual, i crear una obra \u00abbonica\u00bb \u00e9s gaireb\u00e9 un pecat contemporani. De fet, si ho \u00e9s, si \u00e9s bella, ha d\u2019estar ben justificada perqu\u00e8 la possibilitat que experts i p\u00fablic la descartin \u00e9s for\u00e7a alta.<\/p>\n<p>Viure amb intensitat i amor totes dues experi\u00e8ncies, Castilblanco i Berl\u00edn, \u00e9s una manera de ser present en la vida, reconeixent la import\u00e0ncia tant de la tradici\u00f3 com de la modernitat, i em porta a considerar un gran error fer-les incompatibles i pretendre acabar amb una o amb l\u2019altra, perqu\u00e8 totes dues es retroalimenten.<br \/>\nUn arbre, perqu\u00e8 doni fruits o flors, ha de tenir bones arrels.<\/p>\n<p><strong>Dami\u00e1n Ruiz<\/strong><br \/>\nBarcelona, agosto de 2026<br \/>\n<a href=\"http:\/\/www.damianruiz.eu\/\">www.damianruiz.eu<\/a><\/p>\n","protected":false},"excerpt":{"rendered":"<p>&nbsp; Dami\u00e1n Ruiz Dilluns 3 d\u2019agost em van trucar al mat\u00ed per dir-me que el meu pare, \u2014de vuitanta-vuit anys [&hellip;]<\/p>\n","protected":false},"author":4,"featured_media":4581,"comment_status":"closed","ping_status":"closed","sticky":false,"template":"","format":"standard","meta":{"_uag_custom_page_level_css":"","site-sidebar-layout":"default","site-content-layout":"","ast-site-content-layout":"default","site-content-style":"default","site-sidebar-style":"default","ast-global-header-display":"","ast-banner-title-visibility":"","ast-main-header-display":"","ast-hfb-above-header-display":"","ast-hfb-below-header-display":"","ast-hfb-mobile-header-display":"","site-post-title":"","ast-breadcrumbs-content":"","ast-featured-img":"","footer-sml-layout":"","theme-transparent-header-meta":"default","adv-header-id-meta":"","stick-header-meta":"","header-above-stick-meta":"","header-main-stick-meta":"","header-below-stick-meta":"","astra-migrate-meta-layouts":"set","ast-page-background-enabled":"default","ast-page-background-meta":{"desktop":{"background-color":"var(--ast-global-color-4)","background-image":"","background-repeat":"repeat","background-position":"center center","background-size":"auto","background-attachment":"scroll","background-type":"","background-media":"","overlay-type":"","overlay-color":"","overlay-opacity":"","overlay-gradient":""},"tablet":{"background-color":"","background-image":"","background-repeat":"repeat","background-position":"center center","background-size":"auto","background-attachment":"scroll","background-type":"","background-media":"","overlay-type":"","overlay-color":"","overlay-opacity":"","overlay-gradient":""},"mobile":{"background-color":"","background-image":"","background-repeat":"repeat","background-position":"center center","background-size":"auto","background-attachment":"scroll","background-type":"","background-media":"","overlay-type":"","overlay-color":"","overlay-opacity":"","overlay-gradient":""}},"ast-content-background-meta":{"desktop":{"background-color":"var(--ast-global-color-5)","background-image":"","background-repeat":"repeat","background-position":"center center","background-size":"auto","background-attachment":"scroll","background-type":"","background-media":"","overlay-type":"","overlay-color":"","overlay-opacity":"","overlay-gradient":""},"tablet":{"background-color":"var(--ast-global-color-5)","background-image":"","background-repeat":"repeat","background-position":"center center","background-size":"auto","background-attachment":"scroll","background-type":"","background-media":"","overlay-type":"","overlay-color":"","overlay-opacity":"","overlay-gradient":""},"mobile":{"background-color":"var(--ast-global-color-5)","background-image":"","background-repeat":"repeat","background-position":"center center","background-size":"auto","background-attachment":"scroll","background-type":"","background-media":"","overlay-type":"","overlay-color":"","overlay-opacity":"","overlay-gradient":""}},"footnotes":""},"categories":[],"tags":[],"class_list":["post-4585","post","type-post","status-publish","format-standard","has-post-thumbnail","hentry"],"yoast_head":"<!-- This site is optimized with the Yoast SEO plugin v28.2 - https:\/\/yoast.com\/product\/yoast-seo-wordpress\/ -->\n<title>tradici\u00f3 i modernitat | Dami\u00e1n Ruiz<\/title>\n<meta name=\"description\" content=\"Una reflexi\u00f3 sobre tradici\u00f3 i modernitat a trav\u00e9s del comiat d\u2019un pare a Castilblanco i un viatge dedicat a l\u2019art a Berl\u00edn.\" \/>\n<meta name=\"robots\" content=\"index, follow, max-snippet:-1, max-image-preview:large, max-video-preview:-1\" \/>\n<link rel=\"canonical\" href=\"https:\/\/damianruiz.eu\/ca\/tradicio-modernitat-castilblanco-berlin\/\" \/>\n<meta property=\"og:locale\" content=\"ca_ES\" \/>\n<meta property=\"og:type\" content=\"article\" \/>\n<meta property=\"og:title\" content=\"tradici\u00f3 i modernitat | Dami\u00e1n Ruiz\" \/>\n<meta property=\"og:description\" content=\"Una reflexi\u00f3 sobre tradici\u00f3 i modernitat a trav\u00e9s del comiat d\u2019un pare a Castilblanco i un viatge dedicat a l\u2019art a Berl\u00edn.\" \/>\n<meta property=\"og:url\" content=\"https:\/\/damianruiz.eu\/ca\/tradicio-modernitat-castilblanco-berlin\/\" \/>\n<meta property=\"og:site_name\" content=\"Dami\u00e1n Ruiz\" \/>\n<meta property=\"article:published_time\" content=\"2026-08-28T08:17:01+00:00\" \/>\n<meta property=\"article:modified_time\" content=\"2026-08-31T07:35:54+00:00\" \/>\n<meta property=\"og:image\" content=\"https:\/\/damianruiz.eu\/wp-content\/uploads\/2026\/08\/castillblanco-extremadura-damianruiz-psicologo-barcelona.webp\" \/>\n\t<meta property=\"og:image:width\" content=\"1280\" \/>\n\t<meta property=\"og:image:height\" content=\"724\" \/>\n\t<meta property=\"og:image:type\" content=\"image\/webp\" \/>\n<meta name=\"author\" content=\"Dami\u00e1n Ruiz\" \/>\n<meta name=\"twitter:card\" content=\"summary_large_image\" \/>\n<meta name=\"twitter:label1\" content=\"Escrit per\" \/>\n\t<meta name=\"twitter:data1\" content=\"Dami\u00e1n Ruiz\" \/>\n\t<meta name=\"twitter:label2\" content=\"Temps estimat de lectura\" \/>\n\t<meta name=\"twitter:data2\" content=\"4 minuts\" \/>\n<script type=\"application\/ld+json\" class=\"yoast-schema-graph\">{\"@context\":\"https:\\\/\\\/schema.org\",\"@graph\":[{\"@type\":\"Article\",\"@id\":\"https:\\\/\\\/damianruiz.eu\\\/ca\\\/tradicio-modernitat-castilblanco-berlin\\\/#article\",\"isPartOf\":{\"@id\":\"https:\\\/\\\/damianruiz.eu\\\/ca\\\/tradicio-modernitat-castilblanco-berlin\\\/\"},\"author\":{\"name\":\"Dami\u00e1n Ruiz\",\"@id\":\"https:\\\/\\\/damianruiz.eu\\\/#\\\/schema\\\/person\\\/e4703116e00a576e1cfcea03de178c07\"},\"headline\":\"Castilblanco\\\/Berl\u00edn\",\"datePublished\":\"2026-08-28T08:17:01+00:00\",\"dateModified\":\"2026-08-31T07:35:54+00:00\",\"mainEntityOfPage\":{\"@id\":\"https:\\\/\\\/damianruiz.eu\\\/ca\\\/tradicio-modernitat-castilblanco-berlin\\\/\"},\"wordCount\":730,\"publisher\":{\"@id\":\"https:\\\/\\\/damianruiz.eu\\\/#organization\"},\"image\":{\"@id\":\"https:\\\/\\\/damianruiz.eu\\\/ca\\\/tradicio-modernitat-castilblanco-berlin\\\/#primaryimage\"},\"thumbnailUrl\":\"https:\\\/\\\/damianruiz.eu\\\/wp-content\\\/uploads\\\/2026\\\/08\\\/castillblanco-extremadura-damianruiz-psicologo-barcelona.webp\",\"inLanguage\":\"ca\"},{\"@type\":\"WebPage\",\"@id\":\"https:\\\/\\\/damianruiz.eu\\\/ca\\\/tradicio-modernitat-castilblanco-berlin\\\/\",\"url\":\"https:\\\/\\\/damianruiz.eu\\\/ca\\\/tradicio-modernitat-castilblanco-berlin\\\/\",\"name\":\"tradici\u00f3 i modernitat | Dami\u00e1n Ruiz\",\"isPartOf\":{\"@id\":\"https:\\\/\\\/damianruiz.eu\\\/#website\"},\"primaryImageOfPage\":{\"@id\":\"https:\\\/\\\/damianruiz.eu\\\/ca\\\/tradicio-modernitat-castilblanco-berlin\\\/#primaryimage\"},\"image\":{\"@id\":\"https:\\\/\\\/damianruiz.eu\\\/ca\\\/tradicio-modernitat-castilblanco-berlin\\\/#primaryimage\"},\"thumbnailUrl\":\"https:\\\/\\\/damianruiz.eu\\\/wp-content\\\/uploads\\\/2026\\\/08\\\/castillblanco-extremadura-damianruiz-psicologo-barcelona.webp\",\"datePublished\":\"2026-08-28T08:17:01+00:00\",\"dateModified\":\"2026-08-31T07:35:54+00:00\",\"description\":\"Una reflexi\u00f3 sobre tradici\u00f3 i modernitat a trav\u00e9s del comiat d\u2019un pare a Castilblanco i un viatge dedicat a l\u2019art a Berl\u00edn.\",\"breadcrumb\":{\"@id\":\"https:\\\/\\\/damianruiz.eu\\\/ca\\\/tradicio-modernitat-castilblanco-berlin\\\/#breadcrumb\"},\"inLanguage\":\"ca\",\"potentialAction\":[{\"@type\":\"ReadAction\",\"target\":[\"https:\\\/\\\/damianruiz.eu\\\/ca\\\/tradicio-modernitat-castilblanco-berlin\\\/\"]}]},{\"@type\":\"ImageObject\",\"inLanguage\":\"ca\",\"@id\":\"https:\\\/\\\/damianruiz.eu\\\/ca\\\/tradicio-modernitat-castilblanco-berlin\\\/#primaryimage\",\"url\":\"https:\\\/\\\/damianruiz.eu\\\/wp-content\\\/uploads\\\/2026\\\/08\\\/castillblanco-extremadura-damianruiz-psicologo-barcelona.webp\",\"contentUrl\":\"https:\\\/\\\/damianruiz.eu\\\/wp-content\\\/uploads\\\/2026\\\/08\\\/castillblanco-extremadura-damianruiz-psicologo-barcelona.webp\",\"width\":1280,\"height\":724,\"caption\":\"Castillbanco en Extremadura Art\u00edculo Consulta psicologica Dami\u00e1n Ruiz en Barcelona\"},{\"@type\":\"BreadcrumbList\",\"@id\":\"https:\\\/\\\/damianruiz.eu\\\/ca\\\/tradicio-modernitat-castilblanco-berlin\\\/#breadcrumb\",\"itemListElement\":[{\"@type\":\"ListItem\",\"position\":1,\"name\":\"Portada\",\"item\":\"https:\\\/\\\/damianruiz.eu\\\/ca\\\/\"},{\"@type\":\"ListItem\",\"position\":2,\"name\":\"Castilblanco\\\/Berl\u00edn\"}]},{\"@type\":\"WebSite\",\"@id\":\"https:\\\/\\\/damianruiz.eu\\\/#website\",\"url\":\"https:\\\/\\\/damianruiz.eu\\\/\",\"name\":\"Dami\u00e1n Ruiz\",\"description\":\"Licenciado y Postgraduado en Psicolog\u00eda por la Universidad de Barcelona.\",\"publisher\":{\"@id\":\"https:\\\/\\\/damianruiz.eu\\\/#organization\"},\"potentialAction\":[{\"@type\":\"SearchAction\",\"target\":{\"@type\":\"EntryPoint\",\"urlTemplate\":\"https:\\\/\\\/damianruiz.eu\\\/?s={search_term_string}\"},\"query-input\":{\"@type\":\"PropertyValueSpecification\",\"valueRequired\":true,\"valueName\":\"search_term_string\"}}],\"inLanguage\":\"ca\"},{\"@type\":\"Organization\",\"@id\":\"https:\\\/\\\/damianruiz.eu\\\/#organization\",\"name\":\"Dami\u00e1n Ruiz\",\"url\":\"https:\\\/\\\/damianruiz.eu\\\/\",\"logo\":{\"@type\":\"ImageObject\",\"inLanguage\":\"ca\",\"@id\":\"https:\\\/\\\/damianruiz.eu\\\/#\\\/schema\\\/logo\\\/image\\\/\",\"url\":\"https:\\\/\\\/damianruiz.eu\\\/wp-content\\\/uploads\\\/2024\\\/04\\\/cropped-logo-2024-damian-ruiz-233.png\",\"contentUrl\":\"https:\\\/\\\/damianruiz.eu\\\/wp-content\\\/uploads\\\/2024\\\/04\\\/cropped-logo-2024-damian-ruiz-233.png\",\"width\":233,\"height\":60,\"caption\":\"Dami\u00e1n Ruiz\"},\"image\":{\"@id\":\"https:\\\/\\\/damianruiz.eu\\\/#\\\/schema\\\/logo\\\/image\\\/\"}},{\"@type\":\"Person\",\"@id\":\"https:\\\/\\\/damianruiz.eu\\\/#\\\/schema\\\/person\\\/e4703116e00a576e1cfcea03de178c07\",\"name\":\"Dami\u00e1n Ruiz\",\"url\":\"https:\\\/\\\/damianruiz.eu\\\/ca\\\/author\\\/damianruiz\\\/\"}]}<\/script>\n<!-- \/ Yoast SEO plugin. -->","yoast_head_json":{"title":"tradici\u00f3 i modernitat | Dami\u00e1n Ruiz","description":"Una reflexi\u00f3 sobre tradici\u00f3 i modernitat a trav\u00e9s del comiat d\u2019un pare a Castilblanco i un viatge dedicat a l\u2019art a Berl\u00edn.","robots":{"index":"index","follow":"follow","max-snippet":"max-snippet:-1","max-image-preview":"max-image-preview:large","max-video-preview":"max-video-preview:-1"},"canonical":"https:\/\/damianruiz.eu\/ca\/tradicio-modernitat-castilblanco-berlin\/","og_locale":"ca_ES","og_type":"article","og_title":"tradici\u00f3 i modernitat | Dami\u00e1n Ruiz","og_description":"Una reflexi\u00f3 sobre tradici\u00f3 i modernitat a trav\u00e9s del comiat d\u2019un pare a Castilblanco i un viatge dedicat a l\u2019art a Berl\u00edn.","og_url":"https:\/\/damianruiz.eu\/ca\/tradicio-modernitat-castilblanco-berlin\/","og_site_name":"Dami\u00e1n Ruiz","article_published_time":"2026-08-28T08:17:01+00:00","article_modified_time":"2026-08-31T07:35:54+00:00","og_image":[{"width":1280,"height":724,"url":"https:\/\/damianruiz.eu\/wp-content\/uploads\/2026\/08\/castillblanco-extremadura-damianruiz-psicologo-barcelona.webp","type":"image\/webp"}],"author":"Dami\u00e1n Ruiz","twitter_card":"summary_large_image","twitter_misc":{"Escrit per":"Dami\u00e1n Ruiz","Temps estimat de lectura":"4 minuts"},"schema":{"@context":"https:\/\/schema.org","@graph":[{"@type":"Article","@id":"https:\/\/damianruiz.eu\/ca\/tradicio-modernitat-castilblanco-berlin\/#article","isPartOf":{"@id":"https:\/\/damianruiz.eu\/ca\/tradicio-modernitat-castilblanco-berlin\/"},"author":{"name":"Dami\u00e1n Ruiz","@id":"https:\/\/damianruiz.eu\/#\/schema\/person\/e4703116e00a576e1cfcea03de178c07"},"headline":"Castilblanco\/Berl\u00edn","datePublished":"2026-08-28T08:17:01+00:00","dateModified":"2026-08-31T07:35:54+00:00","mainEntityOfPage":{"@id":"https:\/\/damianruiz.eu\/ca\/tradicio-modernitat-castilblanco-berlin\/"},"wordCount":730,"publisher":{"@id":"https:\/\/damianruiz.eu\/#organization"},"image":{"@id":"https:\/\/damianruiz.eu\/ca\/tradicio-modernitat-castilblanco-berlin\/#primaryimage"},"thumbnailUrl":"https:\/\/damianruiz.eu\/wp-content\/uploads\/2026\/08\/castillblanco-extremadura-damianruiz-psicologo-barcelona.webp","inLanguage":"ca"},{"@type":"WebPage","@id":"https:\/\/damianruiz.eu\/ca\/tradicio-modernitat-castilblanco-berlin\/","url":"https:\/\/damianruiz.eu\/ca\/tradicio-modernitat-castilblanco-berlin\/","name":"tradici\u00f3 i modernitat | Dami\u00e1n Ruiz","isPartOf":{"@id":"https:\/\/damianruiz.eu\/#website"},"primaryImageOfPage":{"@id":"https:\/\/damianruiz.eu\/ca\/tradicio-modernitat-castilblanco-berlin\/#primaryimage"},"image":{"@id":"https:\/\/damianruiz.eu\/ca\/tradicio-modernitat-castilblanco-berlin\/#primaryimage"},"thumbnailUrl":"https:\/\/damianruiz.eu\/wp-content\/uploads\/2026\/08\/castillblanco-extremadura-damianruiz-psicologo-barcelona.webp","datePublished":"2026-08-28T08:17:01+00:00","dateModified":"2026-08-31T07:35:54+00:00","description":"Una reflexi\u00f3 sobre tradici\u00f3 i modernitat a trav\u00e9s del comiat d\u2019un pare a Castilblanco i un viatge dedicat a l\u2019art a Berl\u00edn.","breadcrumb":{"@id":"https:\/\/damianruiz.eu\/ca\/tradicio-modernitat-castilblanco-berlin\/#breadcrumb"},"inLanguage":"ca","potentialAction":[{"@type":"ReadAction","target":["https:\/\/damianruiz.eu\/ca\/tradicio-modernitat-castilblanco-berlin\/"]}]},{"@type":"ImageObject","inLanguage":"ca","@id":"https:\/\/damianruiz.eu\/ca\/tradicio-modernitat-castilblanco-berlin\/#primaryimage","url":"https:\/\/damianruiz.eu\/wp-content\/uploads\/2026\/08\/castillblanco-extremadura-damianruiz-psicologo-barcelona.webp","contentUrl":"https:\/\/damianruiz.eu\/wp-content\/uploads\/2026\/08\/castillblanco-extremadura-damianruiz-psicologo-barcelona.webp","width":1280,"height":724,"caption":"Castillbanco en Extremadura Art\u00edculo Consulta psicologica Dami\u00e1n Ruiz en Barcelona"},{"@type":"BreadcrumbList","@id":"https:\/\/damianruiz.eu\/ca\/tradicio-modernitat-castilblanco-berlin\/#breadcrumb","itemListElement":[{"@type":"ListItem","position":1,"name":"Portada","item":"https:\/\/damianruiz.eu\/ca\/"},{"@type":"ListItem","position":2,"name":"Castilblanco\/Berl\u00edn"}]},{"@type":"WebSite","@id":"https:\/\/damianruiz.eu\/#website","url":"https:\/\/damianruiz.eu\/","name":"Dami\u00e1n Ruiz","description":"Licenciado y Postgraduado en Psicolog\u00eda por la Universidad de Barcelona.","publisher":{"@id":"https:\/\/damianruiz.eu\/#organization"},"potentialAction":[{"@type":"SearchAction","target":{"@type":"EntryPoint","urlTemplate":"https:\/\/damianruiz.eu\/?s={search_term_string}"},"query-input":{"@type":"PropertyValueSpecification","valueRequired":true,"valueName":"search_term_string"}}],"inLanguage":"ca"},{"@type":"Organization","@id":"https:\/\/damianruiz.eu\/#organization","name":"Dami\u00e1n Ruiz","url":"https:\/\/damianruiz.eu\/","logo":{"@type":"ImageObject","inLanguage":"ca","@id":"https:\/\/damianruiz.eu\/#\/schema\/logo\/image\/","url":"https:\/\/damianruiz.eu\/wp-content\/uploads\/2024\/04\/cropped-logo-2024-damian-ruiz-233.png","contentUrl":"https:\/\/damianruiz.eu\/wp-content\/uploads\/2024\/04\/cropped-logo-2024-damian-ruiz-233.png","width":233,"height":60,"caption":"Dami\u00e1n Ruiz"},"image":{"@id":"https:\/\/damianruiz.eu\/#\/schema\/logo\/image\/"}},{"@type":"Person","@id":"https:\/\/damianruiz.eu\/#\/schema\/person\/e4703116e00a576e1cfcea03de178c07","name":"Dami\u00e1n Ruiz","url":"https:\/\/damianruiz.eu\/ca\/author\/damianruiz\/"}]}},"uagb_featured_image_src":{"full":["https:\/\/damianruiz.eu\/wp-content\/uploads\/2026\/08\/castillblanco-extremadura-damianruiz-psicologo-barcelona.webp",1280,724,false],"thumbnail":["https:\/\/damianruiz.eu\/wp-content\/uploads\/2026\/08\/castillblanco-extremadura-damianruiz-psicologo-barcelona-150x150.webp",150,150,true],"medium":["https:\/\/damianruiz.eu\/wp-content\/uploads\/2026\/08\/castillblanco-extremadura-damianruiz-psicologo-barcelona-300x170.webp",300,170,true],"medium_large":["https:\/\/damianruiz.eu\/wp-content\/uploads\/2026\/08\/castillblanco-extremadura-damianruiz-psicologo-barcelona-768x434.webp",768,434,true],"large":["https:\/\/damianruiz.eu\/wp-content\/uploads\/2026\/08\/castillblanco-extremadura-damianruiz-psicologo-barcelona-1024x579.webp",1024,579,true],"1536x1536":["https:\/\/damianruiz.eu\/wp-content\/uploads\/2026\/08\/castillblanco-extremadura-damianruiz-psicologo-barcelona.webp",1280,724,false],"2048x2048":["https:\/\/damianruiz.eu\/wp-content\/uploads\/2026\/08\/castillblanco-extremadura-damianruiz-psicologo-barcelona.webp",1280,724,false]},"uagb_author_info":{"display_name":"Dami\u00e1n Ruiz","author_link":"https:\/\/damianruiz.eu\/ca\/author\/damianruiz\/"},"uagb_comment_info":0,"uagb_excerpt":"&nbsp; Dami\u00e1n Ruiz Dilluns 3 d\u2019agost em van trucar al mat\u00ed per dir-me que el meu pare, \u2014de vuitanta-vuit anys [&hellip;]","_links":{"self":[{"href":"https:\/\/damianruiz.eu\/ca\/wp-json\/wp\/v2\/posts\/4585","targetHints":{"allow":["GET"]}}],"collection":[{"href":"https:\/\/damianruiz.eu\/ca\/wp-json\/wp\/v2\/posts"}],"about":[{"href":"https:\/\/damianruiz.eu\/ca\/wp-json\/wp\/v2\/types\/post"}],"author":[{"embeddable":true,"href":"https:\/\/damianruiz.eu\/ca\/wp-json\/wp\/v2\/users\/4"}],"replies":[{"embeddable":true,"href":"https:\/\/damianruiz.eu\/ca\/wp-json\/wp\/v2\/comments?post=4585"}],"version-history":[{"count":2,"href":"https:\/\/damianruiz.eu\/ca\/wp-json\/wp\/v2\/posts\/4585\/revisions"}],"predecessor-version":[{"id":4587,"href":"https:\/\/damianruiz.eu\/ca\/wp-json\/wp\/v2\/posts\/4585\/revisions\/4587"}],"wp:featuredmedia":[{"embeddable":true,"href":"https:\/\/damianruiz.eu\/ca\/wp-json\/wp\/v2\/media\/4581"}],"wp:attachment":[{"href":"https:\/\/damianruiz.eu\/ca\/wp-json\/wp\/v2\/media?parent=4585"}],"wp:term":[{"taxonomy":"category","embeddable":true,"href":"https:\/\/damianruiz.eu\/ca\/wp-json\/wp\/v2\/categories?post=4585"},{"taxonomy":"post_tag","embeddable":true,"href":"https:\/\/damianruiz.eu\/ca\/wp-json\/wp\/v2\/tags?post=4585"}],"curies":[{"name":"wp","href":"https:\/\/api.w.org\/{rel}","templated":true}]}}