{"id":840,"date":"2020-12-07T14:44:31","date_gmt":"2020-12-07T14:44:31","guid":{"rendered":"https:\/\/damianruiz.eu\/2024\/?p=840"},"modified":"2020-12-07T14:44:31","modified_gmt":"2020-12-07T14:44:31","slug":"la-depressio-profunda","status":"publish","type":"post","link":"https:\/\/damianruiz.eu\/ca\/la-depressio-profunda\/","title":{"rendered":"La depressi\u00f3 profunda"},"content":{"rendered":"<p>Com \u00e9s possible que alg\u00fa que ha passat per tantes ter\u00e0pies, hagi estat tan ben aconsellat, amb cura i a qui s&#8217;ha tractat de comprendre segueixi profundament deprimit?<br \/>\nI que amb tot el que se li ha proposat, sortides, esports, amistats, &#8220;entretenir-se&#8221; (paraula tot\u00e8mica) no aconsegueixi remuntar?<\/p>\n<p>En un m\u00f3n on es conceben els cervells com tabules rases, -als quals entrenant i pautant, suposadament, poden arribar a ser el que es proposin, i que en cas d'&#8221;espatllar-se&#8221; amb altres pautes de reentrenament i medicaci\u00f3 es poden tornar a ordenar, suposadament tamb\u00e9 clar-, els aspectes intraps\u00edquics m\u00e9s profunds queden completament oblidats.<\/p>\n<p>Anem a Jung&#8230;i la seva teoria dels arquetips.<br \/>\nEls arquetips no s\u00f3n m\u00e9s que al\u00b7legories de la bioqu\u00edmica cerebral, \u00e9s a dir estructures simb\u00f2liques que representen la interacci\u00f3 de determinades subst\u00e0ncies en la ment.<br \/>\nI aquests arquetips constitueixen figures de valor atemporal i v\u00e0lides per a qualsevol cultura i \u00e8poca hist\u00f2rica, encara que en uns casos predominin m\u00e9s els uns o els altres.<br \/>\nPosar\u00e9 un exemple, existeix l&#8217;arquetip de la &#8220;gran mare&#8221;. \u00c9s a dir, qui a un nivell profund est\u00e0 configurat amb ell tindr\u00e0 una forta tend\u00e8ncia a exercir aquesta funci\u00f3 de maternitat, no solament amb els seus fills, en cas que els tingui, sin\u00f3 tamb\u00e9 amb aquells que acceptin posar-se sota el seu recapto i protecci\u00f3.<br \/>\nAquestes figures de &#8220;*mammas&#8221; italianes, tan vistes al cinema, que alberguen a propis i aliens amb un absolut lliurament i voluntat de cura, no sense un cert car\u00e0cter, s\u00f3n un bon exemple d&#8217;aix\u00f2.<br \/>\nPer\u00f2 qu\u00e8 passaria si una &#8220;gran mare&#8221; no tingu\u00e9s a qui protegir?<br \/>\n\u00c9s possible que caigu\u00e9s en un estat depressiu? Molt probablement. I servirien d&#8217;alguna cosa qualsevol dels pegats habituals amb els quals voler fer-la reaccionar vitalment? Amb certesa que no.<\/p>\n<p>\u00c9s a dir com que no som, afortunadament, tots iguals, sin\u00f3 que responem a ess\u00e8ncies gen\u00e8tiques (filo i onto) diverses, en funci\u00f3 de molts factors, des de l&#8217;ADN o el RH sanguini, a m\u00e9s de criar-nos en ambients i circumst\u00e0ncies diferents, resulta que, al meu entendre, i a partir de Jung, cadascun de nosaltres respon a un arquetip fonamental que, certament, pot anar canviant al llarg de la vida, encara que en molts casos roman estable.<\/p>\n<p>Ara imaginem a un noi heterosexual amb una \u00e0nima delicada (un altre concepte jungui\u00e0 que representa simb\u00f2licament els aspectes intraps\u00edquics femenins en l&#8217;home), alguna cosa que podem exemplificar amb el personatge de Werther de Goethe i en molts dels rom\u00e0ntics del XIX. Pensem que sofreix perqu\u00e8, a pesar que \u00e9s esportista, fins i tot viril, hi ha un estat permanent de tristesa interior que li porta a la prostraci\u00f3, fins i tot a l&#8217;aband\u00f3 de si.<br \/>\nLi demanem que surti, es distregui, tingui amics i tracti de trobar una noia? No t\u00e9 forces, no ho podr\u00e0 fer.<br \/>\nPrimer, i aix\u00f2 \u00e9s essencial, caldr\u00e0 cuidar de la seva \u00e0nima, &#8220;abonar-la, regar-la, fer-la f\u00e8rtil&#8230;&#8221;. Si no \u00e9s aix\u00ed no podr\u00e0 &#8220;sortir a la vida&#8221; de nou.<br \/>\nRecorden els contes de fades cl\u00e0ssics? La bella dorment, La Ventafocs, Blancaneu&#8230; donzelles a l&#8217;espera del pr\u00edncep blau, o dit d&#8217;una altra manera, principis femenins a l&#8217;espera del principi mascul\u00ed, per\u00f2&#8230;aqu\u00ed est\u00e0 el quid de la q\u00fcesti\u00f3, aquests principis femenins poden niar en un home heterosexual, o homosexual tamb\u00e9 per descomptat, i aquesta masculinitat &#8220;salv\u00edfica&#8221; pot provenir d&#8217;un home o d&#8217;una dona, amb la condici\u00f3 que sigui extremadament acurada en el tracte d&#8217;aquesta &#8220;\u00e0nima&#8221; ferida.<\/p>\n<p>En convertir la ci\u00e8ncia (de la qual s\u00f3c absolutament partidari) en la nova religi\u00f3 de masses (una cosa amb la qual estic en contra) estem menyspreant tot el coneixement te\u00f2ric que ha reunit la psicologia com a estudi human\u00edstic durant d\u00e8cades, i la q\u00fcesti\u00f3 \u00e9s que hi ha molt del que aprendre encara.<\/p>\n<p>Per tant, per a sortir d&#8217;una depressi\u00f3 profunda, potser cr\u00f2nica, no val, en molts casos, amb quatre t\u00f2pics pautats, sin\u00f3 que pot ser necessari indagar fins a saber qu\u00e8 nia en les profunditats de la psique de la persona que la sofreix, i \u00e9s essencial fer-ho amb suficient cuidat perqu\u00e8 el pacient vagi obrint-se emocional i racionalment fins a donar amb aquesta veritat interior, en la qual resideix el secret de la probable i futura curaci\u00f3.<\/p>\n<p>&nbsp;<\/p>\n<p>*filogen\u00e8tica: estudi d&#8217;her\u00e8ncia gen\u00e8tica des de l&#8217;origen dels temps i la seva comparaci\u00f3 amb altres esp\u00e8cies \/ *ontogen\u00e8tica: estudi del desenvolupament de l&#8217;organisme des de la fecundaci\u00f3<\/p>\n<p>&nbsp;<\/p>\n<p>Dami\u00e1n Ruiz<br \/>\nBarcelona, 3 de Diciembre, 2020<\/p>\n","protected":false},"excerpt":{"rendered":"<p>Com \u00e9s possible que alg\u00fa que ha passat per tantes ter\u00e0pies, hagi estat tan ben aconsellat, amb cura i a [&hellip;]<\/p>\n","protected":false},"author":4,"featured_media":0,"comment_status":"closed","ping_status":"closed","sticky":false,"template":"","format":"standard","meta":{"_uag_custom_page_level_css":"","site-sidebar-layout":"default","site-content-layout":"","ast-site-content-layout":"default","site-content-style":"default","site-sidebar-style":"default","ast-global-header-display":"","ast-banner-title-visibility":"","ast-main-header-display":"","ast-hfb-above-header-display":"","ast-hfb-below-header-display":"","ast-hfb-mobile-header-display":"","site-post-title":"","ast-breadcrumbs-content":"","ast-featured-img":"","footer-sml-layout":"","theme-transparent-header-meta":"","adv-header-id-meta":"","stick-header-meta":"","header-above-stick-meta":"","header-main-stick-meta":"","header-below-stick-meta":"","astra-migrate-meta-layouts":"default","ast-page-background-enabled":"default","ast-page-background-meta":{"desktop":{"background-color":"var(--ast-global-color-4)","background-image":"","background-repeat":"repeat","background-position":"center center","background-size":"auto","background-attachment":"scroll","background-type":"","background-media":"","overlay-type":"","overlay-color":"","overlay-opacity":"","overlay-gradient":""},"tablet":{"background-color":"","background-image":"","background-repeat":"repeat","background-position":"center center","background-size":"auto","background-attachment":"scroll","background-type":"","background-media":"","overlay-type":"","overlay-color":"","overlay-opacity":"","overlay-gradient":""},"mobile":{"background-color":"","background-image":"","background-repeat":"repeat","background-position":"center center","background-size":"auto","background-attachment":"scroll","background-type":"","background-media":"","overlay-type":"","overlay-color":"","overlay-opacity":"","overlay-gradient":""}},"ast-content-background-meta":{"desktop":{"background-color":"var(--ast-global-color-5)","background-image":"","background-repeat":"repeat","background-position":"center center","background-size":"auto","background-attachment":"scroll","background-type":"","background-media":"","overlay-type":"","overlay-color":"","overlay-opacity":"","overlay-gradient":""},"tablet":{"background-color":"var(--ast-global-color-5)","background-image":"","background-repeat":"repeat","background-position":"center center","background-size":"auto","background-attachment":"scroll","background-type":"","background-media":"","overlay-type":"","overlay-color":"","overlay-opacity":"","overlay-gradient":""},"mobile":{"background-color":"var(--ast-global-color-5)","background-image":"","background-repeat":"repeat","background-position":"center center","background-size":"auto","background-attachment":"scroll","background-type":"","background-media":"","overlay-type":"","overlay-color":"","overlay-opacity":"","overlay-gradient":""}},"footnotes":""},"categories":[],"tags":[],"class_list":["post-840","post","type-post","status-publish","format-standard","hentry"],"yoast_head":"<!-- This site is optimized with the Yoast SEO plugin v27.5 - https:\/\/yoast.com\/product\/yoast-seo-wordpress\/ -->\n<title>La depressi\u00f3 profunda - Dami\u00e1n Ruiz<\/title>\n<meta name=\"robots\" content=\"index, follow, max-snippet:-1, max-image-preview:large, max-video-preview:-1\" \/>\n<link rel=\"canonical\" href=\"https:\/\/damianruiz.eu\/la-depresion-profunda\/\" \/>\n<meta property=\"og:locale\" content=\"ca_ES\" \/>\n<meta property=\"og:type\" content=\"article\" \/>\n<meta property=\"og:title\" content=\"La depressi\u00f3 profunda - Dami\u00e1n Ruiz\" \/>\n<meta property=\"og:description\" content=\"Com \u00e9s possible que alg\u00fa que ha passat per tantes ter\u00e0pies, hagi estat tan ben aconsellat, amb cura i a [&hellip;]\" \/>\n<meta property=\"og:url\" content=\"https:\/\/damianruiz.eu\/la-depresion-profunda\/\" \/>\n<meta property=\"og:site_name\" content=\"Dami\u00e1n Ruiz\" \/>\n<meta property=\"article:published_time\" content=\"2020-12-07T14:44:31+00:00\" \/>\n<meta name=\"author\" content=\"Dami\u00e1n Ruiz\" \/>\n<meta name=\"twitter:card\" content=\"summary_large_image\" \/>\n<meta name=\"twitter:label1\" content=\"Escrit per\" \/>\n\t<meta name=\"twitter:data1\" content=\"Dami\u00e1n Ruiz\" \/>\n\t<meta name=\"twitter:label2\" content=\"Temps estimat de lectura\" \/>\n\t<meta name=\"twitter:data2\" content=\"4 minuts\" \/>\n<script type=\"application\/ld+json\" class=\"yoast-schema-graph\">{\"@context\":\"https:\\\/\\\/schema.org\",\"@graph\":[{\"@type\":\"Article\",\"@id\":\"https:\\\/\\\/damianruiz.eu\\\/la-depresion-profunda\\\/#article\",\"isPartOf\":{\"@id\":\"https:\\\/\\\/damianruiz.eu\\\/la-depresion-profunda\\\/\"},\"author\":{\"name\":\"Dami\u00e1n Ruiz\",\"@id\":\"https:\\\/\\\/damianruiz.eu\\\/#\\\/schema\\\/person\\\/e4703116e00a576e1cfcea03de178c07\"},\"headline\":\"La depressi\u00f3 profunda\",\"datePublished\":\"2020-12-07T14:44:31+00:00\",\"mainEntityOfPage\":{\"@id\":\"https:\\\/\\\/damianruiz.eu\\\/la-depresion-profunda\\\/\"},\"wordCount\":797,\"publisher\":{\"@id\":\"https:\\\/\\\/damianruiz.eu\\\/#organization\"},\"inLanguage\":\"ca\"},{\"@type\":\"WebPage\",\"@id\":\"https:\\\/\\\/damianruiz.eu\\\/la-depresion-profunda\\\/\",\"url\":\"https:\\\/\\\/damianruiz.eu\\\/la-depresion-profunda\\\/\",\"name\":\"La depressi\u00f3 profunda - Dami\u00e1n Ruiz\",\"isPartOf\":{\"@id\":\"https:\\\/\\\/damianruiz.eu\\\/#website\"},\"datePublished\":\"2020-12-07T14:44:31+00:00\",\"breadcrumb\":{\"@id\":\"https:\\\/\\\/damianruiz.eu\\\/la-depresion-profunda\\\/#breadcrumb\"},\"inLanguage\":\"ca\",\"potentialAction\":[{\"@type\":\"ReadAction\",\"target\":[\"https:\\\/\\\/damianruiz.eu\\\/la-depresion-profunda\\\/\"]}]},{\"@type\":\"BreadcrumbList\",\"@id\":\"https:\\\/\\\/damianruiz.eu\\\/la-depresion-profunda\\\/#breadcrumb\",\"itemListElement\":[{\"@type\":\"ListItem\",\"position\":1,\"name\":\"Portada\",\"item\":\"https:\\\/\\\/damianruiz.eu\\\/ca\\\/\"},{\"@type\":\"ListItem\",\"position\":2,\"name\":\"La depressi\u00f3 profunda\"}]},{\"@type\":\"WebSite\",\"@id\":\"https:\\\/\\\/damianruiz.eu\\\/#website\",\"url\":\"https:\\\/\\\/damianruiz.eu\\\/\",\"name\":\"Dami\u00e1n Ruiz\",\"description\":\"Licenciado y Postgraduado en Psicolog\u00eda por la Universidad de Barcelona.\",\"publisher\":{\"@id\":\"https:\\\/\\\/damianruiz.eu\\\/#organization\"},\"potentialAction\":[{\"@type\":\"SearchAction\",\"target\":{\"@type\":\"EntryPoint\",\"urlTemplate\":\"https:\\\/\\\/damianruiz.eu\\\/?s={search_term_string}\"},\"query-input\":{\"@type\":\"PropertyValueSpecification\",\"valueRequired\":true,\"valueName\":\"search_term_string\"}}],\"inLanguage\":\"ca\"},{\"@type\":\"Organization\",\"@id\":\"https:\\\/\\\/damianruiz.eu\\\/#organization\",\"name\":\"Dami\u00e1n Ruiz\",\"url\":\"https:\\\/\\\/damianruiz.eu\\\/\",\"logo\":{\"@type\":\"ImageObject\",\"inLanguage\":\"ca\",\"@id\":\"https:\\\/\\\/damianruiz.eu\\\/#\\\/schema\\\/logo\\\/image\\\/\",\"url\":\"https:\\\/\\\/damianruiz.eu\\\/wp-content\\\/uploads\\\/2024\\\/04\\\/cropped-logo-2024-damian-ruiz-233.png\",\"contentUrl\":\"https:\\\/\\\/damianruiz.eu\\\/wp-content\\\/uploads\\\/2024\\\/04\\\/cropped-logo-2024-damian-ruiz-233.png\",\"width\":233,\"height\":60,\"caption\":\"Dami\u00e1n Ruiz\"},\"image\":{\"@id\":\"https:\\\/\\\/damianruiz.eu\\\/#\\\/schema\\\/logo\\\/image\\\/\"}},{\"@type\":\"Person\",\"@id\":\"https:\\\/\\\/damianruiz.eu\\\/#\\\/schema\\\/person\\\/e4703116e00a576e1cfcea03de178c07\",\"name\":\"Dami\u00e1n Ruiz\",\"url\":\"https:\\\/\\\/damianruiz.eu\\\/ca\\\/author\\\/damianruiz\\\/\"}]}<\/script>\n<!-- \/ Yoast SEO plugin. -->","yoast_head_json":{"title":"La depressi\u00f3 profunda - Dami\u00e1n Ruiz","robots":{"index":"index","follow":"follow","max-snippet":"max-snippet:-1","max-image-preview":"max-image-preview:large","max-video-preview":"max-video-preview:-1"},"canonical":"https:\/\/damianruiz.eu\/la-depresion-profunda\/","og_locale":"ca_ES","og_type":"article","og_title":"La depressi\u00f3 profunda - Dami\u00e1n Ruiz","og_description":"Com \u00e9s possible que alg\u00fa que ha passat per tantes ter\u00e0pies, hagi estat tan ben aconsellat, amb cura i a [&hellip;]","og_url":"https:\/\/damianruiz.eu\/la-depresion-profunda\/","og_site_name":"Dami\u00e1n Ruiz","article_published_time":"2020-12-07T14:44:31+00:00","author":"Dami\u00e1n Ruiz","twitter_card":"summary_large_image","twitter_misc":{"Escrit per":"Dami\u00e1n Ruiz","Temps estimat de lectura":"4 minuts"},"schema":{"@context":"https:\/\/schema.org","@graph":[{"@type":"Article","@id":"https:\/\/damianruiz.eu\/la-depresion-profunda\/#article","isPartOf":{"@id":"https:\/\/damianruiz.eu\/la-depresion-profunda\/"},"author":{"name":"Dami\u00e1n Ruiz","@id":"https:\/\/damianruiz.eu\/#\/schema\/person\/e4703116e00a576e1cfcea03de178c07"},"headline":"La depressi\u00f3 profunda","datePublished":"2020-12-07T14:44:31+00:00","mainEntityOfPage":{"@id":"https:\/\/damianruiz.eu\/la-depresion-profunda\/"},"wordCount":797,"publisher":{"@id":"https:\/\/damianruiz.eu\/#organization"},"inLanguage":"ca"},{"@type":"WebPage","@id":"https:\/\/damianruiz.eu\/la-depresion-profunda\/","url":"https:\/\/damianruiz.eu\/la-depresion-profunda\/","name":"La depressi\u00f3 profunda - Dami\u00e1n Ruiz","isPartOf":{"@id":"https:\/\/damianruiz.eu\/#website"},"datePublished":"2020-12-07T14:44:31+00:00","breadcrumb":{"@id":"https:\/\/damianruiz.eu\/la-depresion-profunda\/#breadcrumb"},"inLanguage":"ca","potentialAction":[{"@type":"ReadAction","target":["https:\/\/damianruiz.eu\/la-depresion-profunda\/"]}]},{"@type":"BreadcrumbList","@id":"https:\/\/damianruiz.eu\/la-depresion-profunda\/#breadcrumb","itemListElement":[{"@type":"ListItem","position":1,"name":"Portada","item":"https:\/\/damianruiz.eu\/ca\/"},{"@type":"ListItem","position":2,"name":"La depressi\u00f3 profunda"}]},{"@type":"WebSite","@id":"https:\/\/damianruiz.eu\/#website","url":"https:\/\/damianruiz.eu\/","name":"Dami\u00e1n Ruiz","description":"Licenciado y Postgraduado en Psicolog\u00eda por la Universidad de Barcelona.","publisher":{"@id":"https:\/\/damianruiz.eu\/#organization"},"potentialAction":[{"@type":"SearchAction","target":{"@type":"EntryPoint","urlTemplate":"https:\/\/damianruiz.eu\/?s={search_term_string}"},"query-input":{"@type":"PropertyValueSpecification","valueRequired":true,"valueName":"search_term_string"}}],"inLanguage":"ca"},{"@type":"Organization","@id":"https:\/\/damianruiz.eu\/#organization","name":"Dami\u00e1n Ruiz","url":"https:\/\/damianruiz.eu\/","logo":{"@type":"ImageObject","inLanguage":"ca","@id":"https:\/\/damianruiz.eu\/#\/schema\/logo\/image\/","url":"https:\/\/damianruiz.eu\/wp-content\/uploads\/2024\/04\/cropped-logo-2024-damian-ruiz-233.png","contentUrl":"https:\/\/damianruiz.eu\/wp-content\/uploads\/2024\/04\/cropped-logo-2024-damian-ruiz-233.png","width":233,"height":60,"caption":"Dami\u00e1n Ruiz"},"image":{"@id":"https:\/\/damianruiz.eu\/#\/schema\/logo\/image\/"}},{"@type":"Person","@id":"https:\/\/damianruiz.eu\/#\/schema\/person\/e4703116e00a576e1cfcea03de178c07","name":"Dami\u00e1n Ruiz","url":"https:\/\/damianruiz.eu\/ca\/author\/damianruiz\/"}]}},"uagb_featured_image_src":{"full":false,"thumbnail":false,"medium":false,"medium_large":false,"large":false,"1536x1536":false,"2048x2048":false},"uagb_author_info":{"display_name":"Dami\u00e1n Ruiz","author_link":"https:\/\/damianruiz.eu\/ca\/author\/damianruiz\/"},"uagb_comment_info":0,"uagb_excerpt":"Com \u00e9s possible que alg\u00fa que ha passat per tantes ter\u00e0pies, hagi estat tan ben aconsellat, amb cura i a [&hellip;]","_links":{"self":[{"href":"https:\/\/damianruiz.eu\/ca\/wp-json\/wp\/v2\/posts\/840","targetHints":{"allow":["GET"]}}],"collection":[{"href":"https:\/\/damianruiz.eu\/ca\/wp-json\/wp\/v2\/posts"}],"about":[{"href":"https:\/\/damianruiz.eu\/ca\/wp-json\/wp\/v2\/types\/post"}],"author":[{"embeddable":true,"href":"https:\/\/damianruiz.eu\/ca\/wp-json\/wp\/v2\/users\/4"}],"replies":[{"embeddable":true,"href":"https:\/\/damianruiz.eu\/ca\/wp-json\/wp\/v2\/comments?post=840"}],"version-history":[{"count":1,"href":"https:\/\/damianruiz.eu\/ca\/wp-json\/wp\/v2\/posts\/840\/revisions"}],"predecessor-version":[{"id":841,"href":"https:\/\/damianruiz.eu\/ca\/wp-json\/wp\/v2\/posts\/840\/revisions\/841"}],"wp:attachment":[{"href":"https:\/\/damianruiz.eu\/ca\/wp-json\/wp\/v2\/media?parent=840"}],"wp:term":[{"taxonomy":"category","embeddable":true,"href":"https:\/\/damianruiz.eu\/ca\/wp-json\/wp\/v2\/categories?post=840"},{"taxonomy":"post_tag","embeddable":true,"href":"https:\/\/damianruiz.eu\/ca\/wp-json\/wp\/v2\/tags?post=840"}],"curies":[{"name":"wp","href":"https:\/\/api.w.org\/{rel}","templated":true}]}}