{"id":849,"date":"2021-01-25T09:02:29","date_gmt":"2021-01-25T09:02:29","guid":{"rendered":"https:\/\/damianruiz.eu\/2024\/?p=849"},"modified":"2021-01-25T09:02:29","modified_gmt":"2021-01-25T09:02:29","slug":"madrid-barcelona-eros-i-tanatos","status":"publish","type":"post","link":"https:\/\/damianruiz.eu\/ca\/madrid-barcelona-eros-i-tanatos\/","title":{"rendered":"Madrid-Barcelona, Eros i Tanatos"},"content":{"rendered":"<p>Avui hem comprat l&#8217;\u00faltim n\u00famero de <i>Vanity Fair<\/i>, sortia Isabel D. Ayuso, la presidenta de la comunitat de Madrid, en portada. Ayuso t\u00e9 un aire a actriu de cinema mut, entre dol\u00e7 i \u201cvamp\u201d, del Hollywood m\u00e9s cl\u00e0ssic. La intueixo tan freda com apassionada, tan arrogant com c\u00e0lida, tan distant com humana i tan ambiciosa com diletant.<\/p>\n<p>En tot cas governa Madrid d&#8217;una manera tan summament arbitr\u00e0ria que permet als seus habitants seguir amb la vida. Els va posar la m\u00e0scareta com a tots i els va enviar a passeig, literalment. I aix\u00ed estan, omplint els bars i restaurants, els cinemes i teatres i la vida del carrer. \u00c9s cert que hi ha contagis i morts, per\u00f2 aix\u00f2 \u00e9s l&#8217;exist\u00e8ncia. No els va pitjor que a uns altres i preservant la llibertat.<\/p>\n<p>A Barcelona tenim en l&#8217;alcaldia a una portera esbufegant preocupada pel bon funcionament de la comunitat a la qual nom\u00e9s et pots imaginar, en els seus moments m\u00e9s sofisticats, pelant castanyes i bevent moscatell. I en la Generalitat a una monja del proc\u00e9s, \u00e9s a dir, a un senyor jove, d&#8217;aspecte sever i conscienci\u00f3s que a m\u00e9s de portar-nos a tots cap a la independ\u00e8ncia somiada est\u00e0 obsessionat amb confinar-nos. Sort que hi ha algun liberal en el seu govern que se li oposa i el noi cedeix.<\/p>\n<p>En tot cas des que Pasqual Maragall, un Senyor de Barcelona, quan aquest apel\u00b7latiu significava burgesia il\u00b7lustrada, progressista i cosmopolita, va deixar les seves funcions p\u00fabliques i va venir tot el provincianisme pesat en forma de nuvolot gris, dens i permanent, Barcelona va deixar de ser la gran ciutat, catalana i espanyola, oberta al m\u00f3n, din\u00e0mica, moderna, potent culturalment, innovadora i&#8230;Vital.<\/p>\n<p>Ara la ciutat comtal, m&#8217;encanta aquest apel\u00b7latiu, \u00e9s una mescla de jard\u00ed d&#8217;inf\u00e0ncia i parc geri\u00e0tric. A la senyora que governa li ha donat per reduir-la a un lloc hum\u00e0 i habitable, aqu\u00ed vindria un gran badall, un lloc sense pulsi\u00f3, sense contrastos, amb seients de ciment i fusta col\u00b7locats enmig d&#8217;encreuaments de carrers i en els quals se senten vells solitaris mirant el sostre, perd\u00f3, el cel&#8230;Els ancians aut\u00f2ctons s\u00f3n de car\u00e0cter reservat i els que van venir immigrats saben que s\u00f3n pur decorat.<\/p>\n<p>Tenim una ciutat feminista, ecologista, acollidora amb els immigrants, <i>gay friendly<\/i>\u2026 El mateix que Madrid per\u00f2 amb neurosi afegida, \u00e9s a dir, una ciutat cada vegada m\u00e9s soporifera tret que tinguis entre vint i trenta anys, per\u00f2 en aquestes edats fins a la vida en una devesa et pot semblar apassionant.<\/p>\n<p>Jo solc comentar que m&#8217;agradaria que constru\u00efssin un <i>skyline<\/i> en tota la costa amb gratacels de disseny radicalment modern, generar una ind\u00fastria de l&#8217;espectacle que no tingu\u00e9s res a envejar a les grans ciutats d&#8217;Europa i que serv\u00eds per a atreure a totes les classes mitjanes del Mediterrani, potenciar l&#8217;alta gastronomia, barrejar ci\u00e8ncia i tecnologia amb propostes de joves emprenedors, rebaixant els impostos i ajudant-los a crear projectes de valor.<\/p>\n<p>I quan la gent \u00e9s feli\u00e7, t\u00e9 treball i guanya diners es torna m\u00e9s solid\u00e0ria i d&#8217;aquesta pulsi\u00f3 neixen els vincles, i es tornen emocionants.<\/p>\n<p>Aquesta ciutat cada vegada \u00e9s m\u00e9s trista, mentre Madrid, com va dir el citat Maragall en un article, <i>\u201cja s\u2019en va anar\u201d<\/i>, i \u00e9s un pol d&#8217;atracci\u00f3 gr\u00e0cies a les seves pol\u00edtiques econ\u00f2miques i socials.<\/p>\n<p>Als meus amics independentistes, que saben que jo no ho s\u00f3c, sempre els dic que si m&#8217;asseguren que Catalunya ser\u00e0 Texas o Su\u00efssa m&#8217;hi apunto. Per\u00f2 em temo que seria B\u00e8lgica (i B\u00e8lgica va ser una altra cosa).<\/p>\n<p>L&#8217;impuls de vida (Eros) no es genera des del control exhaustiu sin\u00f3 des d&#8217;un fer obert i permissiu que li permet a la gent respirar, fins i tot saltar-se les regles, sortir de la consci\u00e8ncia i pensar amb el cor o m\u00e9s a baix. Un \u201claissez faire\u201d \u00e9s molt m\u00e9s productiu que el rigor preocupad\u00eds d&#8217;aquells que pensen que poden abastar-lo tot.<\/p>\n<p><i>Quan Merkel va parlar, gaireb\u00e9 plorant, en el parlament alemany i va dir que el seu pa\u00eds, de m\u00e9s de vuitanta milions d&#8217;habitants, no es podia permetre cinc-cents vuitanta defuncions al dia per Covid, vaig pensar que est\u00e0vem destinats, els europeus, a ser un parc tem\u00e0tic per a turistes asi\u00e0tics. \u00c9s impossible major nivell de decad\u00e8ncia.\u00a0<\/i><\/p>\n<p>Per aix\u00f2 m&#8217;agrada Ayuso, igual que em va agradar Pujol, malgrat tot, o Maragall, perqu\u00e8 es posen o es posaven el m\u00f3n per <i>\u201cmontera\u201d<\/i>. Viuen i deixen viure, i creen felicitat.<\/p>\n<p>I m&#8217;\u00e9s tan grat ser pol\u00edticament incorrecte&#8230;, un altre dia els parlar\u00e9 de la Liza Minnelli i els formatges.<\/p>\n<p>Dami\u00e1n Ruiz<\/p>\n<p>Barcelona, 24 de Gener, 2021<\/p>\n","protected":false},"excerpt":{"rendered":"<p>Avui hem comprat l&#8217;\u00faltim n\u00famero de Vanity Fair, sortia Isabel D. Ayuso, la presidenta de la comunitat de Madrid, en [&hellip;]<\/p>\n","protected":false},"author":4,"featured_media":847,"comment_status":"closed","ping_status":"closed","sticky":false,"template":"","format":"standard","meta":{"_uag_custom_page_level_css":"","site-sidebar-layout":"default","site-content-layout":"","ast-site-content-layout":"default","site-content-style":"default","site-sidebar-style":"default","ast-global-header-display":"","ast-banner-title-visibility":"","ast-main-header-display":"","ast-hfb-above-header-display":"","ast-hfb-below-header-display":"","ast-hfb-mobile-header-display":"","site-post-title":"","ast-breadcrumbs-content":"","ast-featured-img":"","footer-sml-layout":"","theme-transparent-header-meta":"","adv-header-id-meta":"","stick-header-meta":"","header-above-stick-meta":"","header-main-stick-meta":"","header-below-stick-meta":"","astra-migrate-meta-layouts":"default","ast-page-background-enabled":"default","ast-page-background-meta":{"desktop":{"background-color":"var(--ast-global-color-4)","background-image":"","background-repeat":"repeat","background-position":"center center","background-size":"auto","background-attachment":"scroll","background-type":"","background-media":"","overlay-type":"","overlay-color":"","overlay-opacity":"","overlay-gradient":""},"tablet":{"background-color":"","background-image":"","background-repeat":"repeat","background-position":"center center","background-size":"auto","background-attachment":"scroll","background-type":"","background-media":"","overlay-type":"","overlay-color":"","overlay-opacity":"","overlay-gradient":""},"mobile":{"background-color":"","background-image":"","background-repeat":"repeat","background-position":"center center","background-size":"auto","background-attachment":"scroll","background-type":"","background-media":"","overlay-type":"","overlay-color":"","overlay-opacity":"","overlay-gradient":""}},"ast-content-background-meta":{"desktop":{"background-color":"var(--ast-global-color-5)","background-image":"","background-repeat":"repeat","background-position":"center center","background-size":"auto","background-attachment":"scroll","background-type":"","background-media":"","overlay-type":"","overlay-color":"","overlay-opacity":"","overlay-gradient":""},"tablet":{"background-color":"var(--ast-global-color-5)","background-image":"","background-repeat":"repeat","background-position":"center center","background-size":"auto","background-attachment":"scroll","background-type":"","background-media":"","overlay-type":"","overlay-color":"","overlay-opacity":"","overlay-gradient":""},"mobile":{"background-color":"var(--ast-global-color-5)","background-image":"","background-repeat":"repeat","background-position":"center center","background-size":"auto","background-attachment":"scroll","background-type":"","background-media":"","overlay-type":"","overlay-color":"","overlay-opacity":"","overlay-gradient":""}},"footnotes":""},"categories":[],"tags":[],"class_list":["post-849","post","type-post","status-publish","format-standard","has-post-thumbnail","hentry"],"yoast_head":"<!-- This site is optimized with the Yoast SEO plugin v27.5 - https:\/\/yoast.com\/product\/yoast-seo-wordpress\/ -->\n<title>Madrid-Barcelona, Eros i Tanatos - Dami\u00e1n Ruiz<\/title>\n<meta name=\"description\" content=\"Avui hem comprat l&#039;\u00faltim n\u00famero de Vanity Fair, sortia Isabel D. Ayuso, la presidenta de la comunitat de Madrid, en portada.\" \/>\n<meta name=\"robots\" content=\"index, follow, max-snippet:-1, max-image-preview:large, max-video-preview:-1\" \/>\n<link rel=\"canonical\" href=\"https:\/\/damianruiz.eu\/madrid-barcelona-eros-y-tanatos\/\" \/>\n<meta property=\"og:locale\" content=\"ca_ES\" \/>\n<meta property=\"og:type\" content=\"article\" \/>\n<meta property=\"og:title\" content=\"Madrid-Barcelona, Eros i Tanatos - Dami\u00e1n Ruiz\" \/>\n<meta property=\"og:description\" content=\"Avui hem comprat l&#039;\u00faltim n\u00famero de Vanity Fair, sortia Isabel D. Ayuso, la presidenta de la comunitat de Madrid, en portada.\" \/>\n<meta property=\"og:url\" content=\"https:\/\/damianruiz.eu\/madrid-barcelona-eros-y-tanatos\/\" \/>\n<meta property=\"og:site_name\" content=\"Dami\u00e1n Ruiz\" \/>\n<meta property=\"article:published_time\" content=\"2021-01-25T09:02:29+00:00\" \/>\n<meta property=\"og:image\" content=\"https:\/\/damianruiz.eu\/wp-content\/uploads\/2021\/01\/Eros-y-tanatos.jpg\" \/>\n\t<meta property=\"og:image:width\" content=\"1280\" \/>\n\t<meta property=\"og:image:height\" content=\"853\" \/>\n\t<meta property=\"og:image:type\" content=\"image\/jpeg\" \/>\n<meta name=\"author\" content=\"Dami\u00e1n Ruiz\" \/>\n<meta name=\"twitter:card\" content=\"summary_large_image\" \/>\n<meta name=\"twitter:label1\" content=\"Escrit per\" \/>\n\t<meta name=\"twitter:data1\" content=\"Dami\u00e1n Ruiz\" \/>\n\t<meta name=\"twitter:label2\" content=\"Temps estimat de lectura\" \/>\n\t<meta name=\"twitter:data2\" content=\"4 minuts\" \/>\n<script type=\"application\/ld+json\" class=\"yoast-schema-graph\">{\"@context\":\"https:\\\/\\\/schema.org\",\"@graph\":[{\"@type\":\"Article\",\"@id\":\"https:\\\/\\\/damianruiz.eu\\\/madrid-barcelona-eros-y-tanatos\\\/#article\",\"isPartOf\":{\"@id\":\"https:\\\/\\\/damianruiz.eu\\\/madrid-barcelona-eros-y-tanatos\\\/\"},\"author\":{\"name\":\"Dami\u00e1n Ruiz\",\"@id\":\"https:\\\/\\\/damianruiz.eu\\\/#\\\/schema\\\/person\\\/e4703116e00a576e1cfcea03de178c07\"},\"headline\":\"Madrid-Barcelona, Eros i Tanatos\",\"datePublished\":\"2021-01-25T09:02:29+00:00\",\"mainEntityOfPage\":{\"@id\":\"https:\\\/\\\/damianruiz.eu\\\/madrid-barcelona-eros-y-tanatos\\\/\"},\"wordCount\":842,\"publisher\":{\"@id\":\"https:\\\/\\\/damianruiz.eu\\\/#organization\"},\"image\":{\"@id\":\"https:\\\/\\\/damianruiz.eu\\\/madrid-barcelona-eros-y-tanatos\\\/#primaryimage\"},\"thumbnailUrl\":\"https:\\\/\\\/damianruiz.eu\\\/wp-content\\\/uploads\\\/2021\\\/01\\\/Eros-y-tanatos.jpg\",\"inLanguage\":\"ca\"},{\"@type\":\"WebPage\",\"@id\":\"https:\\\/\\\/damianruiz.eu\\\/madrid-barcelona-eros-y-tanatos\\\/\",\"url\":\"https:\\\/\\\/damianruiz.eu\\\/madrid-barcelona-eros-y-tanatos\\\/\",\"name\":\"Madrid-Barcelona, Eros i Tanatos - Dami\u00e1n Ruiz\",\"isPartOf\":{\"@id\":\"https:\\\/\\\/damianruiz.eu\\\/#website\"},\"primaryImageOfPage\":{\"@id\":\"https:\\\/\\\/damianruiz.eu\\\/madrid-barcelona-eros-y-tanatos\\\/#primaryimage\"},\"image\":{\"@id\":\"https:\\\/\\\/damianruiz.eu\\\/madrid-barcelona-eros-y-tanatos\\\/#primaryimage\"},\"thumbnailUrl\":\"https:\\\/\\\/damianruiz.eu\\\/wp-content\\\/uploads\\\/2021\\\/01\\\/Eros-y-tanatos.jpg\",\"datePublished\":\"2021-01-25T09:02:29+00:00\",\"description\":\"Avui hem comprat l'\u00faltim n\u00famero de Vanity Fair, sortia Isabel D. Ayuso, la presidenta de la comunitat de Madrid, en portada.\",\"breadcrumb\":{\"@id\":\"https:\\\/\\\/damianruiz.eu\\\/madrid-barcelona-eros-y-tanatos\\\/#breadcrumb\"},\"inLanguage\":\"ca\",\"potentialAction\":[{\"@type\":\"ReadAction\",\"target\":[\"https:\\\/\\\/damianruiz.eu\\\/madrid-barcelona-eros-y-tanatos\\\/\"]}]},{\"@type\":\"ImageObject\",\"inLanguage\":\"ca\",\"@id\":\"https:\\\/\\\/damianruiz.eu\\\/madrid-barcelona-eros-y-tanatos\\\/#primaryimage\",\"url\":\"https:\\\/\\\/damianruiz.eu\\\/wp-content\\\/uploads\\\/2021\\\/01\\\/Eros-y-tanatos.jpg\",\"contentUrl\":\"https:\\\/\\\/damianruiz.eu\\\/wp-content\\\/uploads\\\/2021\\\/01\\\/Eros-y-tanatos.jpg\",\"width\":1280,\"height\":853,\"caption\":\"Eros y tanatos\"},{\"@type\":\"BreadcrumbList\",\"@id\":\"https:\\\/\\\/damianruiz.eu\\\/madrid-barcelona-eros-y-tanatos\\\/#breadcrumb\",\"itemListElement\":[{\"@type\":\"ListItem\",\"position\":1,\"name\":\"Portada\",\"item\":\"https:\\\/\\\/damianruiz.eu\\\/ca\\\/\"},{\"@type\":\"ListItem\",\"position\":2,\"name\":\"Madrid-Barcelona, Eros i Tanatos\"}]},{\"@type\":\"WebSite\",\"@id\":\"https:\\\/\\\/damianruiz.eu\\\/#website\",\"url\":\"https:\\\/\\\/damianruiz.eu\\\/\",\"name\":\"Dami\u00e1n Ruiz\",\"description\":\"Licenciado y Postgraduado en Psicolog\u00eda por la Universidad de Barcelona.\",\"publisher\":{\"@id\":\"https:\\\/\\\/damianruiz.eu\\\/#organization\"},\"potentialAction\":[{\"@type\":\"SearchAction\",\"target\":{\"@type\":\"EntryPoint\",\"urlTemplate\":\"https:\\\/\\\/damianruiz.eu\\\/?s={search_term_string}\"},\"query-input\":{\"@type\":\"PropertyValueSpecification\",\"valueRequired\":true,\"valueName\":\"search_term_string\"}}],\"inLanguage\":\"ca\"},{\"@type\":\"Organization\",\"@id\":\"https:\\\/\\\/damianruiz.eu\\\/#organization\",\"name\":\"Dami\u00e1n Ruiz\",\"url\":\"https:\\\/\\\/damianruiz.eu\\\/\",\"logo\":{\"@type\":\"ImageObject\",\"inLanguage\":\"ca\",\"@id\":\"https:\\\/\\\/damianruiz.eu\\\/#\\\/schema\\\/logo\\\/image\\\/\",\"url\":\"https:\\\/\\\/damianruiz.eu\\\/wp-content\\\/uploads\\\/2024\\\/04\\\/cropped-logo-2024-damian-ruiz-233.png\",\"contentUrl\":\"https:\\\/\\\/damianruiz.eu\\\/wp-content\\\/uploads\\\/2024\\\/04\\\/cropped-logo-2024-damian-ruiz-233.png\",\"width\":233,\"height\":60,\"caption\":\"Dami\u00e1n Ruiz\"},\"image\":{\"@id\":\"https:\\\/\\\/damianruiz.eu\\\/#\\\/schema\\\/logo\\\/image\\\/\"}},{\"@type\":\"Person\",\"@id\":\"https:\\\/\\\/damianruiz.eu\\\/#\\\/schema\\\/person\\\/e4703116e00a576e1cfcea03de178c07\",\"name\":\"Dami\u00e1n Ruiz\",\"url\":\"https:\\\/\\\/damianruiz.eu\\\/ca\\\/author\\\/damianruiz\\\/\"}]}<\/script>\n<!-- \/ Yoast SEO plugin. -->","yoast_head_json":{"title":"Madrid-Barcelona, Eros i Tanatos - Dami\u00e1n Ruiz","description":"Avui hem comprat l'\u00faltim n\u00famero de Vanity Fair, sortia Isabel D. Ayuso, la presidenta de la comunitat de Madrid, en portada.","robots":{"index":"index","follow":"follow","max-snippet":"max-snippet:-1","max-image-preview":"max-image-preview:large","max-video-preview":"max-video-preview:-1"},"canonical":"https:\/\/damianruiz.eu\/madrid-barcelona-eros-y-tanatos\/","og_locale":"ca_ES","og_type":"article","og_title":"Madrid-Barcelona, Eros i Tanatos - Dami\u00e1n Ruiz","og_description":"Avui hem comprat l'\u00faltim n\u00famero de Vanity Fair, sortia Isabel D. Ayuso, la presidenta de la comunitat de Madrid, en portada.","og_url":"https:\/\/damianruiz.eu\/madrid-barcelona-eros-y-tanatos\/","og_site_name":"Dami\u00e1n Ruiz","article_published_time":"2021-01-25T09:02:29+00:00","og_image":[{"width":1280,"height":853,"url":"https:\/\/damianruiz.eu\/wp-content\/uploads\/2021\/01\/Eros-y-tanatos.jpg","type":"image\/jpeg"}],"author":"Dami\u00e1n Ruiz","twitter_card":"summary_large_image","twitter_misc":{"Escrit per":"Dami\u00e1n Ruiz","Temps estimat de lectura":"4 minuts"},"schema":{"@context":"https:\/\/schema.org","@graph":[{"@type":"Article","@id":"https:\/\/damianruiz.eu\/madrid-barcelona-eros-y-tanatos\/#article","isPartOf":{"@id":"https:\/\/damianruiz.eu\/madrid-barcelona-eros-y-tanatos\/"},"author":{"name":"Dami\u00e1n Ruiz","@id":"https:\/\/damianruiz.eu\/#\/schema\/person\/e4703116e00a576e1cfcea03de178c07"},"headline":"Madrid-Barcelona, Eros i Tanatos","datePublished":"2021-01-25T09:02:29+00:00","mainEntityOfPage":{"@id":"https:\/\/damianruiz.eu\/madrid-barcelona-eros-y-tanatos\/"},"wordCount":842,"publisher":{"@id":"https:\/\/damianruiz.eu\/#organization"},"image":{"@id":"https:\/\/damianruiz.eu\/madrid-barcelona-eros-y-tanatos\/#primaryimage"},"thumbnailUrl":"https:\/\/damianruiz.eu\/wp-content\/uploads\/2021\/01\/Eros-y-tanatos.jpg","inLanguage":"ca"},{"@type":"WebPage","@id":"https:\/\/damianruiz.eu\/madrid-barcelona-eros-y-tanatos\/","url":"https:\/\/damianruiz.eu\/madrid-barcelona-eros-y-tanatos\/","name":"Madrid-Barcelona, Eros i Tanatos - Dami\u00e1n Ruiz","isPartOf":{"@id":"https:\/\/damianruiz.eu\/#website"},"primaryImageOfPage":{"@id":"https:\/\/damianruiz.eu\/madrid-barcelona-eros-y-tanatos\/#primaryimage"},"image":{"@id":"https:\/\/damianruiz.eu\/madrid-barcelona-eros-y-tanatos\/#primaryimage"},"thumbnailUrl":"https:\/\/damianruiz.eu\/wp-content\/uploads\/2021\/01\/Eros-y-tanatos.jpg","datePublished":"2021-01-25T09:02:29+00:00","description":"Avui hem comprat l'\u00faltim n\u00famero de Vanity Fair, sortia Isabel D. Ayuso, la presidenta de la comunitat de Madrid, en portada.","breadcrumb":{"@id":"https:\/\/damianruiz.eu\/madrid-barcelona-eros-y-tanatos\/#breadcrumb"},"inLanguage":"ca","potentialAction":[{"@type":"ReadAction","target":["https:\/\/damianruiz.eu\/madrid-barcelona-eros-y-tanatos\/"]}]},{"@type":"ImageObject","inLanguage":"ca","@id":"https:\/\/damianruiz.eu\/madrid-barcelona-eros-y-tanatos\/#primaryimage","url":"https:\/\/damianruiz.eu\/wp-content\/uploads\/2021\/01\/Eros-y-tanatos.jpg","contentUrl":"https:\/\/damianruiz.eu\/wp-content\/uploads\/2021\/01\/Eros-y-tanatos.jpg","width":1280,"height":853,"caption":"Eros y tanatos"},{"@type":"BreadcrumbList","@id":"https:\/\/damianruiz.eu\/madrid-barcelona-eros-y-tanatos\/#breadcrumb","itemListElement":[{"@type":"ListItem","position":1,"name":"Portada","item":"https:\/\/damianruiz.eu\/ca\/"},{"@type":"ListItem","position":2,"name":"Madrid-Barcelona, Eros i Tanatos"}]},{"@type":"WebSite","@id":"https:\/\/damianruiz.eu\/#website","url":"https:\/\/damianruiz.eu\/","name":"Dami\u00e1n Ruiz","description":"Licenciado y Postgraduado en Psicolog\u00eda por la Universidad de Barcelona.","publisher":{"@id":"https:\/\/damianruiz.eu\/#organization"},"potentialAction":[{"@type":"SearchAction","target":{"@type":"EntryPoint","urlTemplate":"https:\/\/damianruiz.eu\/?s={search_term_string}"},"query-input":{"@type":"PropertyValueSpecification","valueRequired":true,"valueName":"search_term_string"}}],"inLanguage":"ca"},{"@type":"Organization","@id":"https:\/\/damianruiz.eu\/#organization","name":"Dami\u00e1n Ruiz","url":"https:\/\/damianruiz.eu\/","logo":{"@type":"ImageObject","inLanguage":"ca","@id":"https:\/\/damianruiz.eu\/#\/schema\/logo\/image\/","url":"https:\/\/damianruiz.eu\/wp-content\/uploads\/2024\/04\/cropped-logo-2024-damian-ruiz-233.png","contentUrl":"https:\/\/damianruiz.eu\/wp-content\/uploads\/2024\/04\/cropped-logo-2024-damian-ruiz-233.png","width":233,"height":60,"caption":"Dami\u00e1n Ruiz"},"image":{"@id":"https:\/\/damianruiz.eu\/#\/schema\/logo\/image\/"}},{"@type":"Person","@id":"https:\/\/damianruiz.eu\/#\/schema\/person\/e4703116e00a576e1cfcea03de178c07","name":"Dami\u00e1n Ruiz","url":"https:\/\/damianruiz.eu\/ca\/author\/damianruiz\/"}]}},"uagb_featured_image_src":{"full":["https:\/\/damianruiz.eu\/wp-content\/uploads\/2021\/01\/Eros-y-tanatos.jpg",1280,853,false],"thumbnail":["https:\/\/damianruiz.eu\/wp-content\/uploads\/2021\/01\/Eros-y-tanatos-150x150.jpg",150,150,true],"medium":["https:\/\/damianruiz.eu\/wp-content\/uploads\/2021\/01\/Eros-y-tanatos-300x200.jpg",300,200,true],"medium_large":["https:\/\/damianruiz.eu\/wp-content\/uploads\/2021\/01\/Eros-y-tanatos-768x512.jpg",768,512,true],"large":["https:\/\/damianruiz.eu\/wp-content\/uploads\/2021\/01\/Eros-y-tanatos-1024x682.jpg",1024,682,true],"1536x1536":["https:\/\/damianruiz.eu\/wp-content\/uploads\/2021\/01\/Eros-y-tanatos.jpg",1280,853,false],"2048x2048":["https:\/\/damianruiz.eu\/wp-content\/uploads\/2021\/01\/Eros-y-tanatos.jpg",1280,853,false]},"uagb_author_info":{"display_name":"Dami\u00e1n Ruiz","author_link":"https:\/\/damianruiz.eu\/ca\/author\/damianruiz\/"},"uagb_comment_info":0,"uagb_excerpt":"Avui hem comprat l&#8217;\u00faltim n\u00famero de Vanity Fair, sortia Isabel D. Ayuso, la presidenta de la comunitat de Madrid, en [&hellip;]","_links":{"self":[{"href":"https:\/\/damianruiz.eu\/ca\/wp-json\/wp\/v2\/posts\/849","targetHints":{"allow":["GET"]}}],"collection":[{"href":"https:\/\/damianruiz.eu\/ca\/wp-json\/wp\/v2\/posts"}],"about":[{"href":"https:\/\/damianruiz.eu\/ca\/wp-json\/wp\/v2\/types\/post"}],"author":[{"embeddable":true,"href":"https:\/\/damianruiz.eu\/ca\/wp-json\/wp\/v2\/users\/4"}],"replies":[{"embeddable":true,"href":"https:\/\/damianruiz.eu\/ca\/wp-json\/wp\/v2\/comments?post=849"}],"version-history":[{"count":1,"href":"https:\/\/damianruiz.eu\/ca\/wp-json\/wp\/v2\/posts\/849\/revisions"}],"predecessor-version":[{"id":850,"href":"https:\/\/damianruiz.eu\/ca\/wp-json\/wp\/v2\/posts\/849\/revisions\/850"}],"wp:featuredmedia":[{"embeddable":true,"href":"https:\/\/damianruiz.eu\/ca\/wp-json\/wp\/v2\/media\/847"}],"wp:attachment":[{"href":"https:\/\/damianruiz.eu\/ca\/wp-json\/wp\/v2\/media?parent=849"}],"wp:term":[{"taxonomy":"category","embeddable":true,"href":"https:\/\/damianruiz.eu\/ca\/wp-json\/wp\/v2\/categories?post=849"},{"taxonomy":"post_tag","embeddable":true,"href":"https:\/\/damianruiz.eu\/ca\/wp-json\/wp\/v2\/tags?post=849"}],"curies":[{"name":"wp","href":"https:\/\/api.w.org\/{rel}","templated":true}]}}