{"id":855,"date":"2021-01-28T13:55:19","date_gmt":"2021-01-28T13:55:19","guid":{"rendered":"https:\/\/damianruiz.eu\/2024\/?p=855"},"modified":"2021-01-28T13:55:19","modified_gmt":"2021-01-28T13:55:19","slug":"la-llengua-i-la-psique","status":"publish","type":"post","link":"https:\/\/damianruiz.eu\/ca\/la-llengua-i-la-psique\/","title":{"rendered":"La llengua i la psique"},"content":{"rendered":"<p><b>El cas catal\u00e0 o qu\u00e8 faries si la teva llengua materna estigu\u00e9s en perill d&#8217;extinci\u00f3?<\/b><\/p>\n<p>El llenguatge estructura el nostre cervell cognitiu, \u00e9s a dir, el pensament.<\/p>\n<p>D&#8217;aqu\u00ed ve que puguem deduir que cada idioma genera una forma diferent d&#8217;afrontament de la realitat, especialment del m\u00f3n extern, per\u00f2 no sols aix\u00f2, tamb\u00e9 de com ens pensem.<\/p>\n<p>Les lleng\u00fces que es parlen en el m\u00f3n suposen una enorme riquesa col\u00b7lectiva, generen diferents perspectives, connecten amb plans diversos de l&#8217;exist\u00e8ncia i permeten un enriquiment mutu entre les diferents comunitats.<\/p>\n<p>La q\u00fcesti\u00f3 \u00e9s com preservar-les.<\/p>\n<p>Donem per fet que, de seguir aquesta in\u00e8rcia, al final acabaran quedant cinc o sis idiomes: angl\u00e8s, espanyol, mandar\u00ed, hindi, \u00e0rab i potser rus.<\/p>\n<ul>\n<li aria-level=\"1\"><i>Actualment en el m\u00f3n hi ha m\u00e9s de 7.000 idiomes parlats per, almenys, 100.000 persones, i al voltant de 200 idiomes per m\u00e9s d&#8217;1.000.000 de persones-.<\/i><\/li>\n<\/ul>\n<p>I \u00e9s que si una comunitat parla angl\u00e8s crear\u00e0 un m\u00f3n molt semblant a l&#8217;estructura gramatical, sint\u00e0ctica i fon\u00e8tica d&#8217;aquest idioma, molt diferent a si ho fa en xin\u00e8s, fins i tot en franc\u00e8s.<\/p>\n<p>Fixem-nos en una cosa purament intu\u00eftiva, en escoltar la dicci\u00f3 anglesa, aix\u00ed com la certa senzillesa de la seva sintaxi, podem veure una tend\u00e8ncia al pragmatisme, fins i tot a un cert reduccionisme&#8230;dedu\u00efm d&#8217;aqu\u00ed la configuraci\u00f3 de la seva societat, tant la brit\u00e0nica com l&#8217;americana.<\/p>\n<p>Anem ara al franc\u00e8s: ampul\u00b7l\u00f3s, sofisticat, m\u00e9s complex, molt m\u00e9s adornat&#8230;dedu\u00efm tamb\u00e9.<\/p>\n<p>S\u00f3n exemples b\u00e0sics.<\/p>\n<p>Per aix\u00f2 quan una llengua desapareix no \u00e9s nom\u00e9s ella la que passa a l&#8217;ombra de l&#8217;inconscient col\u00b7lectiu, -en realitat crec que tot roman de manera intemporal per\u00f2 en un estat no material (all\u00f2 que ha tingut \u201ccos\u201d ha configurat realitats que van deixar empremta i, d&#8217;una manera o un altre, persisteix a trav\u00e9s de noves generacions)-.<\/p>\n<p>Encara aix\u00ed el m\u00f3n s&#8217;empobreix i tots els s\u00edmbols, ritus i tradicions que estan vinculats a una part del coneixement tamb\u00e9 es dilueixen.<\/p>\n<p>Podem entendre per qu\u00e8 determinades comunitats sofreixen i lluiten per a preservar la seva llengua? En ella, d&#8217;alguna manera, viuen els seus ancestres, i tot una her\u00e8ncia cultural, material i espiritual pot deixar d&#8217;existir.<\/p>\n<p>Encara aix\u00ed hi ha lleng\u00fces amb Estat, el cas de Fran\u00e7a, amb una part de la poblaci\u00f3 musulmana proposant que l&#8217;\u00e0rab formi part de la cultura francesa, i lluitant contra la tremenda for\u00e7a de l&#8217;angl\u00e8s, en principi molt m\u00e9s \u201ccool\u201d per als joves&#8230;cinema, m\u00fasica, videojocs\u2026<\/p>\n<p>Fran\u00e7a inverteix ingents quantitats de diners per a preservar la llengua, la cultura i un determinat estil de vida. El problema \u00e9s que el franc\u00e8s ha deixat de ser un idioma necessari per a la comunitat internacional i s&#8217;ha anat convertint progressivament en un idioma de culte; d\u00f3na un cert toc d&#8217;eleg\u00e0ncia, fins i tot d&#8217;estatus a aquells estrangers que ho dominen. Per\u00f2 aix\u00f2 no \u00e9s suficient.<\/p>\n<p>Ara anem al cas catal\u00e0.<\/p>\n<p>Catalunya t\u00e9 una identitat cultural molt definida que inclou el seu idioma, el catal\u00e0.<\/p>\n<p>No entrar\u00e9 en consideracions hist\u00f2riques perqu\u00e8 hi ha historiadors de prestigi que defensen que \u00e9s una naci\u00f3 colonitzada per una altra, Espanya, i altres que consideren que forma part\u00a0 d&#8217;aquesta mateixa naci\u00f3 de manera natural des de la unificaci\u00f3 de les corones de Castella i Arag\u00f3 per part dels Reis Cat\u00f2lics.<\/p>\n<p>Una anotaci\u00f3 personal, com ja he dit en m\u00faltiples ocasions, jo no s\u00f3c independentista.<\/p>\n<p>Una altra cosa \u00e9s que s\u00ed que estic a favor de la preservaci\u00f3 i defensa de la identitat pr\u00f2pia de Catalunya, que inclou el seu idioma.<\/p>\n<p>Per\u00f2 veurem qu\u00e8 ha passat, molt breument, en els \u00faltims cent anys.<\/p>\n<p>La segona rep\u00fablica queda liquidada despr\u00e9s del cop d&#8217;estat del general Franco. &#8211; Espanya t\u00e9 molta tend\u00e8ncia a polaritzar-se, probablement m\u00e9s que cap altre pa\u00eds del m\u00f3n, i quan l&#8217;esquerra o la dreta es van a un extrem, l&#8217;altre es reactiva com un vas comunicant, i el conflicte est\u00e0 servit. Av\u00eds per a navegants! &#8211;<\/p>\n<p>En la segona rep\u00fablica el catal\u00e0 era l&#8217;idioma habitual de la ciutadania d&#8217;aquesta comunitat per\u00f2 arriba Franco i el prohibeix, i fa dues coses molt intel\u00b7ligents (\u00e9s curi\u00f3s aquest home, al qual no se li concep precisament com una intel\u00b7lectualitat, l&#8217;astut que era): una ajuda al desenvolupisme industrial de Catalunya , establint una esp\u00e8cie de pacte impl\u00edcit amb la seva burgesia (aquests que despr\u00e9s, per art d&#8217;encantament, es van fer nacionalistes catalans d&#8217;un dia per a un altre, finalitzada la dictadura, quan una gran majoria van estar m\u00e9s que contents amb l&#8217;anterior r\u00e8gim) i la plena de nascuts en altres parts d&#8217;Espanya, especialment andalusos, murcians i extremenys. Dos ocells d&#8217;un tir. T\u00e9 contentes a les elits i dissol, d&#8217;un cop de ploma, la prevalen\u00e7a de la llengua i la identitat.<\/p>\n<p>El car\u00e0cter catal\u00e0 \u00e9s prudent i reservat i, entre que tenen l&#8217;idioma prohibit i els omplen l&#8217;espai geogr\u00e0fic d&#8217;immigrants, passen a parlar espanyol de manera massiva excepte en l&#8217;\u00e0mbit privat. Ara posem-nos en el seu lloc! El teu idioma, la teva cultura i les teves tradicions passen a ser considerades secund\u00e0ries, gaireb\u00e9 rareses, davant el nou que ha arribat.<\/p>\n<p>B\u00e9, acaba la dictadura, Espanya \u00e9s una festa, especialment els 80.<\/p>\n<p>I cal reconstruir Catalunya.<\/p>\n<p>El nacionalisme es fa hegem\u00f2nic i el catal\u00e0 comen\u00e7a a ser considerada una llengua de prestigi. Hi ha una certa bonan\u00e7a econ\u00f2mica&#8230;i progressivament es va implantant l&#8217;idioma aut\u00f2cton a les escoles.<\/p>\n<p>El catal\u00e0 avan\u00e7a, es crea la immersi\u00f3 ling\u00fc\u00edstica, sembla que tothom est\u00e0 d&#8217;acord.<\/p>\n<p>Per\u00f2\u2026 les \u00e0rees metropolitanes de Barcelona ja no estan formades nom\u00e9s per una majoria de persones sense formaci\u00f3, treballadors de base vinguts d&#8217;altres parts de la pen\u00ednsula. Ara ja hi ha universitaris, professionals,&#8230;en definitiva noves classes mitjanes que parlen, fonamentalment, espanyol i que tenen dificultats per a integrar-se en l&#8217;imaginari col\u00b7lectiu catal\u00e0.<\/p>\n<ul>\n<li aria-level=\"1\"><i>A difer\u00e8ncia dels bascos, que han estat molt m\u00e9s combatius, per dir-ho suaument, per\u00f2 el temperament dels quals \u00e9s m\u00e9s coratj\u00f3s, noble i directe, quelcom en el fons ben percebut per la resta d&#8217;Espanya, el catal\u00e0 es percep com a pusil\u00b7l\u00e0nime, mesqu\u00ed, interessat.. i, diguem-ho aix\u00ed&#8230;cau malament. Barcelona i Catalunya enamoren per\u00f2 no els seus habitants aut\u00f2ctons. &#8211;<\/i><\/li>\n<\/ul>\n<p>Aquestes noves classes mitjanes comencen a empoderar-se, i jo que tinc la fortuna d&#8217;haver at\u00e8s en la meva consulta psicol\u00f2gica persones de tots els \u00e0mbits, veig com els uns i els altres comencen a parlar-me com si vinguessin de comunitats diferents: els catalans, els espanyols, joves en la seva majoria, nascuts aqu\u00ed.<\/p>\n<p>Neixen nous partits pol\u00edtics que saben captar i aprofitar aquestes circumst\u00e0ncies, i la comunitat acaba dividint-se i polaritzant-se.<\/p>\n<p>I ens trobem que ara, de facto, hi ha dues comunitats.<\/p>\n<p>Els uns, els nacionalistes, arriben a la conclusi\u00f3 que o s&#8217;independitzen o es dilueixen i desapareixen davant la for\u00e7a i la predominan\u00e7a de l&#8217;espanyol.<\/p>\n<p>Els altres comencen a percebre al m\u00f3n nacionalista com a pesat, insistent i els comen\u00e7a a generar un cert rebuig.<\/p>\n<p>La societat es tensiona, i des de l&#8217;independentisme m\u00e9s exacerbat es planteja, secretament encara que de manera m\u00e9s o menys p\u00fablica, la possibilitat de generar un esclat civil, amb possibilitat real de guerra entre parts, amb la idea de que els organismes internacionals podrien intervenir, for\u00e7ant a un refer\u00e8ndum que, si no a la primera, tard o d&#8217;hora es guanyaria.<\/p>\n<p>Dins de la comunitat, l&#8217;espanyolisme ignora i es distancia del nacionalisme, al mateix temps que aquest \u00faltim cada vegada percep amb m\u00e9s ira la indifer\u00e8ncia i l&#8217;expansi\u00f3 dels primers.<\/p>\n<p><i>Coniunctio oppositorum<\/i>, la conjunci\u00f3 dels oposats, segons la tradici\u00f3 alqu\u00edmica cristiana, aquesta seria l&#8217;\u00fanica soluci\u00f3. Un esclat civil en forma de conflicte podria generar greus conseq\u00fc\u00e8ncies, els organismes internacionals no sempre actuen amb celeritat, i un refer\u00e8ndum pactat, donada la correlaci\u00f3 de forces en el parlament espanyol pot esperar d\u00e8cades.<\/p>\n<p>Les dues comunitats han de con\u00e8ixer-se i recon\u00e8ixer-se, si no ho fan aix\u00ed la situaci\u00f3 acabar\u00e0 enquistant-se. Si predomina el menyspreu dels uns sobre els altres, l&#8217;espanyol s&#8217;acabar\u00e0 imposant, omplint de ressentiment a una part de la poblaci\u00f3 i, per l&#8217;altra, sentiran que els nacionalistes els miren amb altivesa i condescend\u00e8ncia el que far\u00e0 que defensin cada vegada amb m\u00e9s for\u00e7a posicions centralistes.<\/p>\n<p>En definitiva l&#8217;\u00fanica via, crec, per a resoldre aquest conflicte \u00e9s la de renunciar a la independ\u00e8ncia a canvi d&#8217;involucrar a tota la comunitat no sols en la defensa de la llengua, la cultura i la identitat catalana sin\u00f3 tamb\u00e9 en la integraci\u00f3 d&#8217;aquesta en el modus vivendi de tots els habitants de Catalunya.<\/p>\n<ul>\n<li aria-level=\"1\"><i>Stefan Zweig (1881-1942), el memorable escriptor austr\u00edac que, en tant que jueu va haver de fugir al Brasil, al costat de la seva esposa, escapant dels nazis, va acabar su\u00efcidant-se. Probablement per la tristesa i la solitud per\u00f2 tamb\u00e9 perqu\u00e8 el seu m\u00f3n, aquest m\u00f3n d&#8217;ahir que tan b\u00e9 va narrar en una de les seves obres, havia deixat d&#8217;existir. I ell ja no pertanyia a res. &#8211;<\/i><\/li>\n<\/ul>\n<p>Quan mor una llengua, una cultura, mor un tros de cadascun de nosaltres, visquem on visquem, i s\u00ed&#8230;potser en aquest m\u00f3n narc\u00eds i tecnol\u00f2gic, tots sobreviurem a base de distraccions per\u00f2 el nostre esperit vibra amb els s\u00edmbols, amb els rituals, amb les tradicions.<\/p>\n<p><i>A ning\u00fa li agrada deixar de sentir la llengua en la qual la seva mare li parlava de nen.<\/i><\/p>\n<p>Dami\u00e1n Ruiz<\/p>\n<p>Barcelona, 28 de Gener, 2021<\/p>\n","protected":false},"excerpt":{"rendered":"<p>El cas catal\u00e0 o qu\u00e8 faries si la teva llengua materna estigu\u00e9s en perill d&#8217;extinci\u00f3? El llenguatge estructura el nostre [&hellip;]<\/p>\n","protected":false},"author":4,"featured_media":853,"comment_status":"closed","ping_status":"closed","sticky":false,"template":"","format":"standard","meta":{"_uag_custom_page_level_css":"","site-sidebar-layout":"default","site-content-layout":"","ast-site-content-layout":"default","site-content-style":"default","site-sidebar-style":"default","ast-global-header-display":"","ast-banner-title-visibility":"","ast-main-header-display":"","ast-hfb-above-header-display":"","ast-hfb-below-header-display":"","ast-hfb-mobile-header-display":"","site-post-title":"","ast-breadcrumbs-content":"","ast-featured-img":"","footer-sml-layout":"","theme-transparent-header-meta":"","adv-header-id-meta":"","stick-header-meta":"","header-above-stick-meta":"","header-main-stick-meta":"","header-below-stick-meta":"","astra-migrate-meta-layouts":"default","ast-page-background-enabled":"default","ast-page-background-meta":{"desktop":{"background-color":"var(--ast-global-color-4)","background-image":"","background-repeat":"repeat","background-position":"center center","background-size":"auto","background-attachment":"scroll","background-type":"","background-media":"","overlay-type":"","overlay-color":"","overlay-opacity":"","overlay-gradient":""},"tablet":{"background-color":"","background-image":"","background-repeat":"repeat","background-position":"center center","background-size":"auto","background-attachment":"scroll","background-type":"","background-media":"","overlay-type":"","overlay-color":"","overlay-opacity":"","overlay-gradient":""},"mobile":{"background-color":"","background-image":"","background-repeat":"repeat","background-position":"center center","background-size":"auto","background-attachment":"scroll","background-type":"","background-media":"","overlay-type":"","overlay-color":"","overlay-opacity":"","overlay-gradient":""}},"ast-content-background-meta":{"desktop":{"background-color":"var(--ast-global-color-5)","background-image":"","background-repeat":"repeat","background-position":"center center","background-size":"auto","background-attachment":"scroll","background-type":"","background-media":"","overlay-type":"","overlay-color":"","overlay-opacity":"","overlay-gradient":""},"tablet":{"background-color":"var(--ast-global-color-5)","background-image":"","background-repeat":"repeat","background-position":"center center","background-size":"auto","background-attachment":"scroll","background-type":"","background-media":"","overlay-type":"","overlay-color":"","overlay-opacity":"","overlay-gradient":""},"mobile":{"background-color":"var(--ast-global-color-5)","background-image":"","background-repeat":"repeat","background-position":"center center","background-size":"auto","background-attachment":"scroll","background-type":"","background-media":"","overlay-type":"","overlay-color":"","overlay-opacity":"","overlay-gradient":""}},"footnotes":""},"categories":[],"tags":[],"class_list":["post-855","post","type-post","status-publish","format-standard","has-post-thumbnail","hentry"],"yoast_head":"<!-- This site is optimized with the Yoast SEO plugin v27.5 - https:\/\/yoast.com\/product\/yoast-seo-wordpress\/ -->\n<title>La llengua i la psique - Dami\u00e1n Ruiz<\/title>\n<meta name=\"description\" content=\"El cas catal\u00e0 o qu\u00e8 faries si la teva llengua materna estigu\u00e9s en perill d&#039;extinci\u00f3?El llenguatge estructura el nostre cervell cognitiu\" \/>\n<meta name=\"robots\" content=\"index, follow, max-snippet:-1, max-image-preview:large, max-video-preview:-1\" \/>\n<link rel=\"canonical\" href=\"https:\/\/damianruiz.eu\/la-lengua-y-la-psique\/\" \/>\n<meta property=\"og:locale\" content=\"ca_ES\" \/>\n<meta property=\"og:type\" content=\"article\" \/>\n<meta property=\"og:title\" content=\"La llengua i la psique - Dami\u00e1n Ruiz\" \/>\n<meta property=\"og:description\" content=\"El cas catal\u00e0 o qu\u00e8 faries si la teva llengua materna estigu\u00e9s en perill d&#039;extinci\u00f3?El llenguatge estructura el nostre cervell cognitiu\" \/>\n<meta property=\"og:url\" content=\"https:\/\/damianruiz.eu\/la-lengua-y-la-psique\/\" \/>\n<meta property=\"og:site_name\" content=\"Dami\u00e1n Ruiz\" \/>\n<meta property=\"article:published_time\" content=\"2021-01-28T13:55:19+00:00\" \/>\n<meta property=\"og:image\" content=\"https:\/\/damianruiz.eu\/wp-content\/uploads\/2021\/01\/catalan.png\" \/>\n\t<meta property=\"og:image:width\" content=\"1280\" \/>\n\t<meta property=\"og:image:height\" content=\"664\" \/>\n\t<meta property=\"og:image:type\" content=\"image\/png\" \/>\n<meta name=\"author\" content=\"Dami\u00e1n Ruiz\" \/>\n<meta name=\"twitter:card\" content=\"summary_large_image\" \/>\n<meta name=\"twitter:label1\" content=\"Escrit per\" \/>\n\t<meta name=\"twitter:data1\" content=\"Dami\u00e1n Ruiz\" \/>\n\t<meta name=\"twitter:label2\" content=\"Temps estimat de lectura\" \/>\n\t<meta name=\"twitter:data2\" content=\"7 minuts\" \/>\n<script type=\"application\/ld+json\" class=\"yoast-schema-graph\">{\"@context\":\"https:\\\/\\\/schema.org\",\"@graph\":[{\"@type\":\"Article\",\"@id\":\"https:\\\/\\\/damianruiz.eu\\\/la-lengua-y-la-psique\\\/#article\",\"isPartOf\":{\"@id\":\"https:\\\/\\\/damianruiz.eu\\\/la-lengua-y-la-psique\\\/\"},\"author\":{\"name\":\"Dami\u00e1n Ruiz\",\"@id\":\"https:\\\/\\\/damianruiz.eu\\\/#\\\/schema\\\/person\\\/e4703116e00a576e1cfcea03de178c07\"},\"headline\":\"La llengua i la psique\",\"datePublished\":\"2021-01-28T13:55:19+00:00\",\"mainEntityOfPage\":{\"@id\":\"https:\\\/\\\/damianruiz.eu\\\/la-lengua-y-la-psique\\\/\"},\"wordCount\":1701,\"publisher\":{\"@id\":\"https:\\\/\\\/damianruiz.eu\\\/#organization\"},\"image\":{\"@id\":\"https:\\\/\\\/damianruiz.eu\\\/la-lengua-y-la-psique\\\/#primaryimage\"},\"thumbnailUrl\":\"https:\\\/\\\/damianruiz.eu\\\/wp-content\\\/uploads\\\/2021\\\/01\\\/catalan.png\",\"inLanguage\":\"ca\"},{\"@type\":\"WebPage\",\"@id\":\"https:\\\/\\\/damianruiz.eu\\\/la-lengua-y-la-psique\\\/\",\"url\":\"https:\\\/\\\/damianruiz.eu\\\/la-lengua-y-la-psique\\\/\",\"name\":\"La llengua i la psique - Dami\u00e1n Ruiz\",\"isPartOf\":{\"@id\":\"https:\\\/\\\/damianruiz.eu\\\/#website\"},\"primaryImageOfPage\":{\"@id\":\"https:\\\/\\\/damianruiz.eu\\\/la-lengua-y-la-psique\\\/#primaryimage\"},\"image\":{\"@id\":\"https:\\\/\\\/damianruiz.eu\\\/la-lengua-y-la-psique\\\/#primaryimage\"},\"thumbnailUrl\":\"https:\\\/\\\/damianruiz.eu\\\/wp-content\\\/uploads\\\/2021\\\/01\\\/catalan.png\",\"datePublished\":\"2021-01-28T13:55:19+00:00\",\"description\":\"El cas catal\u00e0 o qu\u00e8 faries si la teva llengua materna estigu\u00e9s en perill d'extinci\u00f3?El llenguatge estructura el nostre cervell cognitiu\",\"breadcrumb\":{\"@id\":\"https:\\\/\\\/damianruiz.eu\\\/la-lengua-y-la-psique\\\/#breadcrumb\"},\"inLanguage\":\"ca\",\"potentialAction\":[{\"@type\":\"ReadAction\",\"target\":[\"https:\\\/\\\/damianruiz.eu\\\/la-lengua-y-la-psique\\\/\"]}]},{\"@type\":\"ImageObject\",\"inLanguage\":\"ca\",\"@id\":\"https:\\\/\\\/damianruiz.eu\\\/la-lengua-y-la-psique\\\/#primaryimage\",\"url\":\"https:\\\/\\\/damianruiz.eu\\\/wp-content\\\/uploads\\\/2021\\\/01\\\/catalan.png\",\"contentUrl\":\"https:\\\/\\\/damianruiz.eu\\\/wp-content\\\/uploads\\\/2021\\\/01\\\/catalan.png\",\"width\":1280,\"height\":664,\"caption\":\"idioma catalan\"},{\"@type\":\"BreadcrumbList\",\"@id\":\"https:\\\/\\\/damianruiz.eu\\\/la-lengua-y-la-psique\\\/#breadcrumb\",\"itemListElement\":[{\"@type\":\"ListItem\",\"position\":1,\"name\":\"Portada\",\"item\":\"https:\\\/\\\/damianruiz.eu\\\/ca\\\/\"},{\"@type\":\"ListItem\",\"position\":2,\"name\":\"La llengua i la psique\"}]},{\"@type\":\"WebSite\",\"@id\":\"https:\\\/\\\/damianruiz.eu\\\/#website\",\"url\":\"https:\\\/\\\/damianruiz.eu\\\/\",\"name\":\"Dami\u00e1n Ruiz\",\"description\":\"Licenciado y Postgraduado en Psicolog\u00eda por la Universidad de Barcelona.\",\"publisher\":{\"@id\":\"https:\\\/\\\/damianruiz.eu\\\/#organization\"},\"potentialAction\":[{\"@type\":\"SearchAction\",\"target\":{\"@type\":\"EntryPoint\",\"urlTemplate\":\"https:\\\/\\\/damianruiz.eu\\\/?s={search_term_string}\"},\"query-input\":{\"@type\":\"PropertyValueSpecification\",\"valueRequired\":true,\"valueName\":\"search_term_string\"}}],\"inLanguage\":\"ca\"},{\"@type\":\"Organization\",\"@id\":\"https:\\\/\\\/damianruiz.eu\\\/#organization\",\"name\":\"Dami\u00e1n Ruiz\",\"url\":\"https:\\\/\\\/damianruiz.eu\\\/\",\"logo\":{\"@type\":\"ImageObject\",\"inLanguage\":\"ca\",\"@id\":\"https:\\\/\\\/damianruiz.eu\\\/#\\\/schema\\\/logo\\\/image\\\/\",\"url\":\"https:\\\/\\\/damianruiz.eu\\\/wp-content\\\/uploads\\\/2024\\\/04\\\/cropped-logo-2024-damian-ruiz-233.png\",\"contentUrl\":\"https:\\\/\\\/damianruiz.eu\\\/wp-content\\\/uploads\\\/2024\\\/04\\\/cropped-logo-2024-damian-ruiz-233.png\",\"width\":233,\"height\":60,\"caption\":\"Dami\u00e1n Ruiz\"},\"image\":{\"@id\":\"https:\\\/\\\/damianruiz.eu\\\/#\\\/schema\\\/logo\\\/image\\\/\"}},{\"@type\":\"Person\",\"@id\":\"https:\\\/\\\/damianruiz.eu\\\/#\\\/schema\\\/person\\\/e4703116e00a576e1cfcea03de178c07\",\"name\":\"Dami\u00e1n Ruiz\",\"url\":\"https:\\\/\\\/damianruiz.eu\\\/ca\\\/author\\\/damianruiz\\\/\"}]}<\/script>\n<!-- \/ Yoast SEO plugin. -->","yoast_head_json":{"title":"La llengua i la psique - Dami\u00e1n Ruiz","description":"El cas catal\u00e0 o qu\u00e8 faries si la teva llengua materna estigu\u00e9s en perill d'extinci\u00f3?El llenguatge estructura el nostre cervell cognitiu","robots":{"index":"index","follow":"follow","max-snippet":"max-snippet:-1","max-image-preview":"max-image-preview:large","max-video-preview":"max-video-preview:-1"},"canonical":"https:\/\/damianruiz.eu\/la-lengua-y-la-psique\/","og_locale":"ca_ES","og_type":"article","og_title":"La llengua i la psique - Dami\u00e1n Ruiz","og_description":"El cas catal\u00e0 o qu\u00e8 faries si la teva llengua materna estigu\u00e9s en perill d'extinci\u00f3?El llenguatge estructura el nostre cervell cognitiu","og_url":"https:\/\/damianruiz.eu\/la-lengua-y-la-psique\/","og_site_name":"Dami\u00e1n Ruiz","article_published_time":"2021-01-28T13:55:19+00:00","og_image":[{"width":1280,"height":664,"url":"https:\/\/damianruiz.eu\/wp-content\/uploads\/2021\/01\/catalan.png","type":"image\/png"}],"author":"Dami\u00e1n Ruiz","twitter_card":"summary_large_image","twitter_misc":{"Escrit per":"Dami\u00e1n Ruiz","Temps estimat de lectura":"7 minuts"},"schema":{"@context":"https:\/\/schema.org","@graph":[{"@type":"Article","@id":"https:\/\/damianruiz.eu\/la-lengua-y-la-psique\/#article","isPartOf":{"@id":"https:\/\/damianruiz.eu\/la-lengua-y-la-psique\/"},"author":{"name":"Dami\u00e1n Ruiz","@id":"https:\/\/damianruiz.eu\/#\/schema\/person\/e4703116e00a576e1cfcea03de178c07"},"headline":"La llengua i la psique","datePublished":"2021-01-28T13:55:19+00:00","mainEntityOfPage":{"@id":"https:\/\/damianruiz.eu\/la-lengua-y-la-psique\/"},"wordCount":1701,"publisher":{"@id":"https:\/\/damianruiz.eu\/#organization"},"image":{"@id":"https:\/\/damianruiz.eu\/la-lengua-y-la-psique\/#primaryimage"},"thumbnailUrl":"https:\/\/damianruiz.eu\/wp-content\/uploads\/2021\/01\/catalan.png","inLanguage":"ca"},{"@type":"WebPage","@id":"https:\/\/damianruiz.eu\/la-lengua-y-la-psique\/","url":"https:\/\/damianruiz.eu\/la-lengua-y-la-psique\/","name":"La llengua i la psique - Dami\u00e1n Ruiz","isPartOf":{"@id":"https:\/\/damianruiz.eu\/#website"},"primaryImageOfPage":{"@id":"https:\/\/damianruiz.eu\/la-lengua-y-la-psique\/#primaryimage"},"image":{"@id":"https:\/\/damianruiz.eu\/la-lengua-y-la-psique\/#primaryimage"},"thumbnailUrl":"https:\/\/damianruiz.eu\/wp-content\/uploads\/2021\/01\/catalan.png","datePublished":"2021-01-28T13:55:19+00:00","description":"El cas catal\u00e0 o qu\u00e8 faries si la teva llengua materna estigu\u00e9s en perill d'extinci\u00f3?El llenguatge estructura el nostre cervell cognitiu","breadcrumb":{"@id":"https:\/\/damianruiz.eu\/la-lengua-y-la-psique\/#breadcrumb"},"inLanguage":"ca","potentialAction":[{"@type":"ReadAction","target":["https:\/\/damianruiz.eu\/la-lengua-y-la-psique\/"]}]},{"@type":"ImageObject","inLanguage":"ca","@id":"https:\/\/damianruiz.eu\/la-lengua-y-la-psique\/#primaryimage","url":"https:\/\/damianruiz.eu\/wp-content\/uploads\/2021\/01\/catalan.png","contentUrl":"https:\/\/damianruiz.eu\/wp-content\/uploads\/2021\/01\/catalan.png","width":1280,"height":664,"caption":"idioma catalan"},{"@type":"BreadcrumbList","@id":"https:\/\/damianruiz.eu\/la-lengua-y-la-psique\/#breadcrumb","itemListElement":[{"@type":"ListItem","position":1,"name":"Portada","item":"https:\/\/damianruiz.eu\/ca\/"},{"@type":"ListItem","position":2,"name":"La llengua i la psique"}]},{"@type":"WebSite","@id":"https:\/\/damianruiz.eu\/#website","url":"https:\/\/damianruiz.eu\/","name":"Dami\u00e1n Ruiz","description":"Licenciado y Postgraduado en Psicolog\u00eda por la Universidad de Barcelona.","publisher":{"@id":"https:\/\/damianruiz.eu\/#organization"},"potentialAction":[{"@type":"SearchAction","target":{"@type":"EntryPoint","urlTemplate":"https:\/\/damianruiz.eu\/?s={search_term_string}"},"query-input":{"@type":"PropertyValueSpecification","valueRequired":true,"valueName":"search_term_string"}}],"inLanguage":"ca"},{"@type":"Organization","@id":"https:\/\/damianruiz.eu\/#organization","name":"Dami\u00e1n Ruiz","url":"https:\/\/damianruiz.eu\/","logo":{"@type":"ImageObject","inLanguage":"ca","@id":"https:\/\/damianruiz.eu\/#\/schema\/logo\/image\/","url":"https:\/\/damianruiz.eu\/wp-content\/uploads\/2024\/04\/cropped-logo-2024-damian-ruiz-233.png","contentUrl":"https:\/\/damianruiz.eu\/wp-content\/uploads\/2024\/04\/cropped-logo-2024-damian-ruiz-233.png","width":233,"height":60,"caption":"Dami\u00e1n Ruiz"},"image":{"@id":"https:\/\/damianruiz.eu\/#\/schema\/logo\/image\/"}},{"@type":"Person","@id":"https:\/\/damianruiz.eu\/#\/schema\/person\/e4703116e00a576e1cfcea03de178c07","name":"Dami\u00e1n Ruiz","url":"https:\/\/damianruiz.eu\/ca\/author\/damianruiz\/"}]}},"uagb_featured_image_src":{"full":["https:\/\/damianruiz.eu\/wp-content\/uploads\/2021\/01\/catalan.png",1280,664,false],"thumbnail":["https:\/\/damianruiz.eu\/wp-content\/uploads\/2021\/01\/catalan-150x150.png",150,150,true],"medium":["https:\/\/damianruiz.eu\/wp-content\/uploads\/2021\/01\/catalan-300x156.png",300,156,true],"medium_large":["https:\/\/damianruiz.eu\/wp-content\/uploads\/2021\/01\/catalan-768x398.png",768,398,true],"large":["https:\/\/damianruiz.eu\/wp-content\/uploads\/2021\/01\/catalan-1024x531.png",1024,531,true],"1536x1536":["https:\/\/damianruiz.eu\/wp-content\/uploads\/2021\/01\/catalan.png",1280,664,false],"2048x2048":["https:\/\/damianruiz.eu\/wp-content\/uploads\/2021\/01\/catalan.png",1280,664,false]},"uagb_author_info":{"display_name":"Dami\u00e1n Ruiz","author_link":"https:\/\/damianruiz.eu\/ca\/author\/damianruiz\/"},"uagb_comment_info":0,"uagb_excerpt":"El cas catal\u00e0 o qu\u00e8 faries si la teva llengua materna estigu\u00e9s en perill d&#8217;extinci\u00f3? El llenguatge estructura el nostre [&hellip;]","_links":{"self":[{"href":"https:\/\/damianruiz.eu\/ca\/wp-json\/wp\/v2\/posts\/855","targetHints":{"allow":["GET"]}}],"collection":[{"href":"https:\/\/damianruiz.eu\/ca\/wp-json\/wp\/v2\/posts"}],"about":[{"href":"https:\/\/damianruiz.eu\/ca\/wp-json\/wp\/v2\/types\/post"}],"author":[{"embeddable":true,"href":"https:\/\/damianruiz.eu\/ca\/wp-json\/wp\/v2\/users\/4"}],"replies":[{"embeddable":true,"href":"https:\/\/damianruiz.eu\/ca\/wp-json\/wp\/v2\/comments?post=855"}],"version-history":[{"count":1,"href":"https:\/\/damianruiz.eu\/ca\/wp-json\/wp\/v2\/posts\/855\/revisions"}],"predecessor-version":[{"id":856,"href":"https:\/\/damianruiz.eu\/ca\/wp-json\/wp\/v2\/posts\/855\/revisions\/856"}],"wp:featuredmedia":[{"embeddable":true,"href":"https:\/\/damianruiz.eu\/ca\/wp-json\/wp\/v2\/media\/853"}],"wp:attachment":[{"href":"https:\/\/damianruiz.eu\/ca\/wp-json\/wp\/v2\/media?parent=855"}],"wp:term":[{"taxonomy":"category","embeddable":true,"href":"https:\/\/damianruiz.eu\/ca\/wp-json\/wp\/v2\/categories?post=855"},{"taxonomy":"post_tag","embeddable":true,"href":"https:\/\/damianruiz.eu\/ca\/wp-json\/wp\/v2\/tags?post=855"}],"curies":[{"name":"wp","href":"https:\/\/api.w.org\/{rel}","templated":true}]}}