{"id":866,"date":"2021-02-18T18:25:28","date_gmt":"2021-02-18T18:25:28","guid":{"rendered":"https:\/\/damianruiz.eu\/2024\/?p=866"},"modified":"2021-02-18T18:25:28","modified_gmt":"2021-02-18T18:25:28","slug":"una-analisi-psicologica-de-lauge-de-lextrema-dreta-a-occident","status":"publish","type":"post","link":"https:\/\/damianruiz.eu\/ca\/una-analisi-psicologica-de-lauge-de-lextrema-dreta-a-occident\/","title":{"rendered":"Una an\u00e0lisi psicol\u00f2gica de l&#8217;auge de l&#8217;extrema dreta a Occident"},"content":{"rendered":"<p>La recent entrada de VOX en el parlament catal\u00e0 amb onze diputats, clarament previsible per a mi, ha sorpr\u00e8s una part de l&#8217;opini\u00f3 p\u00fablica, especialment als sectors m\u00e9s progressistes.<\/p>\n<p>En tota Europa, tamb\u00e9 als Estats Units, avan\u00e7a la dreta m\u00e9s radical, per a alguns pseudofeixista, per a uns altres democr\u00e0tica encara que ultraconservadora.<\/p>\n<p>La q\u00fcesti\u00f3 \u00e9s que \u00e9s una realitat.<\/p>\n<p>Per a liberals cl\u00e0ssics, com el psic\u00f2leg Jordan B.Peterson, una <i>acceleraci\u00f3<\/i> de la implantaci\u00f3 ideol\u00f2gica de l&#8217;enginyeria social promoguda pel marxisme cultural (amb aix\u00f2 em refereixo a totes les lleis progressistes que trenquen amb una visi\u00f3 tradicional de la vida) fa que sectors amplis de la poblaci\u00f3 no puguin assumir-ho de manera estructural, \u00e9s a dir no puguin integrar-ho ni mental ni vivencialment, i que davant aix\u00f2 puguin arribar a rebel\u00b7lar-se per les seves dificultats per a romandre en un h\u00e0bitat ps\u00edquic-f\u00edsic substancialment modificat.<\/p>\n<p>Un cert progressisme considera, err\u00f2niament, que, amb m\u00e9s ajudes socials, destinades a aquests sectors, als quals poden arribar a qualificar com a \u201cesc\u00f2ria\u201d o \u201cdeplorables\u201d, farien un gir ideol\u00f2gic i se sotmetrien de nou al \u201csistema\u201d.<\/p>\n<p>Cras error.<\/p>\n<p>El liberalisme cl\u00e0ssic, ja citat, que abomina tant del feixisme com del comunisme, els defensors del qual s\u00f3n cada vegada menys, proveeix una perspectiva diferent i que, de no ser escoltada, amb el temps, pot portar a un conflicte civil d&#8217;una certa magnitud. I aquesta perspectiva t\u00e9 un nom o dos: moderaci\u00f3 i reformisme.<\/p>\n<p><b>C\u00f2rtex frontal i cervell reptili\u00e0<\/b><\/p>\n<p>El cervell reptili\u00e0 i el sistema l\u00edmbic s\u00f3n la base, en els \u00e9ssers humans, dels instints i emocions necessaris per a la superviv\u00e8ncia.<\/p>\n<p>El c\u00f2rtex frontal genera el pensament racional amb el qual abordem l&#8217;exist\u00e8ncia.<\/p>\n<p>Per\u00f2 qu\u00e8 ocorre quan un dels dos, metaf\u00f2ricament, predomina en exc\u00e9s sobre els altres.<\/p>\n<p>Una societat impulsada, fonamentalment, pel reptili\u00e0 i el l\u00edmbic seria tremendament primitiva en els seus costums i vinculada a ideacions m\u00e0giques, \u00e9s a dir creences irracionals i supersticions.<\/p>\n<p>Per contra, un \u201cexc\u00e9s\u201d de c\u00f2rtex frontal, de logos, pot produir una societat, aparentment, avan\u00e7ada per\u00f2 desconnectada dels aspectes m\u00e9s profunds i essencials de l&#8217;\u00e9sser hum\u00e0 i, per tant, de la vida.<\/p>\n<p>I en aix\u00f2 estem.<\/p>\n<p>Els capdavanters de la correcci\u00f3 pol\u00edtica han arribat a crear un logos col\u00b7lectiu hist\u00e8ric i \u201chisterizant\u201d, completament allunyat de la subst\u00e0ncia m\u00e9s primig\u00e8nia de l&#8217;\u00e9sser hum\u00e0.<\/p>\n<p><i>-Compartim gaireb\u00e9 el 99% dels nostres gens amb alguns primats <\/i>-.<\/p>\n<p>I aquest logos quan es torna artifici\u00f3s i allunyat de l&#8217;ess\u00e8ncia humana produeix una reacci\u00f3 d&#8217;inadaptaci\u00f3, i conseq\u00fcent agressivitat, d&#8217;aquells que \u201cfuncionen\u201d amb criteris m\u00e9s ancestrals.<\/p>\n<p>La psique humana s&#8217;ha anat configurant a trav\u00e9s de milions d&#8217;anys d&#8217;evoluci\u00f3 i milers de civilitzaci\u00f3, per\u00f2 tot progr\u00e9s ha estat gradual. Mai s&#8217;ha produ\u00eft un salt tan enorme com el que s&#8217;est\u00e0 duent a terme en aquests moments.<\/p>\n<p><i>Tractar\u00e9 d&#8217;explicar qu\u00e8 \u00e9s el que est\u00e0 succeint.<\/i><\/p>\n<p>Al llarg de la hist\u00f2ria la migraci\u00f3 d&#8217;unes zones a unes altres del planeta ha estat cont\u00ednua, noves poblacions es van situar i es van barrejar amb altres de manera natural. Aquestes poblacions eren millor o pitjor rebudes, a vegades es produ\u00efen conflictes b\u00e8l\u00b7lics de setge i defensa, en unes altres simplement s&#8217;establien de forma assossegada i convivien en m\u00e9s o menys harmonia.<\/p>\n<p>Per\u00f2 tot es complicava si les identitats culturals o religioses de la poblaci\u00f3 aut\u00f2ctona, pr\u00e8viament establerta, es posava en q\u00fcesti\u00f3 perqu\u00e8, el m\u00e9s probable \u00e9s que aix\u00f2 don\u00e9s lloc a guerres entre les parts, o b\u00e9 de manera immediata o a posteriori.<\/p>\n<p>El que crec, en el meu modest saber, que mai, o en escasses ocasions va succeir, \u00e9s que els governants d&#8217;una societat ja situada postulessin la dissoluci\u00f3 de la identitat, cultura i tradicions de la seva pr\u00f2pia poblaci\u00f3, al mateix temps que afavorissin l&#8217;arribada d&#8217;altres amb un fort arrelament identitari.<\/p>\n<p>Podrien permetre l&#8217;entrada d&#8217;altres \u201ccultures\u201d per\u00f2 mai van treballar per a diluir la pr\u00f2pia.<\/p>\n<p>No \u00e9s el que ocorre en l&#8217;actualitat, sota l&#8217;excusa del la\u00efcisme social, la realitat \u00e9s que la cultura de tall occidental est\u00e0 en proc\u00e9s de demolici\u00f3, perdent els seus valors, refer\u00e8ncies, tradicions i, probablement, costums.<\/p>\n<p>D&#8217;aix\u00f2 t\u00e9 culpa la poblaci\u00f3 que arriba amb un altre bagatge? En absolut.<\/p>\n<p>Ells necessiten d&#8217;aquesta identitat que els allunya dels aspectes narcisistes i psicopatizants que genera l&#8217;abs\u00e8ncia d&#8217;estructura.<\/p>\n<p>El problema mai \u00e9s lo \u201chum\u00e0\u201d en qualsevol dimensi\u00f3 que es presenti, el problema s\u00f3n aquells que volen subvertir de manera radical l&#8217;ordre natural de la vida.<\/p>\n<p><i>Com subverteixen aquest ordre?<\/i><\/p>\n<p>\u00c9s necessari neurotizar als membres d&#8217;una societat, especialment la generaci\u00f3 m\u00e9s jove, a trav\u00e9s de:<\/p>\n<ul>\n<li aria-level=\"1\">un profund sentiment de \u201cculpa\u201d que no deixa de ser inoculat permanentment amb lleis hist\u00e8riques (protecci\u00f3 de tot, <i>fins que fan impossible la vida<\/i>) i que generen un sentiment paralitzant en una bona part de la poblaci\u00f3, especialment homes joves<\/li>\n<li aria-level=\"1\">un foment continu de la idea d&#8217;\u00e8xit basada en tres aspectes: diners, bellesa i joventut<\/li>\n<li aria-level=\"1\">la repetici\u00f3 banal del concepte de \u201csolidaritat\u201d aplicat \u201curbi et orbi\u201d sense cap efecte substantiu<\/li>\n<li aria-level=\"1\">la significaci\u00f3 de l\u2019\u201cef\u00edmer\u201d com a experi\u00e8ncia plaent per sobre de la construcci\u00f3 de realitats s\u00f2lides<\/li>\n<li aria-level=\"1\">l&#8217;ex\u00f2tic i nou com a fonament de la vida per sobre de l&#8217;arrel i del transcendent<\/li>\n<li aria-level=\"1\">l&#8217;obligaci\u00f3 racional i vivencial d&#8217;assumir com a \u201cveritables\u201d postulats propis de la citada enginyeria social i que s\u00f3n contraris, en moltes ocasions, als fonaments m\u00e9s b\u00e0sics de la biologia<\/li>\n<li aria-level=\"1\">la destrucci\u00f3 de s\u00edmbols, institucions i tradicions vinculades a la pr\u00f2pia cultura<\/li>\n<\/ul>\n<p>D&#8217;aquesta manera se&#8217;ls acaba paralitzant fins que, ben adoctrinats, accepten les noves circumst\u00e0ncies.<\/p>\n<p>Per\u00f2 el logos, per molta inversi\u00f3 que es faci a empoderar-ho perqu\u00e8 sotmeti visceralment al reptili\u00e0 i al l\u00edmbic, no t\u00e9 la for\u00e7a suficient si aquests \u00faltims es rebel\u00b7len. I quan es rebel\u00b7len? <i>Quan el propi h\u00e0bitat es torna hostil.<\/i><\/p>\n<p><i>-Els sofisticats de Par\u00eds no poden entendre com tants agricultors francesos se su\u00efciden, -no poden competir amb les grans marques latifundistes i abaratir m\u00e9s i m\u00e9s els preus fins a arribar a la ru\u00efna-. Per\u00f2 clar quina import\u00e0ncia t\u00e9 aix\u00f2 si ho comparem amb el nou restaurant de cuina fusi\u00f3 japonesa-sueca que han obert en el XIII (districte)?<\/i><\/p>\n<p><i>O els vegans de San Francisco, amants dels batuts multiproteics de llavors i vegetals, com poden empatitzar amb un obrer de Michigan al qual li han tancat la f\u00e0brica?<\/i><\/p>\n<p><i>\u201cCatets i pagesos! El m\u00f3n no \u00e9s d&#8217;ells, \u00e9s dels esnobs i les elits que els representen!\u201d-.<\/i><\/p>\n<p>O no.<\/p>\n<p>A mesura que se&#8217;ls abandona econ\u00f2micament, que se&#8217;ls destrueixen les seves tradicions, creences i el seu modus vivendi, que veuen com passen a ser percebuts com \u201cendarrerits\u201d socials i personals&#8230;el reptili\u00e0 s&#8217;activa, i l&#8217;instint, com un tigre furi\u00f3s, salta per sobre de la impostura generada per un pensament purament hedonista, allunyat de l&#8217;ess\u00e8ncia i de l&#8217;esperit.<\/p>\n<p>Hem de tornar enrere?<\/p>\n<p>No, hem d&#8217;evolucionar de manera m\u00e9s gradual, m\u00e9s respectuosa amb les poblacions aut\u00f2ctones, m\u00e9s conscients de les seves necessitats, per\u00f2 no com si fossin pollastres als quals tirem penso, sin\u00f3 com a homes i dones que pertanyen a una tradici\u00f3, a una cultura, a una identitat i a unes creences fonamentals.<\/p>\n<p>Nom\u00e9s aix\u00ed preservarem la democr\u00e0cia. Si l&#8217;esquerra radical pret\u00e9n destruir-ho tot, el feixisme, lamentablement, ens esperar\u00e0 molt a la vora.<\/p>\n<p><i>I no tots els partits de dreta s\u00f3n feixistes ni tots els partits d&#8217;esquerra s\u00f3n dem\u00f2crates.<\/i><\/p>\n<p><i>Siguem prudents!<\/i><\/p>\n<p>Dami\u00e1n Ruiz<\/p>\n<p>www.damianruiz.eu<\/p>\n<p>Barcelona, 18 de Febrer, 2021<\/p>\n","protected":false},"excerpt":{"rendered":"<p>La recent entrada de VOX en el parlament catal\u00e0 amb onze diputats, clarament previsible per a mi, ha sorpr\u00e8s una [&hellip;]<\/p>\n","protected":false},"author":4,"featured_media":864,"comment_status":"closed","ping_status":"closed","sticky":false,"template":"","format":"standard","meta":{"_uag_custom_page_level_css":"","site-sidebar-layout":"default","site-content-layout":"","ast-site-content-layout":"default","site-content-style":"default","site-sidebar-style":"default","ast-global-header-display":"","ast-banner-title-visibility":"","ast-main-header-display":"","ast-hfb-above-header-display":"","ast-hfb-below-header-display":"","ast-hfb-mobile-header-display":"","site-post-title":"","ast-breadcrumbs-content":"","ast-featured-img":"","footer-sml-layout":"","theme-transparent-header-meta":"","adv-header-id-meta":"","stick-header-meta":"","header-above-stick-meta":"","header-main-stick-meta":"","header-below-stick-meta":"","astra-migrate-meta-layouts":"default","ast-page-background-enabled":"default","ast-page-background-meta":{"desktop":{"background-color":"var(--ast-global-color-4)","background-image":"","background-repeat":"repeat","background-position":"center center","background-size":"auto","background-attachment":"scroll","background-type":"","background-media":"","overlay-type":"","overlay-color":"","overlay-opacity":"","overlay-gradient":""},"tablet":{"background-color":"","background-image":"","background-repeat":"repeat","background-position":"center center","background-size":"auto","background-attachment":"scroll","background-type":"","background-media":"","overlay-type":"","overlay-color":"","overlay-opacity":"","overlay-gradient":""},"mobile":{"background-color":"","background-image":"","background-repeat":"repeat","background-position":"center center","background-size":"auto","background-attachment":"scroll","background-type":"","background-media":"","overlay-type":"","overlay-color":"","overlay-opacity":"","overlay-gradient":""}},"ast-content-background-meta":{"desktop":{"background-color":"var(--ast-global-color-5)","background-image":"","background-repeat":"repeat","background-position":"center center","background-size":"auto","background-attachment":"scroll","background-type":"","background-media":"","overlay-type":"","overlay-color":"","overlay-opacity":"","overlay-gradient":""},"tablet":{"background-color":"var(--ast-global-color-5)","background-image":"","background-repeat":"repeat","background-position":"center center","background-size":"auto","background-attachment":"scroll","background-type":"","background-media":"","overlay-type":"","overlay-color":"","overlay-opacity":"","overlay-gradient":""},"mobile":{"background-color":"var(--ast-global-color-5)","background-image":"","background-repeat":"repeat","background-position":"center center","background-size":"auto","background-attachment":"scroll","background-type":"","background-media":"","overlay-type":"","overlay-color":"","overlay-opacity":"","overlay-gradient":""}},"footnotes":""},"categories":[],"tags":[],"class_list":["post-866","post","type-post","status-publish","format-standard","has-post-thumbnail","hentry"],"yoast_head":"<!-- This site is optimized with the Yoast SEO plugin v27.5 - https:\/\/yoast.com\/product\/yoast-seo-wordpress\/ -->\n<title>Una an\u00e0lisi psicol\u00f2gica de l&#039;auge de l&#039;extrema dreta a Occident<\/title>\n<meta name=\"description\" content=\"En tota Europa, tamb\u00e9 als Estats Units, avan\u00e7a la dreta m\u00e9s radical, per a alguns pseudofeixista, per a uns altres democr\u00e0tica encara que...\" \/>\n<meta name=\"robots\" content=\"index, follow, max-snippet:-1, max-image-preview:large, max-video-preview:-1\" \/>\n<link rel=\"canonical\" href=\"https:\/\/damianruiz.eu\/ca\/una-analisi-psicologica-de-lauge-de-lextrema-dreta-a-occident\/\" \/>\n<meta property=\"og:locale\" content=\"ca_ES\" \/>\n<meta property=\"og:type\" content=\"article\" \/>\n<meta property=\"og:title\" content=\"Una an\u00e0lisi psicol\u00f2gica de l&#039;auge de l&#039;extrema dreta a Occident\" \/>\n<meta property=\"og:description\" content=\"En tota Europa, tamb\u00e9 als Estats Units, avan\u00e7a la dreta m\u00e9s radical, per a alguns pseudofeixista, per a uns altres democr\u00e0tica encara que...\" \/>\n<meta property=\"og:url\" content=\"https:\/\/damianruiz.eu\/ca\/una-analisi-psicologica-de-lauge-de-lextrema-dreta-a-occident\/\" \/>\n<meta property=\"og:site_name\" content=\"Dami\u00e1n Ruiz\" \/>\n<meta property=\"article:published_time\" content=\"2021-02-18T18:25:28+00:00\" \/>\n<meta property=\"og:image\" content=\"https:\/\/damianruiz.eu\/wp-content\/uploads\/2021\/02\/derecha.jpg\" \/>\n\t<meta property=\"og:image:width\" content=\"1280\" \/>\n\t<meta property=\"og:image:height\" content=\"853\" \/>\n\t<meta property=\"og:image:type\" content=\"image\/jpeg\" \/>\n<meta name=\"author\" content=\"Dami\u00e1n Ruiz\" \/>\n<meta name=\"twitter:card\" content=\"summary_large_image\" \/>\n<meta name=\"twitter:label1\" content=\"Escrit per\" \/>\n\t<meta name=\"twitter:data1\" content=\"Dami\u00e1n Ruiz\" \/>\n\t<meta name=\"twitter:label2\" content=\"Temps estimat de lectura\" \/>\n\t<meta name=\"twitter:data2\" content=\"6 minuts\" \/>\n<script type=\"application\/ld+json\" class=\"yoast-schema-graph\">{\"@context\":\"https:\\\/\\\/schema.org\",\"@graph\":[{\"@type\":\"Article\",\"@id\":\"https:\\\/\\\/damianruiz.eu\\\/ca\\\/una-analisi-psicologica-de-lauge-de-lextrema-dreta-a-occident\\\/#article\",\"isPartOf\":{\"@id\":\"https:\\\/\\\/damianruiz.eu\\\/ca\\\/una-analisi-psicologica-de-lauge-de-lextrema-dreta-a-occident\\\/\"},\"author\":{\"name\":\"Dami\u00e1n Ruiz\",\"@id\":\"https:\\\/\\\/damianruiz.eu\\\/#\\\/schema\\\/person\\\/e4703116e00a576e1cfcea03de178c07\"},\"headline\":\"Una an\u00e0lisi psicol\u00f2gica de l&#8217;auge de l&#8217;extrema dreta a Occident\",\"datePublished\":\"2021-02-18T18:25:28+00:00\",\"mainEntityOfPage\":{\"@id\":\"https:\\\/\\\/damianruiz.eu\\\/ca\\\/una-analisi-psicologica-de-lauge-de-lextrema-dreta-a-occident\\\/\"},\"wordCount\":1371,\"publisher\":{\"@id\":\"https:\\\/\\\/damianruiz.eu\\\/#organization\"},\"image\":{\"@id\":\"https:\\\/\\\/damianruiz.eu\\\/ca\\\/una-analisi-psicologica-de-lauge-de-lextrema-dreta-a-occident\\\/#primaryimage\"},\"thumbnailUrl\":\"https:\\\/\\\/damianruiz.eu\\\/wp-content\\\/uploads\\\/2021\\\/02\\\/derecha.jpg\",\"inLanguage\":\"ca\"},{\"@type\":\"WebPage\",\"@id\":\"https:\\\/\\\/damianruiz.eu\\\/ca\\\/una-analisi-psicologica-de-lauge-de-lextrema-dreta-a-occident\\\/\",\"url\":\"https:\\\/\\\/damianruiz.eu\\\/ca\\\/una-analisi-psicologica-de-lauge-de-lextrema-dreta-a-occident\\\/\",\"name\":\"Una an\u00e0lisi psicol\u00f2gica de l'auge de l'extrema dreta a Occident\",\"isPartOf\":{\"@id\":\"https:\\\/\\\/damianruiz.eu\\\/#website\"},\"primaryImageOfPage\":{\"@id\":\"https:\\\/\\\/damianruiz.eu\\\/ca\\\/una-analisi-psicologica-de-lauge-de-lextrema-dreta-a-occident\\\/#primaryimage\"},\"image\":{\"@id\":\"https:\\\/\\\/damianruiz.eu\\\/ca\\\/una-analisi-psicologica-de-lauge-de-lextrema-dreta-a-occident\\\/#primaryimage\"},\"thumbnailUrl\":\"https:\\\/\\\/damianruiz.eu\\\/wp-content\\\/uploads\\\/2021\\\/02\\\/derecha.jpg\",\"datePublished\":\"2021-02-18T18:25:28+00:00\",\"description\":\"En tota Europa, tamb\u00e9 als Estats Units, avan\u00e7a la dreta m\u00e9s radical, per a alguns pseudofeixista, per a uns altres democr\u00e0tica encara que...\",\"breadcrumb\":{\"@id\":\"https:\\\/\\\/damianruiz.eu\\\/ca\\\/una-analisi-psicologica-de-lauge-de-lextrema-dreta-a-occident\\\/#breadcrumb\"},\"inLanguage\":\"ca\",\"potentialAction\":[{\"@type\":\"ReadAction\",\"target\":[\"https:\\\/\\\/damianruiz.eu\\\/ca\\\/una-analisi-psicologica-de-lauge-de-lextrema-dreta-a-occident\\\/\"]}]},{\"@type\":\"ImageObject\",\"inLanguage\":\"ca\",\"@id\":\"https:\\\/\\\/damianruiz.eu\\\/ca\\\/una-analisi-psicologica-de-lauge-de-lextrema-dreta-a-occident\\\/#primaryimage\",\"url\":\"https:\\\/\\\/damianruiz.eu\\\/wp-content\\\/uploads\\\/2021\\\/02\\\/derecha.jpg\",\"contentUrl\":\"https:\\\/\\\/damianruiz.eu\\\/wp-content\\\/uploads\\\/2021\\\/02\\\/derecha.jpg\",\"width\":1280,\"height\":853,\"caption\":\"derecha\"},{\"@type\":\"BreadcrumbList\",\"@id\":\"https:\\\/\\\/damianruiz.eu\\\/ca\\\/una-analisi-psicologica-de-lauge-de-lextrema-dreta-a-occident\\\/#breadcrumb\",\"itemListElement\":[{\"@type\":\"ListItem\",\"position\":1,\"name\":\"Portada\",\"item\":\"https:\\\/\\\/damianruiz.eu\\\/ca\\\/\"},{\"@type\":\"ListItem\",\"position\":2,\"name\":\"Una an\u00e0lisi psicol\u00f2gica de l&#8217;auge de l&#8217;extrema dreta a Occident\"}]},{\"@type\":\"WebSite\",\"@id\":\"https:\\\/\\\/damianruiz.eu\\\/#website\",\"url\":\"https:\\\/\\\/damianruiz.eu\\\/\",\"name\":\"Dami\u00e1n Ruiz\",\"description\":\"Licenciado y Postgraduado en Psicolog\u00eda por la Universidad de Barcelona.\",\"publisher\":{\"@id\":\"https:\\\/\\\/damianruiz.eu\\\/#organization\"},\"potentialAction\":[{\"@type\":\"SearchAction\",\"target\":{\"@type\":\"EntryPoint\",\"urlTemplate\":\"https:\\\/\\\/damianruiz.eu\\\/?s={search_term_string}\"},\"query-input\":{\"@type\":\"PropertyValueSpecification\",\"valueRequired\":true,\"valueName\":\"search_term_string\"}}],\"inLanguage\":\"ca\"},{\"@type\":\"Organization\",\"@id\":\"https:\\\/\\\/damianruiz.eu\\\/#organization\",\"name\":\"Dami\u00e1n Ruiz\",\"url\":\"https:\\\/\\\/damianruiz.eu\\\/\",\"logo\":{\"@type\":\"ImageObject\",\"inLanguage\":\"ca\",\"@id\":\"https:\\\/\\\/damianruiz.eu\\\/#\\\/schema\\\/logo\\\/image\\\/\",\"url\":\"https:\\\/\\\/damianruiz.eu\\\/wp-content\\\/uploads\\\/2024\\\/04\\\/cropped-logo-2024-damian-ruiz-233.png\",\"contentUrl\":\"https:\\\/\\\/damianruiz.eu\\\/wp-content\\\/uploads\\\/2024\\\/04\\\/cropped-logo-2024-damian-ruiz-233.png\",\"width\":233,\"height\":60,\"caption\":\"Dami\u00e1n Ruiz\"},\"image\":{\"@id\":\"https:\\\/\\\/damianruiz.eu\\\/#\\\/schema\\\/logo\\\/image\\\/\"}},{\"@type\":\"Person\",\"@id\":\"https:\\\/\\\/damianruiz.eu\\\/#\\\/schema\\\/person\\\/e4703116e00a576e1cfcea03de178c07\",\"name\":\"Dami\u00e1n Ruiz\",\"url\":\"https:\\\/\\\/damianruiz.eu\\\/ca\\\/author\\\/damianruiz\\\/\"}]}<\/script>\n<!-- \/ Yoast SEO plugin. -->","yoast_head_json":{"title":"Una an\u00e0lisi psicol\u00f2gica de l'auge de l'extrema dreta a Occident","description":"En tota Europa, tamb\u00e9 als Estats Units, avan\u00e7a la dreta m\u00e9s radical, per a alguns pseudofeixista, per a uns altres democr\u00e0tica encara que...","robots":{"index":"index","follow":"follow","max-snippet":"max-snippet:-1","max-image-preview":"max-image-preview:large","max-video-preview":"max-video-preview:-1"},"canonical":"https:\/\/damianruiz.eu\/ca\/una-analisi-psicologica-de-lauge-de-lextrema-dreta-a-occident\/","og_locale":"ca_ES","og_type":"article","og_title":"Una an\u00e0lisi psicol\u00f2gica de l'auge de l'extrema dreta a Occident","og_description":"En tota Europa, tamb\u00e9 als Estats Units, avan\u00e7a la dreta m\u00e9s radical, per a alguns pseudofeixista, per a uns altres democr\u00e0tica encara que...","og_url":"https:\/\/damianruiz.eu\/ca\/una-analisi-psicologica-de-lauge-de-lextrema-dreta-a-occident\/","og_site_name":"Dami\u00e1n Ruiz","article_published_time":"2021-02-18T18:25:28+00:00","og_image":[{"width":1280,"height":853,"url":"https:\/\/damianruiz.eu\/wp-content\/uploads\/2021\/02\/derecha.jpg","type":"image\/jpeg"}],"author":"Dami\u00e1n Ruiz","twitter_card":"summary_large_image","twitter_misc":{"Escrit per":"Dami\u00e1n Ruiz","Temps estimat de lectura":"6 minuts"},"schema":{"@context":"https:\/\/schema.org","@graph":[{"@type":"Article","@id":"https:\/\/damianruiz.eu\/ca\/una-analisi-psicologica-de-lauge-de-lextrema-dreta-a-occident\/#article","isPartOf":{"@id":"https:\/\/damianruiz.eu\/ca\/una-analisi-psicologica-de-lauge-de-lextrema-dreta-a-occident\/"},"author":{"name":"Dami\u00e1n Ruiz","@id":"https:\/\/damianruiz.eu\/#\/schema\/person\/e4703116e00a576e1cfcea03de178c07"},"headline":"Una an\u00e0lisi psicol\u00f2gica de l&#8217;auge de l&#8217;extrema dreta a Occident","datePublished":"2021-02-18T18:25:28+00:00","mainEntityOfPage":{"@id":"https:\/\/damianruiz.eu\/ca\/una-analisi-psicologica-de-lauge-de-lextrema-dreta-a-occident\/"},"wordCount":1371,"publisher":{"@id":"https:\/\/damianruiz.eu\/#organization"},"image":{"@id":"https:\/\/damianruiz.eu\/ca\/una-analisi-psicologica-de-lauge-de-lextrema-dreta-a-occident\/#primaryimage"},"thumbnailUrl":"https:\/\/damianruiz.eu\/wp-content\/uploads\/2021\/02\/derecha.jpg","inLanguage":"ca"},{"@type":"WebPage","@id":"https:\/\/damianruiz.eu\/ca\/una-analisi-psicologica-de-lauge-de-lextrema-dreta-a-occident\/","url":"https:\/\/damianruiz.eu\/ca\/una-analisi-psicologica-de-lauge-de-lextrema-dreta-a-occident\/","name":"Una an\u00e0lisi psicol\u00f2gica de l'auge de l'extrema dreta a Occident","isPartOf":{"@id":"https:\/\/damianruiz.eu\/#website"},"primaryImageOfPage":{"@id":"https:\/\/damianruiz.eu\/ca\/una-analisi-psicologica-de-lauge-de-lextrema-dreta-a-occident\/#primaryimage"},"image":{"@id":"https:\/\/damianruiz.eu\/ca\/una-analisi-psicologica-de-lauge-de-lextrema-dreta-a-occident\/#primaryimage"},"thumbnailUrl":"https:\/\/damianruiz.eu\/wp-content\/uploads\/2021\/02\/derecha.jpg","datePublished":"2021-02-18T18:25:28+00:00","description":"En tota Europa, tamb\u00e9 als Estats Units, avan\u00e7a la dreta m\u00e9s radical, per a alguns pseudofeixista, per a uns altres democr\u00e0tica encara que...","breadcrumb":{"@id":"https:\/\/damianruiz.eu\/ca\/una-analisi-psicologica-de-lauge-de-lextrema-dreta-a-occident\/#breadcrumb"},"inLanguage":"ca","potentialAction":[{"@type":"ReadAction","target":["https:\/\/damianruiz.eu\/ca\/una-analisi-psicologica-de-lauge-de-lextrema-dreta-a-occident\/"]}]},{"@type":"ImageObject","inLanguage":"ca","@id":"https:\/\/damianruiz.eu\/ca\/una-analisi-psicologica-de-lauge-de-lextrema-dreta-a-occident\/#primaryimage","url":"https:\/\/damianruiz.eu\/wp-content\/uploads\/2021\/02\/derecha.jpg","contentUrl":"https:\/\/damianruiz.eu\/wp-content\/uploads\/2021\/02\/derecha.jpg","width":1280,"height":853,"caption":"derecha"},{"@type":"BreadcrumbList","@id":"https:\/\/damianruiz.eu\/ca\/una-analisi-psicologica-de-lauge-de-lextrema-dreta-a-occident\/#breadcrumb","itemListElement":[{"@type":"ListItem","position":1,"name":"Portada","item":"https:\/\/damianruiz.eu\/ca\/"},{"@type":"ListItem","position":2,"name":"Una an\u00e0lisi psicol\u00f2gica de l&#8217;auge de l&#8217;extrema dreta a Occident"}]},{"@type":"WebSite","@id":"https:\/\/damianruiz.eu\/#website","url":"https:\/\/damianruiz.eu\/","name":"Dami\u00e1n Ruiz","description":"Licenciado y Postgraduado en Psicolog\u00eda por la Universidad de Barcelona.","publisher":{"@id":"https:\/\/damianruiz.eu\/#organization"},"potentialAction":[{"@type":"SearchAction","target":{"@type":"EntryPoint","urlTemplate":"https:\/\/damianruiz.eu\/?s={search_term_string}"},"query-input":{"@type":"PropertyValueSpecification","valueRequired":true,"valueName":"search_term_string"}}],"inLanguage":"ca"},{"@type":"Organization","@id":"https:\/\/damianruiz.eu\/#organization","name":"Dami\u00e1n Ruiz","url":"https:\/\/damianruiz.eu\/","logo":{"@type":"ImageObject","inLanguage":"ca","@id":"https:\/\/damianruiz.eu\/#\/schema\/logo\/image\/","url":"https:\/\/damianruiz.eu\/wp-content\/uploads\/2024\/04\/cropped-logo-2024-damian-ruiz-233.png","contentUrl":"https:\/\/damianruiz.eu\/wp-content\/uploads\/2024\/04\/cropped-logo-2024-damian-ruiz-233.png","width":233,"height":60,"caption":"Dami\u00e1n Ruiz"},"image":{"@id":"https:\/\/damianruiz.eu\/#\/schema\/logo\/image\/"}},{"@type":"Person","@id":"https:\/\/damianruiz.eu\/#\/schema\/person\/e4703116e00a576e1cfcea03de178c07","name":"Dami\u00e1n Ruiz","url":"https:\/\/damianruiz.eu\/ca\/author\/damianruiz\/"}]}},"uagb_featured_image_src":{"full":["https:\/\/damianruiz.eu\/wp-content\/uploads\/2021\/02\/derecha.jpg",1280,853,false],"thumbnail":["https:\/\/damianruiz.eu\/wp-content\/uploads\/2021\/02\/derecha-150x150.jpg",150,150,true],"medium":["https:\/\/damianruiz.eu\/wp-content\/uploads\/2021\/02\/derecha-300x200.jpg",300,200,true],"medium_large":["https:\/\/damianruiz.eu\/wp-content\/uploads\/2021\/02\/derecha-768x512.jpg",768,512,true],"large":["https:\/\/damianruiz.eu\/wp-content\/uploads\/2021\/02\/derecha-1024x682.jpg",1024,682,true],"1536x1536":["https:\/\/damianruiz.eu\/wp-content\/uploads\/2021\/02\/derecha.jpg",1280,853,false],"2048x2048":["https:\/\/damianruiz.eu\/wp-content\/uploads\/2021\/02\/derecha.jpg",1280,853,false]},"uagb_author_info":{"display_name":"Dami\u00e1n Ruiz","author_link":"https:\/\/damianruiz.eu\/ca\/author\/damianruiz\/"},"uagb_comment_info":0,"uagb_excerpt":"La recent entrada de VOX en el parlament catal\u00e0 amb onze diputats, clarament previsible per a mi, ha sorpr\u00e8s una [&hellip;]","_links":{"self":[{"href":"https:\/\/damianruiz.eu\/ca\/wp-json\/wp\/v2\/posts\/866","targetHints":{"allow":["GET"]}}],"collection":[{"href":"https:\/\/damianruiz.eu\/ca\/wp-json\/wp\/v2\/posts"}],"about":[{"href":"https:\/\/damianruiz.eu\/ca\/wp-json\/wp\/v2\/types\/post"}],"author":[{"embeddable":true,"href":"https:\/\/damianruiz.eu\/ca\/wp-json\/wp\/v2\/users\/4"}],"replies":[{"embeddable":true,"href":"https:\/\/damianruiz.eu\/ca\/wp-json\/wp\/v2\/comments?post=866"}],"version-history":[{"count":1,"href":"https:\/\/damianruiz.eu\/ca\/wp-json\/wp\/v2\/posts\/866\/revisions"}],"predecessor-version":[{"id":867,"href":"https:\/\/damianruiz.eu\/ca\/wp-json\/wp\/v2\/posts\/866\/revisions\/867"}],"wp:featuredmedia":[{"embeddable":true,"href":"https:\/\/damianruiz.eu\/ca\/wp-json\/wp\/v2\/media\/864"}],"wp:attachment":[{"href":"https:\/\/damianruiz.eu\/ca\/wp-json\/wp\/v2\/media?parent=866"}],"wp:term":[{"taxonomy":"category","embeddable":true,"href":"https:\/\/damianruiz.eu\/ca\/wp-json\/wp\/v2\/categories?post=866"},{"taxonomy":"post_tag","embeddable":true,"href":"https:\/\/damianruiz.eu\/ca\/wp-json\/wp\/v2\/tags?post=866"}],"curies":[{"name":"wp","href":"https:\/\/api.w.org\/{rel}","templated":true}]}}