{"id":872,"date":"2021-03-04T04:16:55","date_gmt":"2021-03-04T04:16:55","guid":{"rendered":"https:\/\/damianruiz.eu\/2024\/?p=872"},"modified":"2021-03-04T04:16:55","modified_gmt":"2021-03-04T04:16:55","slug":"el-simbolisme-psicologic-de-la-monarquia","status":"publish","type":"post","link":"https:\/\/damianruiz.eu\/ca\/el-simbolisme-psicologic-de-la-monarquia\/","title":{"rendered":"El simbolisme psicol\u00f2gic de la monarquia"},"content":{"rendered":"<p>Molta gent es pregunta: Quin sentit t\u00e9 la monarquia en la societat actual?, Per qu\u00e8 alg\u00fa pel nom\u00e9s fet de n\u00e9ixer en una determinada fam\u00edlia ha d&#8217;ocupar la prefectura de l&#8217;estat en una societat avan\u00e7ada? o Per a qu\u00e8 serveix un rei?<\/p>\n<p>En els moments actuals de profund nihilisme i relativisme social, generadors de tanta psicopatologia, totes aquestes preguntes poden donar lloc a la mateixa resposta: \u00e9s una instituci\u00f3 at\u00e0vica, desfasada i plena de privilegis que no corresponen a les necessitats contempor\u00e0nies.<\/p>\n<p>Per\u00f2 sota aquesta teoria subjeuen unes altres, ocultes fins i tot per a qui les defensa, i podria atrevir-me a enumerar-les:<\/p>\n<ul>\n<li aria-level=\"1\">L&#8217;univers tendeix a l&#8217;entropia, \u00e9s a dir al caos<\/li>\n<li aria-level=\"1\">Igualitarisme, tots els humans som iguals<\/li>\n<li aria-level=\"1\">Materialisme social, no hi ha esperit ni transcend\u00e8ncia m\u00e9s enll\u00e0 de la realitat captable als sentits, directament o a trav\u00e9s de sofisticats mitjans tecnol\u00f2gics<\/li>\n<li aria-level=\"1\">Creen\u00e7a en l&#8217;atzar, la sort forma part substancial de la realitat material dels \u00e9ssers i organismes vius<\/li>\n<\/ul>\n<p>I aquestes creences que acabo d&#8217;enumerar porten a considerar la instituci\u00f3 de la qual escric com a innecess\u00e0ria, fins i tot injusta. I \u00e9s una posici\u00f3 respectable com no podria ser d&#8217;una altra manera.<\/p>\n<p>Encara que tamb\u00e9 estan aquells que tenen una idea radicalment oposada de l&#8217;exist\u00e8ncia.<\/p>\n<p>I que es basaria en els seg\u00fcents preceptes:<\/p>\n<ul>\n<li aria-level=\"1\">L&#8217;univers \u00e9s una <b>estructura ordenada<\/b> en la qual subjau un ordre matem\u00e0tic perfecte no recognoscible, encara, per a la ra\u00f3.<\/li>\n<li aria-level=\"1\"><b>L&#8217;atzar no existeix<\/b>, res \u00e9s fortu\u00eft ni interv\u00e9 la sort. Tot el que succeeix t\u00e9 un sentit profund i es basa en uns principis axiom\u00e0tics (veritats atemporals) que corresponen a les lleis que regulen tant la naturalesa i el cosmos com la vida humana. I tota unitat pertany a un conjunt major i aix\u00ed successivament, de tal manera que no sols participem del nostre propi esdevenir sin\u00f3 del d&#8217;aquells conjunts als quals pertanyem.<\/li>\n<li aria-level=\"1\">Existeix una <b>predeterminaci\u00f3<\/b>, no tant un dest\u00ed r\u00edgid i fix, que correspon a la interacci\u00f3 entre la nostra naturalesa gen\u00e8tica i les circumst\u00e0ncies ambientals en les quals vivim. Per tant existeix un dest\u00ed que pot complir-se en funci\u00f3 de la nostra profunda harmonia amb ell, \u00e9s a dir de posar-se al servei d&#8217;aix\u00f2.<\/li>\n<\/ul>\n<p>Recordem el fam\u00f3s lema inscrit en el temple d&#8217;Apol\u00b7lo a Delfos, \u201cConeix-te a tu mateix\u201d, o la idea de \u201cindividuaci\u00f3\u201d que utilitzem en l&#8217;an\u00e0lisi jungui\u00e0. Perqu\u00e8 el primer, per a saber a on ens dirigim, \u00e9s con\u00e8ixer els qui som.<\/p>\n<ul>\n<li aria-level=\"1\"><b>Els \u00e9ssers humans no som iguals<\/b>. I no per una q\u00fcesti\u00f3 de classe social, ni de sexe, \u00e8tnia, religi\u00f3, cultura, zona geogr\u00e0fica, nivell econ\u00f2mic o professional, no som iguals perqu\u00e8 mentre uns es disposen a treballar per a domesticar els aspectes inferiors del seu ser, sublimant gran part d&#8217;ells, uns altres es lliuren a les formes m\u00e9s baixes de les passions humanes. D&#8217;aqu\u00ed ve que persones que provenen de circumst\u00e0ncies de partida terribles aconsegueixin posicions elevades i altres, naixent amb tot al seu favor, puguin arribar a autodestruir-se.<\/li>\n<li aria-level=\"1\">El <b>principi de jerarquia<\/b> \u00e9s fonamental per a l&#8217;estructura i estabilitat de qualsevol sistema. Nom\u00e9s des de l&#8217;ordre intr\u00ednsec dels organismes es pot aconseguir l&#8217;estabilitat que permet el desenvolupament dels individus.<\/li>\n<li aria-level=\"1\"><b>Transcend\u00e8ncia i esperit<\/b>. \u00c9s l&#8217;\u00e9sser hum\u00e0 un ser transcendent o la seva exist\u00e8ncia \u00e9s purament material? S\u00f3n les tradicions religioses i m\u00edstiques de la humanitat pura fantasia o corresponen a un saber i uns fets profunds i significatius?<\/li>\n<\/ul>\n<p>Al meu entendre tota vida t\u00e9 sentit i la humanitat ha sabut captar i comprendre, en forma, potser, de met\u00e0fores i al\u00b7legories, la qual cosa subjau en la seva ess\u00e8ncia, i per aix\u00f2 ha pogut desenvolupar coneixements que de l&#8217;un o l&#8217;altre manera han elevat la seva naturalesa animal fins a aconseguir, en determinats casos, cotes de profunda espiritualitat.<\/p>\n<ul>\n<li aria-level=\"1\"><b>S\u00edmbol<\/b>. El concepte s\u00edmbol significa etimol\u00f2gicament all\u00f2 que uneix. Els s\u00edmbols s\u00f3n necessaris per a vincular a una poblaci\u00f3, per a proporcionar-li un sentit i per a oferir un receptacle a partir del qual projectar i rebre la sensaci\u00f3 de pertinen\u00e7a.<\/li>\n<\/ul>\n<p>El concepte oposat a s\u00edmbol \u00e9s <i>diabolo<\/i> (diable), all\u00f2 que separa i escindeix, que trenca i fractura. No cal dir que la societat en la qual vivim est\u00e0 regida per aquest significat metaf\u00f2ric. No \u00e9s que hi hagi un ens amb banyes i cua, simplement est\u00e0 simbolitzada per aquest significat.<\/p>\n<ul>\n<li aria-level=\"1\"><b>Hybris<\/b>. En una societat amb clares tend\u00e8ncies psicop\u00e0tiques i narcisistes, el concepte de Hybris, sup\u00e8rbia i arrog\u00e0ncia, est\u00e0 profundament arrelat. Fixem-nos en la pol\u00edtica, on prevalen el m\u00e0rqueting, l&#8217;estrat\u00e8gia curtterminista, i en la qual abunden, -no tots per descomptat-, l\u00edders narcisistes interessats en la lluentor del seu propi ego o en la destrucci\u00f3 d&#8217;all\u00f2 que configura l&#8217;ordre social. Prenguem consci\u00e8ncia de l&#8217;enorme dist\u00e0ncia entre les dificultats de la poblaci\u00f3 i de les seves necessitats i les prioritats d&#8217;unes certes elits pol\u00edtiques. Aix\u00f2 no succeeix nom\u00e9s en un pa\u00eds, succeeix en molts pa\u00efsos.<\/li>\n<\/ul>\n<p>Per tant, la instituci\u00f3 mon\u00e0rquica, el rei, representa un s\u00edmbol d&#8217;uni\u00f3 que no sols vincula a la poblaci\u00f3 actual amb el present, sin\u00f3 amb el passat i amb el futur.<\/p>\n<p>Perqu\u00e8 el rei sigui s\u00edmbol \u00e9s necessari que estigui arquetipat, \u00e9s a dir que es configuri com a tal, amb el profund poder intr\u00ednsec que confereix aquest rol en concret. I per m\u00e9s que les dificultats s&#8217;acumulin, que les circumst\u00e0ncies siguin adverses, o que els seus enemics, com \u00e9s el cas actual a Espanya, generin de manera permanent una campanya d&#8217;assetjament i enderroc, si la seva ess\u00e8ncia roman fort, ell o ella romandran.<\/p>\n<p>Els arquetipus s\u00f3n, en la mesura de qui s&#8217;encarna en ells, extraordin\u00e0riament forts. Simplement requereixen no cedir a vel\u00b7le\u00eftats estrat\u00e8giques.<\/p>\n<p>A nivell pr\u00e0ctic un rei o reina constitucionals i democr\u00e0tics, amb un paper moderador o regulador, representen la garantia que, en cas d&#8217;arribar algun psic\u00f2pata al poder mitjan\u00e7ant estratagemes maquiav\u00e8l\u00b7lics, aquest haur\u00e0 de rendir comptes no davant una persona sin\u00f3 davant un s\u00edmbol arquet\u00edpic, i potser \u00e9s el fre per a evitar els actes de destrucci\u00f3 que aquestes figures patol\u00f2giques sempre impliquen.<\/p>\n<p>Per tant, la monarquia no \u00e9s gratu\u00efta, est\u00e0 vincula al dest\u00ed, a una visi\u00f3 transcendent de l&#8217;exist\u00e8ncia, a una creen\u00e7a que hi ha un ordre intr\u00ednsec a la vida, al principi de jerarquia i a impossibilitar l&#8217;arribada de figures tit\u00e0niques que pretenen pervertir l&#8217;ordre intr\u00ednsec de les coses.<\/p>\n<p>Lo <i>\u201cdiab\u00f2lic\u201d<\/i>, des d&#8217;una perspectiva <b>metaf\u00f2rica<\/b>, est\u00e0 guanyant la batalla, no hi ha dubte, i els seus \u201cservents\u201d pretenen destruir-ho tot: institucions, creences, identitats, models de vida,&#8230;per a instaurar el caos i l&#8217;atomitzaci\u00f3 egoc\u00e8ntrica i solit\u00e0ria dels individus, purs consumidors perduts en la seva reactivitat.<\/p>\n<p>I per a guanyar al relativisme, al nihilisme i a les seves lleis d&#8217;enginyeria social solament hem de \u201cromandre\u201d i defensar tot all\u00f2 que desitgen derrocar.<\/p>\n<p>Els nostres <b>s\u00edmbols<\/b> s\u00f3n el gran basti\u00f3 contra el diab\u00f2lic.<\/p>\n<p>Prenguem consci\u00e8ncia.<\/p>\n<p>Dami\u00e1n Ruiz<\/p>\n<p>Barcelona, 3 de Mar\u00e7, 2021<\/p>\n<p>www.damianruiz.eu<\/p>\n","protected":false},"excerpt":{"rendered":"<p>Molta gent es pregunta: Quin sentit t\u00e9 la monarquia en la societat actual?, Per qu\u00e8 alg\u00fa pel nom\u00e9s fet de [&hellip;]<\/p>\n","protected":false},"author":4,"featured_media":870,"comment_status":"closed","ping_status":"closed","sticky":false,"template":"","format":"standard","meta":{"_uag_custom_page_level_css":"","site-sidebar-layout":"default","site-content-layout":"","ast-site-content-layout":"default","site-content-style":"default","site-sidebar-style":"default","ast-global-header-display":"","ast-banner-title-visibility":"","ast-main-header-display":"","ast-hfb-above-header-display":"","ast-hfb-below-header-display":"","ast-hfb-mobile-header-display":"","site-post-title":"","ast-breadcrumbs-content":"","ast-featured-img":"","footer-sml-layout":"","theme-transparent-header-meta":"","adv-header-id-meta":"","stick-header-meta":"","header-above-stick-meta":"","header-main-stick-meta":"","header-below-stick-meta":"","astra-migrate-meta-layouts":"default","ast-page-background-enabled":"default","ast-page-background-meta":{"desktop":{"background-color":"var(--ast-global-color-4)","background-image":"","background-repeat":"repeat","background-position":"center center","background-size":"auto","background-attachment":"scroll","background-type":"","background-media":"","overlay-type":"","overlay-color":"","overlay-opacity":"","overlay-gradient":""},"tablet":{"background-color":"","background-image":"","background-repeat":"repeat","background-position":"center center","background-size":"auto","background-attachment":"scroll","background-type":"","background-media":"","overlay-type":"","overlay-color":"","overlay-opacity":"","overlay-gradient":""},"mobile":{"background-color":"","background-image":"","background-repeat":"repeat","background-position":"center center","background-size":"auto","background-attachment":"scroll","background-type":"","background-media":"","overlay-type":"","overlay-color":"","overlay-opacity":"","overlay-gradient":""}},"ast-content-background-meta":{"desktop":{"background-color":"var(--ast-global-color-5)","background-image":"","background-repeat":"repeat","background-position":"center center","background-size":"auto","background-attachment":"scroll","background-type":"","background-media":"","overlay-type":"","overlay-color":"","overlay-opacity":"","overlay-gradient":""},"tablet":{"background-color":"var(--ast-global-color-5)","background-image":"","background-repeat":"repeat","background-position":"center center","background-size":"auto","background-attachment":"scroll","background-type":"","background-media":"","overlay-type":"","overlay-color":"","overlay-opacity":"","overlay-gradient":""},"mobile":{"background-color":"var(--ast-global-color-5)","background-image":"","background-repeat":"repeat","background-position":"center center","background-size":"auto","background-attachment":"scroll","background-type":"","background-media":"","overlay-type":"","overlay-color":"","overlay-opacity":"","overlay-gradient":""}},"footnotes":""},"categories":[],"tags":[],"class_list":["post-872","post","type-post","status-publish","format-standard","has-post-thumbnail","hentry"],"yoast_head":"<!-- This site is optimized with the Yoast SEO plugin v27.5 - https:\/\/yoast.com\/product\/yoast-seo-wordpress\/ -->\n<title>El simbolisme psicol\u00f2gic de la monarquia - Dami\u00e1n Ruiz<\/title>\n<meta name=\"description\" content=\"Molta gent es pregunta: Quin sentit t\u00e9 la monarquia en la societat actual?, Per qu\u00e8 alg\u00fa pel nom\u00e9s fet de n\u00e9ixer en una determinada\" \/>\n<meta name=\"robots\" content=\"index, follow, max-snippet:-1, max-image-preview:large, max-video-preview:-1\" \/>\n<link rel=\"canonical\" href=\"https:\/\/damianruiz.eu\/ca\/el-simbolisme-psicologic-de-la-monarquia\/\" \/>\n<meta property=\"og:locale\" content=\"ca_ES\" \/>\n<meta property=\"og:type\" content=\"article\" \/>\n<meta property=\"og:title\" content=\"El simbolisme psicol\u00f2gic de la monarquia - Dami\u00e1n Ruiz\" \/>\n<meta property=\"og:description\" content=\"Molta gent es pregunta: Quin sentit t\u00e9 la monarquia en la societat actual?, Per qu\u00e8 alg\u00fa pel nom\u00e9s fet de n\u00e9ixer en una determinada\" \/>\n<meta property=\"og:url\" content=\"https:\/\/damianruiz.eu\/ca\/el-simbolisme-psicologic-de-la-monarquia\/\" \/>\n<meta property=\"og:site_name\" content=\"Dami\u00e1n Ruiz\" \/>\n<meta property=\"article:published_time\" content=\"2021-03-04T04:16:55+00:00\" \/>\n<meta property=\"og:image\" content=\"https:\/\/damianruiz.eu\/wp-content\/uploads\/2021\/03\/monarquia.png\" \/>\n\t<meta property=\"og:image:width\" content=\"1280\" \/>\n\t<meta property=\"og:image:height\" content=\"904\" \/>\n\t<meta property=\"og:image:type\" content=\"image\/png\" \/>\n<meta name=\"author\" content=\"Dami\u00e1n Ruiz\" \/>\n<meta name=\"twitter:card\" content=\"summary_large_image\" \/>\n<meta name=\"twitter:label1\" content=\"Escrit per\" \/>\n\t<meta name=\"twitter:data1\" content=\"Dami\u00e1n Ruiz\" \/>\n\t<meta name=\"twitter:label2\" content=\"Temps estimat de lectura\" \/>\n\t<meta name=\"twitter:data2\" content=\"5 minuts\" \/>\n<script type=\"application\/ld+json\" class=\"yoast-schema-graph\">{\"@context\":\"https:\\\/\\\/schema.org\",\"@graph\":[{\"@type\":\"Article\",\"@id\":\"https:\\\/\\\/damianruiz.eu\\\/ca\\\/el-simbolisme-psicologic-de-la-monarquia\\\/#article\",\"isPartOf\":{\"@id\":\"https:\\\/\\\/damianruiz.eu\\\/ca\\\/el-simbolisme-psicologic-de-la-monarquia\\\/\"},\"author\":{\"name\":\"Dami\u00e1n Ruiz\",\"@id\":\"https:\\\/\\\/damianruiz.eu\\\/#\\\/schema\\\/person\\\/e4703116e00a576e1cfcea03de178c07\"},\"headline\":\"El simbolisme psicol\u00f2gic de la monarquia\",\"datePublished\":\"2021-03-04T04:16:55+00:00\",\"mainEntityOfPage\":{\"@id\":\"https:\\\/\\\/damianruiz.eu\\\/ca\\\/el-simbolisme-psicologic-de-la-monarquia\\\/\"},\"wordCount\":1265,\"publisher\":{\"@id\":\"https:\\\/\\\/damianruiz.eu\\\/#organization\"},\"image\":{\"@id\":\"https:\\\/\\\/damianruiz.eu\\\/ca\\\/el-simbolisme-psicologic-de-la-monarquia\\\/#primaryimage\"},\"thumbnailUrl\":\"https:\\\/\\\/damianruiz.eu\\\/wp-content\\\/uploads\\\/2021\\\/03\\\/monarquia.png\",\"inLanguage\":\"ca\"},{\"@type\":\"WebPage\",\"@id\":\"https:\\\/\\\/damianruiz.eu\\\/ca\\\/el-simbolisme-psicologic-de-la-monarquia\\\/\",\"url\":\"https:\\\/\\\/damianruiz.eu\\\/ca\\\/el-simbolisme-psicologic-de-la-monarquia\\\/\",\"name\":\"El simbolisme psicol\u00f2gic de la monarquia - Dami\u00e1n Ruiz\",\"isPartOf\":{\"@id\":\"https:\\\/\\\/damianruiz.eu\\\/#website\"},\"primaryImageOfPage\":{\"@id\":\"https:\\\/\\\/damianruiz.eu\\\/ca\\\/el-simbolisme-psicologic-de-la-monarquia\\\/#primaryimage\"},\"image\":{\"@id\":\"https:\\\/\\\/damianruiz.eu\\\/ca\\\/el-simbolisme-psicologic-de-la-monarquia\\\/#primaryimage\"},\"thumbnailUrl\":\"https:\\\/\\\/damianruiz.eu\\\/wp-content\\\/uploads\\\/2021\\\/03\\\/monarquia.png\",\"datePublished\":\"2021-03-04T04:16:55+00:00\",\"description\":\"Molta gent es pregunta: Quin sentit t\u00e9 la monarquia en la societat actual?, Per qu\u00e8 alg\u00fa pel nom\u00e9s fet de n\u00e9ixer en una determinada\",\"breadcrumb\":{\"@id\":\"https:\\\/\\\/damianruiz.eu\\\/ca\\\/el-simbolisme-psicologic-de-la-monarquia\\\/#breadcrumb\"},\"inLanguage\":\"ca\",\"potentialAction\":[{\"@type\":\"ReadAction\",\"target\":[\"https:\\\/\\\/damianruiz.eu\\\/ca\\\/el-simbolisme-psicologic-de-la-monarquia\\\/\"]}]},{\"@type\":\"ImageObject\",\"inLanguage\":\"ca\",\"@id\":\"https:\\\/\\\/damianruiz.eu\\\/ca\\\/el-simbolisme-psicologic-de-la-monarquia\\\/#primaryimage\",\"url\":\"https:\\\/\\\/damianruiz.eu\\\/wp-content\\\/uploads\\\/2021\\\/03\\\/monarquia.png\",\"contentUrl\":\"https:\\\/\\\/damianruiz.eu\\\/wp-content\\\/uploads\\\/2021\\\/03\\\/monarquia.png\",\"width\":1280,\"height\":904,\"caption\":\"monarqu\u00eda\"},{\"@type\":\"BreadcrumbList\",\"@id\":\"https:\\\/\\\/damianruiz.eu\\\/ca\\\/el-simbolisme-psicologic-de-la-monarquia\\\/#breadcrumb\",\"itemListElement\":[{\"@type\":\"ListItem\",\"position\":1,\"name\":\"Portada\",\"item\":\"https:\\\/\\\/damianruiz.eu\\\/ca\\\/\"},{\"@type\":\"ListItem\",\"position\":2,\"name\":\"El simbolisme psicol\u00f2gic de la monarquia\"}]},{\"@type\":\"WebSite\",\"@id\":\"https:\\\/\\\/damianruiz.eu\\\/#website\",\"url\":\"https:\\\/\\\/damianruiz.eu\\\/\",\"name\":\"Dami\u00e1n Ruiz\",\"description\":\"Licenciado y Postgraduado en Psicolog\u00eda por la Universidad de Barcelona.\",\"publisher\":{\"@id\":\"https:\\\/\\\/damianruiz.eu\\\/#organization\"},\"potentialAction\":[{\"@type\":\"SearchAction\",\"target\":{\"@type\":\"EntryPoint\",\"urlTemplate\":\"https:\\\/\\\/damianruiz.eu\\\/?s={search_term_string}\"},\"query-input\":{\"@type\":\"PropertyValueSpecification\",\"valueRequired\":true,\"valueName\":\"search_term_string\"}}],\"inLanguage\":\"ca\"},{\"@type\":\"Organization\",\"@id\":\"https:\\\/\\\/damianruiz.eu\\\/#organization\",\"name\":\"Dami\u00e1n Ruiz\",\"url\":\"https:\\\/\\\/damianruiz.eu\\\/\",\"logo\":{\"@type\":\"ImageObject\",\"inLanguage\":\"ca\",\"@id\":\"https:\\\/\\\/damianruiz.eu\\\/#\\\/schema\\\/logo\\\/image\\\/\",\"url\":\"https:\\\/\\\/damianruiz.eu\\\/wp-content\\\/uploads\\\/2024\\\/04\\\/cropped-logo-2024-damian-ruiz-233.png\",\"contentUrl\":\"https:\\\/\\\/damianruiz.eu\\\/wp-content\\\/uploads\\\/2024\\\/04\\\/cropped-logo-2024-damian-ruiz-233.png\",\"width\":233,\"height\":60,\"caption\":\"Dami\u00e1n Ruiz\"},\"image\":{\"@id\":\"https:\\\/\\\/damianruiz.eu\\\/#\\\/schema\\\/logo\\\/image\\\/\"}},{\"@type\":\"Person\",\"@id\":\"https:\\\/\\\/damianruiz.eu\\\/#\\\/schema\\\/person\\\/e4703116e00a576e1cfcea03de178c07\",\"name\":\"Dami\u00e1n Ruiz\",\"url\":\"https:\\\/\\\/damianruiz.eu\\\/ca\\\/author\\\/damianruiz\\\/\"}]}<\/script>\n<!-- \/ Yoast SEO plugin. -->","yoast_head_json":{"title":"El simbolisme psicol\u00f2gic de la monarquia - Dami\u00e1n Ruiz","description":"Molta gent es pregunta: Quin sentit t\u00e9 la monarquia en la societat actual?, Per qu\u00e8 alg\u00fa pel nom\u00e9s fet de n\u00e9ixer en una determinada","robots":{"index":"index","follow":"follow","max-snippet":"max-snippet:-1","max-image-preview":"max-image-preview:large","max-video-preview":"max-video-preview:-1"},"canonical":"https:\/\/damianruiz.eu\/ca\/el-simbolisme-psicologic-de-la-monarquia\/","og_locale":"ca_ES","og_type":"article","og_title":"El simbolisme psicol\u00f2gic de la monarquia - Dami\u00e1n Ruiz","og_description":"Molta gent es pregunta: Quin sentit t\u00e9 la monarquia en la societat actual?, Per qu\u00e8 alg\u00fa pel nom\u00e9s fet de n\u00e9ixer en una determinada","og_url":"https:\/\/damianruiz.eu\/ca\/el-simbolisme-psicologic-de-la-monarquia\/","og_site_name":"Dami\u00e1n Ruiz","article_published_time":"2021-03-04T04:16:55+00:00","og_image":[{"width":1280,"height":904,"url":"https:\/\/damianruiz.eu\/wp-content\/uploads\/2021\/03\/monarquia.png","type":"image\/png"}],"author":"Dami\u00e1n Ruiz","twitter_card":"summary_large_image","twitter_misc":{"Escrit per":"Dami\u00e1n Ruiz","Temps estimat de lectura":"5 minuts"},"schema":{"@context":"https:\/\/schema.org","@graph":[{"@type":"Article","@id":"https:\/\/damianruiz.eu\/ca\/el-simbolisme-psicologic-de-la-monarquia\/#article","isPartOf":{"@id":"https:\/\/damianruiz.eu\/ca\/el-simbolisme-psicologic-de-la-monarquia\/"},"author":{"name":"Dami\u00e1n Ruiz","@id":"https:\/\/damianruiz.eu\/#\/schema\/person\/e4703116e00a576e1cfcea03de178c07"},"headline":"El simbolisme psicol\u00f2gic de la monarquia","datePublished":"2021-03-04T04:16:55+00:00","mainEntityOfPage":{"@id":"https:\/\/damianruiz.eu\/ca\/el-simbolisme-psicologic-de-la-monarquia\/"},"wordCount":1265,"publisher":{"@id":"https:\/\/damianruiz.eu\/#organization"},"image":{"@id":"https:\/\/damianruiz.eu\/ca\/el-simbolisme-psicologic-de-la-monarquia\/#primaryimage"},"thumbnailUrl":"https:\/\/damianruiz.eu\/wp-content\/uploads\/2021\/03\/monarquia.png","inLanguage":"ca"},{"@type":"WebPage","@id":"https:\/\/damianruiz.eu\/ca\/el-simbolisme-psicologic-de-la-monarquia\/","url":"https:\/\/damianruiz.eu\/ca\/el-simbolisme-psicologic-de-la-monarquia\/","name":"El simbolisme psicol\u00f2gic de la monarquia - Dami\u00e1n Ruiz","isPartOf":{"@id":"https:\/\/damianruiz.eu\/#website"},"primaryImageOfPage":{"@id":"https:\/\/damianruiz.eu\/ca\/el-simbolisme-psicologic-de-la-monarquia\/#primaryimage"},"image":{"@id":"https:\/\/damianruiz.eu\/ca\/el-simbolisme-psicologic-de-la-monarquia\/#primaryimage"},"thumbnailUrl":"https:\/\/damianruiz.eu\/wp-content\/uploads\/2021\/03\/monarquia.png","datePublished":"2021-03-04T04:16:55+00:00","description":"Molta gent es pregunta: Quin sentit t\u00e9 la monarquia en la societat actual?, Per qu\u00e8 alg\u00fa pel nom\u00e9s fet de n\u00e9ixer en una determinada","breadcrumb":{"@id":"https:\/\/damianruiz.eu\/ca\/el-simbolisme-psicologic-de-la-monarquia\/#breadcrumb"},"inLanguage":"ca","potentialAction":[{"@type":"ReadAction","target":["https:\/\/damianruiz.eu\/ca\/el-simbolisme-psicologic-de-la-monarquia\/"]}]},{"@type":"ImageObject","inLanguage":"ca","@id":"https:\/\/damianruiz.eu\/ca\/el-simbolisme-psicologic-de-la-monarquia\/#primaryimage","url":"https:\/\/damianruiz.eu\/wp-content\/uploads\/2021\/03\/monarquia.png","contentUrl":"https:\/\/damianruiz.eu\/wp-content\/uploads\/2021\/03\/monarquia.png","width":1280,"height":904,"caption":"monarqu\u00eda"},{"@type":"BreadcrumbList","@id":"https:\/\/damianruiz.eu\/ca\/el-simbolisme-psicologic-de-la-monarquia\/#breadcrumb","itemListElement":[{"@type":"ListItem","position":1,"name":"Portada","item":"https:\/\/damianruiz.eu\/ca\/"},{"@type":"ListItem","position":2,"name":"El simbolisme psicol\u00f2gic de la monarquia"}]},{"@type":"WebSite","@id":"https:\/\/damianruiz.eu\/#website","url":"https:\/\/damianruiz.eu\/","name":"Dami\u00e1n Ruiz","description":"Licenciado y Postgraduado en Psicolog\u00eda por la Universidad de Barcelona.","publisher":{"@id":"https:\/\/damianruiz.eu\/#organization"},"potentialAction":[{"@type":"SearchAction","target":{"@type":"EntryPoint","urlTemplate":"https:\/\/damianruiz.eu\/?s={search_term_string}"},"query-input":{"@type":"PropertyValueSpecification","valueRequired":true,"valueName":"search_term_string"}}],"inLanguage":"ca"},{"@type":"Organization","@id":"https:\/\/damianruiz.eu\/#organization","name":"Dami\u00e1n Ruiz","url":"https:\/\/damianruiz.eu\/","logo":{"@type":"ImageObject","inLanguage":"ca","@id":"https:\/\/damianruiz.eu\/#\/schema\/logo\/image\/","url":"https:\/\/damianruiz.eu\/wp-content\/uploads\/2024\/04\/cropped-logo-2024-damian-ruiz-233.png","contentUrl":"https:\/\/damianruiz.eu\/wp-content\/uploads\/2024\/04\/cropped-logo-2024-damian-ruiz-233.png","width":233,"height":60,"caption":"Dami\u00e1n Ruiz"},"image":{"@id":"https:\/\/damianruiz.eu\/#\/schema\/logo\/image\/"}},{"@type":"Person","@id":"https:\/\/damianruiz.eu\/#\/schema\/person\/e4703116e00a576e1cfcea03de178c07","name":"Dami\u00e1n Ruiz","url":"https:\/\/damianruiz.eu\/ca\/author\/damianruiz\/"}]}},"uagb_featured_image_src":{"full":["https:\/\/damianruiz.eu\/wp-content\/uploads\/2021\/03\/monarquia.png",1280,904,false],"thumbnail":["https:\/\/damianruiz.eu\/wp-content\/uploads\/2021\/03\/monarquia-150x150.png",150,150,true],"medium":["https:\/\/damianruiz.eu\/wp-content\/uploads\/2021\/03\/monarquia-300x212.png",300,212,true],"medium_large":["https:\/\/damianruiz.eu\/wp-content\/uploads\/2021\/03\/monarquia-768x542.png",768,542,true],"large":["https:\/\/damianruiz.eu\/wp-content\/uploads\/2021\/03\/monarquia-1024x723.png",1024,723,true],"1536x1536":["https:\/\/damianruiz.eu\/wp-content\/uploads\/2021\/03\/monarquia.png",1280,904,false],"2048x2048":["https:\/\/damianruiz.eu\/wp-content\/uploads\/2021\/03\/monarquia.png",1280,904,false]},"uagb_author_info":{"display_name":"Dami\u00e1n Ruiz","author_link":"https:\/\/damianruiz.eu\/ca\/author\/damianruiz\/"},"uagb_comment_info":0,"uagb_excerpt":"Molta gent es pregunta: Quin sentit t\u00e9 la monarquia en la societat actual?, Per qu\u00e8 alg\u00fa pel nom\u00e9s fet de [&hellip;]","_links":{"self":[{"href":"https:\/\/damianruiz.eu\/ca\/wp-json\/wp\/v2\/posts\/872","targetHints":{"allow":["GET"]}}],"collection":[{"href":"https:\/\/damianruiz.eu\/ca\/wp-json\/wp\/v2\/posts"}],"about":[{"href":"https:\/\/damianruiz.eu\/ca\/wp-json\/wp\/v2\/types\/post"}],"author":[{"embeddable":true,"href":"https:\/\/damianruiz.eu\/ca\/wp-json\/wp\/v2\/users\/4"}],"replies":[{"embeddable":true,"href":"https:\/\/damianruiz.eu\/ca\/wp-json\/wp\/v2\/comments?post=872"}],"version-history":[{"count":1,"href":"https:\/\/damianruiz.eu\/ca\/wp-json\/wp\/v2\/posts\/872\/revisions"}],"predecessor-version":[{"id":873,"href":"https:\/\/damianruiz.eu\/ca\/wp-json\/wp\/v2\/posts\/872\/revisions\/873"}],"wp:featuredmedia":[{"embeddable":true,"href":"https:\/\/damianruiz.eu\/ca\/wp-json\/wp\/v2\/media\/870"}],"wp:attachment":[{"href":"https:\/\/damianruiz.eu\/ca\/wp-json\/wp\/v2\/media?parent=872"}],"wp:term":[{"taxonomy":"category","embeddable":true,"href":"https:\/\/damianruiz.eu\/ca\/wp-json\/wp\/v2\/categories?post=872"},{"taxonomy":"post_tag","embeddable":true,"href":"https:\/\/damianruiz.eu\/ca\/wp-json\/wp\/v2\/tags?post=872"}],"curies":[{"name":"wp","href":"https:\/\/api.w.org\/{rel}","templated":true}]}}