{"id":878,"date":"2021-03-12T11:37:00","date_gmt":"2021-03-12T11:37:00","guid":{"rendered":"https:\/\/damianruiz.eu\/2024\/?p=878"},"modified":"2021-03-12T11:37:00","modified_gmt":"2021-03-12T11:37:00","slug":"sobre-el-trastorn-obsessiu-toc-i-la-seva-terapia","status":"publish","type":"post","link":"https:\/\/damianruiz.eu\/ca\/sobre-el-trastorn-obsessiu-toc-i-la-seva-terapia\/","title":{"rendered":"Sobre el trastorn obsessiu (TOC) i la seva ter\u00e0pia"},"content":{"rendered":"<p>Porto anys tractant aquest trastorn de manera priorit\u00e0ria, a m\u00e9s d&#8217;uns altres, at\u00e8s que el centre que dirigeixo a Barcelona, l\u2019IPITIA (<a href=\"http:\/\/www.ipitia.com\">www.ipitia.com<\/a>) est\u00e0 especialitzat en TOC i Ansietat.<\/p>\n<p>Per tant, he continuat investigant i aprenent sobre els factors que intervenen en la causa, en la perman\u00e8ncia del problema i en la seva possible curaci\u00f3.<\/p>\n<p>Aquest article ve a ser una reflexi\u00f3 en veu alta sobretot aix\u00f2, sobre el que fonamenta i estructura aquesta psicopatologia.<\/p>\n<p>Tractar\u00e9 de plantejar-ho de manera senzilla, gaireb\u00e9 gr\u00e0fica, perqu\u00e8 pugui ser ent\u00e8s.<\/p>\n<p>Dividirem l&#8217;aparell ps\u00edquic en quatre estructures: cervell reptili\u00e0\u00a0 (instints), sistema l\u00edmbic (emocions), hemisferi esquerre (pensament racional i anal\u00edtic), hemisferi dret (pensament intu\u00eftiu i creatiu).<\/p>\n<p>\u00c9s una gran simplificaci\u00f3 per\u00f2, per al que vull explicar, serveix.<\/p>\n<p>Si hagu\u00e9s de definir amb una sola idea qu\u00e8 li passa a una persona que t\u00e9 TOC (Trastorn obsessiu compulsiu) ho resumiria en \u201cel seu cervell reptili\u00e0 est\u00e0 inhibit\u201d. \u00c9s a dir, est\u00e0 atrapat per la por i\/o per la culpa.<\/p>\n<p>I com va oc\u00f3rrer?<\/p>\n<p>Una gran majoria dels nostres pacients van sofrir circumst\u00e0ncies adverses en la inf\u00e0ncia o adolesc\u00e8ncia, del tipus ab\u00fas psicol\u00f2gic, f\u00edsic o sexual, assetjament escolar (bullying), situacions d&#8217;estr\u00e8s cr\u00f2nic com per exemple discussions cont\u00ednues a casa, separacions dram\u00e0tiques dels pares, etc.<\/p>\n<p>Qu\u00e8 van fer? D&#8217;alguna manera \u201ces van espantar\u201d o \u201ces van culpabilitzar\u201d i \u201cvan bloquejar\u201d la seva naturalesa instintiva, passant a partir d&#8217;aquest moment a pensar, perdent tot tipus d&#8217;espontane\u00eftat.<\/p>\n<p>Uns altres van ser sobreprotegits o \u201cabandonats\u201d de tal manera que no van aprendre a desenvolupar la seva naturalesa m\u00e9s prim\u00e0ria.<\/p>\n<p>A partir d&#8217;aquest moment, o m\u00e9s tard en el temps, davant qualsevol circumst\u00e0ncia o situaci\u00f3 estressant o adversa es veurien desprove\u00efts de la reacci\u00f3 m\u00e9s b\u00e0sica i, per tant, generarien un nivell d&#8217;ansietat molt elevat en tractar de donar resposta purament cognitiva (racional i l\u00f2gica) a tal situaci\u00f3.<\/p>\n<p>Passarien a pensar-ho tot, a analitzar-ho, a anticipar possibles situacions problem\u00e0tiques, i, per tant, a hiperactivar la ra\u00f3, allunyada de l&#8217;instint, i tamb\u00e9 de la intu\u00efci\u00f3. \u00c9s a dir, l&#8217;hemisferi dret s&#8217;infrautilitzaria, no s&#8217;activaria prou mitjan\u00e7ant l&#8217;entrenament en activitats pr\u00f2pies d&#8217;aquesta \u00e0rea i tot quedaria al servei del costat esquerre del cervell.<\/p>\n<p>Les persones amb TOC analitzen i comproven constantment, Per qu\u00e8? Perqu\u00e8 aquest bucle \u00e9s producte de l&#8217;ansietat generada per la no integraci\u00f3 d&#8217;una resposta purament anal\u00edtica i racional. No la integren perqu\u00e8 no est\u00e0 vinculada a l&#8217;instint, a l&#8217;emoci\u00f3 i ni tan sols a la intu\u00efci\u00f3.<\/p>\n<p>Poso l&#8217;exemple m\u00e9s com\u00fa i caracter\u00edstic: una persona heterosexual que ha desenvolupat l&#8217;obsessi\u00f3 a ser homosexual. Es pregunta una vegada i una altra, es comprova, analitza al detall totes les seves reaccions, a vegades es conven\u00e7 que ho \u00e9s, altres que no. Qualsevol element tan simple com que una persona del seu mateix sexe li ha semblat atractiu\/a ho converteix en la prova de la seva homosexualitat, per\u00f2 despr\u00e9s pensa que en realitat mai li han agradat les persones del seu sexe,&#8230;i aix\u00ed una vegada i una altra.<\/p>\n<p>Per\u00f2 per qu\u00e8 ha de comprovar-ho tant? Perqu\u00e8 les respostes no estan vinculades ni amb el desig (instint), ni amb l&#8217;emoci\u00f3, ni tan sols amb la fantasia en la creaci\u00f3 d&#8217;un relat rom\u00e0ntic o amor\u00f3s. I al no estar vinculat amb res d&#8217;aix\u00f2 no hi ha manera d&#8217;arribar a cap conclusi\u00f3, per tant es pot comprovar fins a l&#8217;esgotament.<\/p>\n<p>D&#8217;altra banda cal afegir que la societat contempor\u00e0nia presenta models d&#8217;home i dona no r\u00edgids. Els mitjans de comunicaci\u00f3 s&#8217;estan obrint, com ha de ser, a la pres\u00e8ncia de l&#8217;homosexualitat i la bisexualitat. Per\u00f2 per a aquelles persones que no tenen una estructura ps\u00edquica forta pot ser un motiu de confusi\u00f3.<\/p>\n<p><i>&#8211; Una anotaci\u00f3 sobre la predisposici\u00f3 gen\u00e8tica.<\/i><\/p>\n<p><i>Quan llegeixes o parles amb metges, bi\u00f2legs o especialistes en la naturalesa humana l&#8217;opini\u00f3 m\u00e9s estesa \u00e9s que la gen\u00e8tica predisposa per\u00f2 no condemna. \u00c9s a dir, per exemple, si una persona vulnerable a nivell d&#8217;aparell respiratori no fuma no t\u00e9 perqu\u00e8 desenvolupar una malaltia, en canvi, si ho fa, existeixen possibilitats m\u00e9s altes que li ocorri que en aquells que gen\u00e8ticament s\u00f3n forts en aquests \u00f2rgans-.<\/i><\/p>\n<p>Llavors, amb qu\u00e8 ens trobem en una persona amb TOC?<\/p>\n<p>Un cervell reptilia\u00e0 inhibit, un sistema l\u00edmbic temer\u00f3s, un hemisferi dret a penes activat i entrenat i un hemisferi esquerre mega desenvolupat. Tot aix\u00f2 \u00e9s una explicaci\u00f3 metaf\u00f2rica per\u00f2 serveix com a idea.<\/p>\n<p>I qu\u00e8 farem a nivell terap\u00e8utic?<\/p>\n<p>Desinhibir el reptili\u00e0, activar l&#8217;hemisferi dret, alliberar les emocions (l\u00edmbic) i d&#8217;aquesta manera compensar la tirania de la ra\u00f3 (h.esquerre).<\/p>\n<p>Haurem d&#8217;ajudar-lo a recuperar els instints (recuperaci\u00f3 del valor, comen\u00e7ant per l&#8217;assertivitat, territorialitat, posicionament en el clan, interacci\u00f3 lliure amb els cong\u00e8neres, alliberament del cos, etc), a connectar amb les emocions, a desenvolupar la intu\u00efci\u00f3 i la creativitat, i a utilitzar el pensament racional i anal\u00edtic exclusivament com a guia, com a tim\u00f3, de les decisions preses mitjan\u00e7ant l&#8217;instint i l&#8217;emoci\u00f3.<\/p>\n<p>Poso un exemple d&#8217;aix\u00f2: m&#8217;apassiona l&#8217;arquitectura (emoci\u00f3), no tinc por de fer aquests estudis (instint), crec que puc arribar a ser bo en aix\u00f2 (intu\u00efci\u00f3), puc ser creatiu\/a projectant (h.dret) i em posar\u00e9 a estudiar aquesta disciplina (h.esquerre).<\/p>\n<p>En resum, les persones que pateixen un trastorn obsessiu (TOC) estan atrapades en la por i\/o la culpa, la qual cosa genera una ansietat permanent que acaba manifestant-se en forma d&#8217;obsessions que, aparentment, no tenen resposta ni acte que acabi per calmar-les i fer-les desapar\u00e8ixer. Per qu\u00e8? Perqu\u00e8 no estan connectades ni amb l&#8217;instint, ni amb les emocions ni amb la intu\u00efci\u00f3. Qu\u00e8 cal fer? Ajudar al seu desenvolupament per a integrar la personalitat, l&#8217;\u00e9sser, fins que passi a ser alg\u00fa complet i raonablement equilibrat.<\/p>\n<p>&nbsp;<\/p>\n<p style=\"text-align: right;\">Dami\u00e1n Ruiz<\/p>\n<p style=\"text-align: right;\">Autor de \u201cLiberar el mono, rescatar a la princesa\u201d\u201d (sobre el TOC)<\/p>\n<p style=\"text-align: right;\">www.damianruiz.eu<\/p>\n<p style=\"text-align: right;\">Barcelona, 11 de Mar\u00e7, 2021<\/p>\n","protected":false},"excerpt":{"rendered":"<p>Porto anys tractant aquest trastorn de manera priorit\u00e0ria, a m\u00e9s d&#8217;uns altres, at\u00e8s que el centre que dirigeixo a Barcelona, [&hellip;]<\/p>\n","protected":false},"author":4,"featured_media":876,"comment_status":"closed","ping_status":"closed","sticky":false,"template":"","format":"standard","meta":{"_uag_custom_page_level_css":"","site-sidebar-layout":"default","site-content-layout":"","ast-site-content-layout":"default","site-content-style":"default","site-sidebar-style":"default","ast-global-header-display":"","ast-banner-title-visibility":"","ast-main-header-display":"","ast-hfb-above-header-display":"","ast-hfb-below-header-display":"","ast-hfb-mobile-header-display":"","site-post-title":"","ast-breadcrumbs-content":"","ast-featured-img":"","footer-sml-layout":"","theme-transparent-header-meta":"","adv-header-id-meta":"","stick-header-meta":"","header-above-stick-meta":"","header-main-stick-meta":"","header-below-stick-meta":"","astra-migrate-meta-layouts":"default","ast-page-background-enabled":"default","ast-page-background-meta":{"desktop":{"background-color":"var(--ast-global-color-4)","background-image":"","background-repeat":"repeat","background-position":"center center","background-size":"auto","background-attachment":"scroll","background-type":"","background-media":"","overlay-type":"","overlay-color":"","overlay-opacity":"","overlay-gradient":""},"tablet":{"background-color":"","background-image":"","background-repeat":"repeat","background-position":"center center","background-size":"auto","background-attachment":"scroll","background-type":"","background-media":"","overlay-type":"","overlay-color":"","overlay-opacity":"","overlay-gradient":""},"mobile":{"background-color":"","background-image":"","background-repeat":"repeat","background-position":"center center","background-size":"auto","background-attachment":"scroll","background-type":"","background-media":"","overlay-type":"","overlay-color":"","overlay-opacity":"","overlay-gradient":""}},"ast-content-background-meta":{"desktop":{"background-color":"var(--ast-global-color-5)","background-image":"","background-repeat":"repeat","background-position":"center center","background-size":"auto","background-attachment":"scroll","background-type":"","background-media":"","overlay-type":"","overlay-color":"","overlay-opacity":"","overlay-gradient":""},"tablet":{"background-color":"var(--ast-global-color-5)","background-image":"","background-repeat":"repeat","background-position":"center center","background-size":"auto","background-attachment":"scroll","background-type":"","background-media":"","overlay-type":"","overlay-color":"","overlay-opacity":"","overlay-gradient":""},"mobile":{"background-color":"var(--ast-global-color-5)","background-image":"","background-repeat":"repeat","background-position":"center center","background-size":"auto","background-attachment":"scroll","background-type":"","background-media":"","overlay-type":"","overlay-color":"","overlay-opacity":"","overlay-gradient":""}},"footnotes":""},"categories":[],"tags":[],"class_list":["post-878","post","type-post","status-publish","format-standard","has-post-thumbnail","hentry"],"yoast_head":"<!-- This site is optimized with the Yoast SEO plugin v27.5 - https:\/\/yoast.com\/product\/yoast-seo-wordpress\/ -->\n<title>Sobre el trastorn obsessiu (TOC) i la seva ter\u00e0pia - Dami\u00e1n Ruiz<\/title>\n<meta name=\"description\" content=\"Porto anys tractant el TOC, aquest trastorn de manera priorit\u00e0ria, a m\u00e9s d&#039;uns altres, at\u00e8s que el centre que dirigeixo a Barcelona\" \/>\n<meta name=\"robots\" content=\"index, follow, max-snippet:-1, max-image-preview:large, max-video-preview:-1\" \/>\n<link rel=\"canonical\" href=\"https:\/\/damianruiz.eu\/ca\/sobre-el-trastorn-obsessiu-toc-i-la-seva-terapia\/\" \/>\n<meta property=\"og:locale\" content=\"ca_ES\" \/>\n<meta property=\"og:type\" content=\"article\" \/>\n<meta property=\"og:title\" content=\"Sobre el trastorn obsessiu (TOC) i la seva ter\u00e0pia - Dami\u00e1n Ruiz\" \/>\n<meta property=\"og:description\" content=\"Porto anys tractant el TOC, aquest trastorn de manera priorit\u00e0ria, a m\u00e9s d&#039;uns altres, at\u00e8s que el centre que dirigeixo a Barcelona\" \/>\n<meta property=\"og:url\" content=\"https:\/\/damianruiz.eu\/ca\/sobre-el-trastorn-obsessiu-toc-i-la-seva-terapia\/\" \/>\n<meta property=\"og:site_name\" content=\"Dami\u00e1n Ruiz\" \/>\n<meta property=\"article:published_time\" content=\"2021-03-12T11:37:00+00:00\" \/>\n<meta property=\"og:image\" content=\"https:\/\/damianruiz.eu\/wp-content\/uploads\/2021\/03\/TOC.jpg\" \/>\n\t<meta property=\"og:image:width\" content=\"1280\" \/>\n\t<meta property=\"og:image:height\" content=\"852\" \/>\n\t<meta property=\"og:image:type\" content=\"image\/jpeg\" \/>\n<meta name=\"author\" content=\"Dami\u00e1n Ruiz\" \/>\n<meta name=\"twitter:card\" content=\"summary_large_image\" \/>\n<meta name=\"twitter:label1\" content=\"Escrit per\" \/>\n\t<meta name=\"twitter:data1\" content=\"Dami\u00e1n Ruiz\" \/>\n\t<meta name=\"twitter:label2\" content=\"Temps estimat de lectura\" \/>\n\t<meta name=\"twitter:data2\" content=\"5 minuts\" \/>\n<script type=\"application\/ld+json\" class=\"yoast-schema-graph\">{\"@context\":\"https:\\\/\\\/schema.org\",\"@graph\":[{\"@type\":\"Article\",\"@id\":\"https:\\\/\\\/damianruiz.eu\\\/ca\\\/sobre-el-trastorn-obsessiu-toc-i-la-seva-terapia\\\/#article\",\"isPartOf\":{\"@id\":\"https:\\\/\\\/damianruiz.eu\\\/ca\\\/sobre-el-trastorn-obsessiu-toc-i-la-seva-terapia\\\/\"},\"author\":{\"name\":\"Dami\u00e1n Ruiz\",\"@id\":\"https:\\\/\\\/damianruiz.eu\\\/#\\\/schema\\\/person\\\/e4703116e00a576e1cfcea03de178c07\"},\"headline\":\"Sobre el trastorn obsessiu (TOC) i la seva ter\u00e0pia\",\"datePublished\":\"2021-03-12T11:37:00+00:00\",\"mainEntityOfPage\":{\"@id\":\"https:\\\/\\\/damianruiz.eu\\\/ca\\\/sobre-el-trastorn-obsessiu-toc-i-la-seva-terapia\\\/\"},\"wordCount\":1080,\"publisher\":{\"@id\":\"https:\\\/\\\/damianruiz.eu\\\/#organization\"},\"image\":{\"@id\":\"https:\\\/\\\/damianruiz.eu\\\/ca\\\/sobre-el-trastorn-obsessiu-toc-i-la-seva-terapia\\\/#primaryimage\"},\"thumbnailUrl\":\"https:\\\/\\\/damianruiz.eu\\\/wp-content\\\/uploads\\\/2021\\\/03\\\/TOC.jpg\",\"inLanguage\":\"ca\"},{\"@type\":\"WebPage\",\"@id\":\"https:\\\/\\\/damianruiz.eu\\\/ca\\\/sobre-el-trastorn-obsessiu-toc-i-la-seva-terapia\\\/\",\"url\":\"https:\\\/\\\/damianruiz.eu\\\/ca\\\/sobre-el-trastorn-obsessiu-toc-i-la-seva-terapia\\\/\",\"name\":\"Sobre el trastorn obsessiu (TOC) i la seva ter\u00e0pia - Dami\u00e1n Ruiz\",\"isPartOf\":{\"@id\":\"https:\\\/\\\/damianruiz.eu\\\/#website\"},\"primaryImageOfPage\":{\"@id\":\"https:\\\/\\\/damianruiz.eu\\\/ca\\\/sobre-el-trastorn-obsessiu-toc-i-la-seva-terapia\\\/#primaryimage\"},\"image\":{\"@id\":\"https:\\\/\\\/damianruiz.eu\\\/ca\\\/sobre-el-trastorn-obsessiu-toc-i-la-seva-terapia\\\/#primaryimage\"},\"thumbnailUrl\":\"https:\\\/\\\/damianruiz.eu\\\/wp-content\\\/uploads\\\/2021\\\/03\\\/TOC.jpg\",\"datePublished\":\"2021-03-12T11:37:00+00:00\",\"description\":\"Porto anys tractant el TOC, aquest trastorn de manera priorit\u00e0ria, a m\u00e9s d'uns altres, at\u00e8s que el centre que dirigeixo a Barcelona\",\"breadcrumb\":{\"@id\":\"https:\\\/\\\/damianruiz.eu\\\/ca\\\/sobre-el-trastorn-obsessiu-toc-i-la-seva-terapia\\\/#breadcrumb\"},\"inLanguage\":\"ca\",\"potentialAction\":[{\"@type\":\"ReadAction\",\"target\":[\"https:\\\/\\\/damianruiz.eu\\\/ca\\\/sobre-el-trastorn-obsessiu-toc-i-la-seva-terapia\\\/\"]}]},{\"@type\":\"ImageObject\",\"inLanguage\":\"ca\",\"@id\":\"https:\\\/\\\/damianruiz.eu\\\/ca\\\/sobre-el-trastorn-obsessiu-toc-i-la-seva-terapia\\\/#primaryimage\",\"url\":\"https:\\\/\\\/damianruiz.eu\\\/wp-content\\\/uploads\\\/2021\\\/03\\\/TOC.jpg\",\"contentUrl\":\"https:\\\/\\\/damianruiz.eu\\\/wp-content\\\/uploads\\\/2021\\\/03\\\/TOC.jpg\",\"width\":1280,\"height\":852,\"caption\":\"TOC\"},{\"@type\":\"BreadcrumbList\",\"@id\":\"https:\\\/\\\/damianruiz.eu\\\/ca\\\/sobre-el-trastorn-obsessiu-toc-i-la-seva-terapia\\\/#breadcrumb\",\"itemListElement\":[{\"@type\":\"ListItem\",\"position\":1,\"name\":\"Portada\",\"item\":\"https:\\\/\\\/damianruiz.eu\\\/ca\\\/\"},{\"@type\":\"ListItem\",\"position\":2,\"name\":\"Sobre el trastorn obsessiu (TOC) i la seva ter\u00e0pia\"}]},{\"@type\":\"WebSite\",\"@id\":\"https:\\\/\\\/damianruiz.eu\\\/#website\",\"url\":\"https:\\\/\\\/damianruiz.eu\\\/\",\"name\":\"Dami\u00e1n Ruiz\",\"description\":\"Licenciado y Postgraduado en Psicolog\u00eda por la Universidad de Barcelona.\",\"publisher\":{\"@id\":\"https:\\\/\\\/damianruiz.eu\\\/#organization\"},\"potentialAction\":[{\"@type\":\"SearchAction\",\"target\":{\"@type\":\"EntryPoint\",\"urlTemplate\":\"https:\\\/\\\/damianruiz.eu\\\/?s={search_term_string}\"},\"query-input\":{\"@type\":\"PropertyValueSpecification\",\"valueRequired\":true,\"valueName\":\"search_term_string\"}}],\"inLanguage\":\"ca\"},{\"@type\":\"Organization\",\"@id\":\"https:\\\/\\\/damianruiz.eu\\\/#organization\",\"name\":\"Dami\u00e1n Ruiz\",\"url\":\"https:\\\/\\\/damianruiz.eu\\\/\",\"logo\":{\"@type\":\"ImageObject\",\"inLanguage\":\"ca\",\"@id\":\"https:\\\/\\\/damianruiz.eu\\\/#\\\/schema\\\/logo\\\/image\\\/\",\"url\":\"https:\\\/\\\/damianruiz.eu\\\/wp-content\\\/uploads\\\/2024\\\/04\\\/cropped-logo-2024-damian-ruiz-233.png\",\"contentUrl\":\"https:\\\/\\\/damianruiz.eu\\\/wp-content\\\/uploads\\\/2024\\\/04\\\/cropped-logo-2024-damian-ruiz-233.png\",\"width\":233,\"height\":60,\"caption\":\"Dami\u00e1n Ruiz\"},\"image\":{\"@id\":\"https:\\\/\\\/damianruiz.eu\\\/#\\\/schema\\\/logo\\\/image\\\/\"}},{\"@type\":\"Person\",\"@id\":\"https:\\\/\\\/damianruiz.eu\\\/#\\\/schema\\\/person\\\/e4703116e00a576e1cfcea03de178c07\",\"name\":\"Dami\u00e1n Ruiz\",\"url\":\"https:\\\/\\\/damianruiz.eu\\\/ca\\\/author\\\/damianruiz\\\/\"}]}<\/script>\n<!-- \/ Yoast SEO plugin. -->","yoast_head_json":{"title":"Sobre el trastorn obsessiu (TOC) i la seva ter\u00e0pia - Dami\u00e1n Ruiz","description":"Porto anys tractant el TOC, aquest trastorn de manera priorit\u00e0ria, a m\u00e9s d'uns altres, at\u00e8s que el centre que dirigeixo a Barcelona","robots":{"index":"index","follow":"follow","max-snippet":"max-snippet:-1","max-image-preview":"max-image-preview:large","max-video-preview":"max-video-preview:-1"},"canonical":"https:\/\/damianruiz.eu\/ca\/sobre-el-trastorn-obsessiu-toc-i-la-seva-terapia\/","og_locale":"ca_ES","og_type":"article","og_title":"Sobre el trastorn obsessiu (TOC) i la seva ter\u00e0pia - Dami\u00e1n Ruiz","og_description":"Porto anys tractant el TOC, aquest trastorn de manera priorit\u00e0ria, a m\u00e9s d'uns altres, at\u00e8s que el centre que dirigeixo a Barcelona","og_url":"https:\/\/damianruiz.eu\/ca\/sobre-el-trastorn-obsessiu-toc-i-la-seva-terapia\/","og_site_name":"Dami\u00e1n Ruiz","article_published_time":"2021-03-12T11:37:00+00:00","og_image":[{"width":1280,"height":852,"url":"https:\/\/damianruiz.eu\/wp-content\/uploads\/2021\/03\/TOC.jpg","type":"image\/jpeg"}],"author":"Dami\u00e1n Ruiz","twitter_card":"summary_large_image","twitter_misc":{"Escrit per":"Dami\u00e1n Ruiz","Temps estimat de lectura":"5 minuts"},"schema":{"@context":"https:\/\/schema.org","@graph":[{"@type":"Article","@id":"https:\/\/damianruiz.eu\/ca\/sobre-el-trastorn-obsessiu-toc-i-la-seva-terapia\/#article","isPartOf":{"@id":"https:\/\/damianruiz.eu\/ca\/sobre-el-trastorn-obsessiu-toc-i-la-seva-terapia\/"},"author":{"name":"Dami\u00e1n Ruiz","@id":"https:\/\/damianruiz.eu\/#\/schema\/person\/e4703116e00a576e1cfcea03de178c07"},"headline":"Sobre el trastorn obsessiu (TOC) i la seva ter\u00e0pia","datePublished":"2021-03-12T11:37:00+00:00","mainEntityOfPage":{"@id":"https:\/\/damianruiz.eu\/ca\/sobre-el-trastorn-obsessiu-toc-i-la-seva-terapia\/"},"wordCount":1080,"publisher":{"@id":"https:\/\/damianruiz.eu\/#organization"},"image":{"@id":"https:\/\/damianruiz.eu\/ca\/sobre-el-trastorn-obsessiu-toc-i-la-seva-terapia\/#primaryimage"},"thumbnailUrl":"https:\/\/damianruiz.eu\/wp-content\/uploads\/2021\/03\/TOC.jpg","inLanguage":"ca"},{"@type":"WebPage","@id":"https:\/\/damianruiz.eu\/ca\/sobre-el-trastorn-obsessiu-toc-i-la-seva-terapia\/","url":"https:\/\/damianruiz.eu\/ca\/sobre-el-trastorn-obsessiu-toc-i-la-seva-terapia\/","name":"Sobre el trastorn obsessiu (TOC) i la seva ter\u00e0pia - Dami\u00e1n Ruiz","isPartOf":{"@id":"https:\/\/damianruiz.eu\/#website"},"primaryImageOfPage":{"@id":"https:\/\/damianruiz.eu\/ca\/sobre-el-trastorn-obsessiu-toc-i-la-seva-terapia\/#primaryimage"},"image":{"@id":"https:\/\/damianruiz.eu\/ca\/sobre-el-trastorn-obsessiu-toc-i-la-seva-terapia\/#primaryimage"},"thumbnailUrl":"https:\/\/damianruiz.eu\/wp-content\/uploads\/2021\/03\/TOC.jpg","datePublished":"2021-03-12T11:37:00+00:00","description":"Porto anys tractant el TOC, aquest trastorn de manera priorit\u00e0ria, a m\u00e9s d'uns altres, at\u00e8s que el centre que dirigeixo a Barcelona","breadcrumb":{"@id":"https:\/\/damianruiz.eu\/ca\/sobre-el-trastorn-obsessiu-toc-i-la-seva-terapia\/#breadcrumb"},"inLanguage":"ca","potentialAction":[{"@type":"ReadAction","target":["https:\/\/damianruiz.eu\/ca\/sobre-el-trastorn-obsessiu-toc-i-la-seva-terapia\/"]}]},{"@type":"ImageObject","inLanguage":"ca","@id":"https:\/\/damianruiz.eu\/ca\/sobre-el-trastorn-obsessiu-toc-i-la-seva-terapia\/#primaryimage","url":"https:\/\/damianruiz.eu\/wp-content\/uploads\/2021\/03\/TOC.jpg","contentUrl":"https:\/\/damianruiz.eu\/wp-content\/uploads\/2021\/03\/TOC.jpg","width":1280,"height":852,"caption":"TOC"},{"@type":"BreadcrumbList","@id":"https:\/\/damianruiz.eu\/ca\/sobre-el-trastorn-obsessiu-toc-i-la-seva-terapia\/#breadcrumb","itemListElement":[{"@type":"ListItem","position":1,"name":"Portada","item":"https:\/\/damianruiz.eu\/ca\/"},{"@type":"ListItem","position":2,"name":"Sobre el trastorn obsessiu (TOC) i la seva ter\u00e0pia"}]},{"@type":"WebSite","@id":"https:\/\/damianruiz.eu\/#website","url":"https:\/\/damianruiz.eu\/","name":"Dami\u00e1n Ruiz","description":"Licenciado y Postgraduado en Psicolog\u00eda por la Universidad de Barcelona.","publisher":{"@id":"https:\/\/damianruiz.eu\/#organization"},"potentialAction":[{"@type":"SearchAction","target":{"@type":"EntryPoint","urlTemplate":"https:\/\/damianruiz.eu\/?s={search_term_string}"},"query-input":{"@type":"PropertyValueSpecification","valueRequired":true,"valueName":"search_term_string"}}],"inLanguage":"ca"},{"@type":"Organization","@id":"https:\/\/damianruiz.eu\/#organization","name":"Dami\u00e1n Ruiz","url":"https:\/\/damianruiz.eu\/","logo":{"@type":"ImageObject","inLanguage":"ca","@id":"https:\/\/damianruiz.eu\/#\/schema\/logo\/image\/","url":"https:\/\/damianruiz.eu\/wp-content\/uploads\/2024\/04\/cropped-logo-2024-damian-ruiz-233.png","contentUrl":"https:\/\/damianruiz.eu\/wp-content\/uploads\/2024\/04\/cropped-logo-2024-damian-ruiz-233.png","width":233,"height":60,"caption":"Dami\u00e1n Ruiz"},"image":{"@id":"https:\/\/damianruiz.eu\/#\/schema\/logo\/image\/"}},{"@type":"Person","@id":"https:\/\/damianruiz.eu\/#\/schema\/person\/e4703116e00a576e1cfcea03de178c07","name":"Dami\u00e1n Ruiz","url":"https:\/\/damianruiz.eu\/ca\/author\/damianruiz\/"}]}},"uagb_featured_image_src":{"full":["https:\/\/damianruiz.eu\/wp-content\/uploads\/2021\/03\/TOC.jpg",1280,852,false],"thumbnail":["https:\/\/damianruiz.eu\/wp-content\/uploads\/2021\/03\/TOC-150x150.jpg",150,150,true],"medium":["https:\/\/damianruiz.eu\/wp-content\/uploads\/2021\/03\/TOC-300x200.jpg",300,200,true],"medium_large":["https:\/\/damianruiz.eu\/wp-content\/uploads\/2021\/03\/TOC-768x511.jpg",768,511,true],"large":["https:\/\/damianruiz.eu\/wp-content\/uploads\/2021\/03\/TOC-1024x682.jpg",1024,682,true],"1536x1536":["https:\/\/damianruiz.eu\/wp-content\/uploads\/2021\/03\/TOC.jpg",1280,852,false],"2048x2048":["https:\/\/damianruiz.eu\/wp-content\/uploads\/2021\/03\/TOC.jpg",1280,852,false]},"uagb_author_info":{"display_name":"Dami\u00e1n Ruiz","author_link":"https:\/\/damianruiz.eu\/ca\/author\/damianruiz\/"},"uagb_comment_info":0,"uagb_excerpt":"Porto anys tractant aquest trastorn de manera priorit\u00e0ria, a m\u00e9s d&#8217;uns altres, at\u00e8s que el centre que dirigeixo a Barcelona, [&hellip;]","_links":{"self":[{"href":"https:\/\/damianruiz.eu\/ca\/wp-json\/wp\/v2\/posts\/878","targetHints":{"allow":["GET"]}}],"collection":[{"href":"https:\/\/damianruiz.eu\/ca\/wp-json\/wp\/v2\/posts"}],"about":[{"href":"https:\/\/damianruiz.eu\/ca\/wp-json\/wp\/v2\/types\/post"}],"author":[{"embeddable":true,"href":"https:\/\/damianruiz.eu\/ca\/wp-json\/wp\/v2\/users\/4"}],"replies":[{"embeddable":true,"href":"https:\/\/damianruiz.eu\/ca\/wp-json\/wp\/v2\/comments?post=878"}],"version-history":[{"count":1,"href":"https:\/\/damianruiz.eu\/ca\/wp-json\/wp\/v2\/posts\/878\/revisions"}],"predecessor-version":[{"id":879,"href":"https:\/\/damianruiz.eu\/ca\/wp-json\/wp\/v2\/posts\/878\/revisions\/879"}],"wp:featuredmedia":[{"embeddable":true,"href":"https:\/\/damianruiz.eu\/ca\/wp-json\/wp\/v2\/media\/876"}],"wp:attachment":[{"href":"https:\/\/damianruiz.eu\/ca\/wp-json\/wp\/v2\/media?parent=878"}],"wp:term":[{"taxonomy":"category","embeddable":true,"href":"https:\/\/damianruiz.eu\/ca\/wp-json\/wp\/v2\/categories?post=878"},{"taxonomy":"post_tag","embeddable":true,"href":"https:\/\/damianruiz.eu\/ca\/wp-json\/wp\/v2\/tags?post=878"}],"curies":[{"name":"wp","href":"https:\/\/api.w.org\/{rel}","templated":true}]}}