{"id":884,"date":"2021-04-01T10:02:53","date_gmt":"2021-04-01T10:02:53","guid":{"rendered":"https:\/\/damianruiz.eu\/2024\/?p=884"},"modified":"2021-04-01T10:02:53","modified_gmt":"2021-04-01T10:02:53","slug":"tornar-a-fellini","status":"publish","type":"post","link":"https:\/\/damianruiz.eu\/ca\/tornar-a-fellini\/","title":{"rendered":"Tornar a Fellini"},"content":{"rendered":"<p>Em pregunto quin sentit t\u00e9 aquest blog on se suposa que hauria d&#8217;escriure exclusivament sobre q\u00fcestions psicol\u00f2giques, especialment sobre aquells problemes que afecten les persones, i en el qual em deixo portar acostant-me a q\u00fcestions d&#8217;opini\u00f3, gustos personals i altres temes que a penes res tenen a veure amb aix\u00f2.<\/p>\n<p>Tampoc crec que sigui molt llegit i per aix\u00f2 s&#8217;ha convertit, tamb\u00e9, en una eina d&#8217;expressi\u00f3 en la qual d&#8217;alguna manera em mostro i mostro el meu m\u00f3n.<\/p>\n<p>Durant la primera d\u00e8cada dels 2000, fins a 2008, la meva vida va estar repleta de petits esdeveniments, magnificats en el seu moment, i posats en el seu lloc amb els anys.<\/p>\n<p>Va ser un temps de r\u00e0dio i teatre, una cosa a penes buscada. A partir d&#8217;una intervenci\u00f3 que vaig fer en una emissora de Barcelona, van comen\u00e7ar a cridar-me de diferents cadenes. Vaig arribar a participar, no exagero, en gaireb\u00e9 dos-cents programes, sempre parlant de psicologia. Vaig tenir el meu propi,<i> \u201cDe persona a persona\u201d<\/i>, en R\u00e0dio Estel que realitzava al costat d&#8217;un altre psic\u00f2leg, sacerdot per m\u00e9s dades.<\/p>\n<p>I tamb\u00e9 el teatre\u2026, acabat de casar vaig comen\u00e7ar a escriure. <i>\u201cDe la vida de los nadie\u201d<\/i> va ser la meva primera obra, una com\u00e8dia surrealista sobre les aspiracions de la classe treballadora, que anys despr\u00e9s s&#8217;estrenaria a Buenos Aires. Posteriorment va haver-hi un premi per a la qual acabaria sent la meva obra m\u00e9s \u201cconeguda\u201d, \u201cEs desde aqu\u00ed que miro la luna\u201d, que durant anys va estar representant-se en un lloc o un altre, Barcelona, Madrid, Berl\u00edn,&#8230;va arribar fins al Quebec, i la seva traducci\u00f3 al portugu\u00e8s es va estrenar a Lisboa.<\/p>\n<p>Tot va finalitzar en el 2008 amb l&#8217;estrena de \u201cContra el espejo\u201d en la desapareguda Sala Muntaner de la meva ciutat.<\/p>\n<p>Ara ho visc des d&#8217;una perspectiva molt m\u00e9s realista i, la veritat, \u00e9s que no va ser per a tant, per\u00f2 que bonic \u00e9s quan la vida et d\u00f3na regals. I perqu\u00e8 aix\u00f2 ocorri no hi ha major secret que el de lliurar-te a ella, a l&#8217;exist\u00e8ncia, sense el \u201crigor mortis\u201d de la l\u00f2gica pragm\u00e0tica que tant ens atrapa.<\/p>\n<p>Es va acabar la r\u00e0dio, es va acabar el teatre, queden els records d&#8217;un temps en el qual un vibrava amb una pulsi\u00f3 m\u00e9s er\u00f2tica, una mica m\u00e9s salvatge, on l&#8217;atreviment, la intu\u00efci\u00f3 i l&#8217;instint prevalien sobre la ra\u00f3. Una vida m\u00e9s dionis\u00edaca en contrast amb aquest esmentat rigor apol\u00b7lini del constructor de realitats que preval en l&#8217;actualitat.<\/p>\n<p><i>-Un es torna seri\u00f3s perqu\u00e8 s&#8217;hi adapta, perqu\u00e8 la maduresa li porta per camins de responsabilitat, i perqu\u00e8 la societat s&#8217;ha tornat \u201ccorrectament puritana\u201d, i la llibertat d&#8217;expressi\u00f3 a penes existeix-.<\/i><\/p>\n<p>Encara que sempre queda Fellini.<\/p>\n<p>Va ser el meu imaginari mestre de joventut, una esp\u00e8cie de mentor ali\u00e8 que guiava les incerteses de la meva vida. Pel\u00b7l\u00edcules, entrevistes, llibres, documentals,&#8230;devorava tot amb avidesa. Necessitava una visi\u00f3 oberta de l&#8217;exist\u00e8ncia, que es mogu\u00e9s en la certesa amb elements d\u2019ambig\u00fcitat, &#8211; S\u00f3c, a vegades, contradictori i amb dificultats per a mantenir-me en una posici\u00f3 \u00fanica, sigui com sigui l&#8217;\u00e0mbit del qual parlem. I l&#8217;ambig\u00fcitat la vaig assumir com a part de la meva percepci\u00f3 del m\u00f3n.-<\/p>\n<p>I aquesta visi\u00f3 em va donar la llibertat. No crec que es pugui demanar m\u00e9s.<\/p>\n<p>Em va ensenyar la vida mediterr\u00e0nia, el cul de la Gradisca (Amarcord), que les putes i les monges convivien en rols i arquetipus que poblaven el gran teatre del m\u00f3n on tots desenvolupem un personatge. Em va fer apreciar la bellesa en els llocs i les persones m\u00e9s ins\u00f2lites, enamorar-me d&#8217;escenes irrepetibles, el vi i les fonts, de Roma, Mastroianni entrant a la Fontana di Trevi davant la crida d&#8217;<i>Afrodita<\/i> Ekberg.<\/p>\n<p>A estimar fins al m\u00e9s profund d&#8217;un a la companya de vida, al mateix temps que juga amb la seducci\u00f3 i bascula entre el desig i l&#8217;amistat, entre el prohibit i l&#8217;evident, entre les ombres de si mateix.<\/p>\n<p>Com a fill imaginari tamb\u00e9 vaig aconseguir a la meva Giulietta i els meus amics, normalment m\u00e9s joves d&#8217;edat o d&#8217;esperit (la gent amb tot fet em cansa tret que estiguin malalts o tinguin cent anys), es van convertir en companys de vida. Formals per\u00f2 sempre amb aquest punt d&#8217;incertesa i eleg\u00e0ncia que cal demanar-li a qualsevol perqu\u00e8 no caigui en l&#8217;obvi i ens convertim en prescindibles.<\/p>\n<p>La previsibilitat sempre em va desagradar, m&#8217;agrada pensar que alg\u00fa pr\u00f2xim en qualsevol moment podria declarar-me el seu amor o dir-me que ja no vol saber res m\u00e9s de mi.<\/p>\n<p>M&#8217;agrada tornar a Fellini cada vegada que em replantejo canviar alguns aspectes de la meva vida, especialment quan vull tornar a la creativitat, quan pretenc desnuar les meves capacitats terap\u00e8utiques o escriure des d&#8217;una perspectiva completament aliena al que els altres esperen d&#8217;un.<\/p>\n<p>I a m\u00e9s no hi ha edat, si arribo a vell m&#8217;agradaria fer algun gir de gui\u00f3 d&#8217;aquests en els quals te la jugues per\u00f2 que, de sortir-te b\u00e9, et d\u00f3na anys d&#8217;exist\u00e8ncia. No pretenc seguir la norma per molt que la dictadura de la correcci\u00f3 avanci, i aix\u00f2 d&#8217;alg\u00fa tan poc revolucionari en el social com jo, i tan individualista, encara que solidari, \u00e9s un mandat.<\/p>\n<p>Estimar al ritme de les melodies de Nino Rota, empatitzar amb el dolor ali\u00e8, bolcar-se en aix\u00f2, lliurar-te fora de la por, ser lliure en els afectes,&#8230;.<\/p>\n<p>Caminar cap al cel de la m\u00e0 de la\/la meva Masina, mirar enrere i dir: <i>Va estar b\u00e9!<\/i><\/p>\n<p>Desapar\u00e8ixer i trobar-te a Federico assegut en la seva cadira de director.<\/p>\n<p><i>Retornar a la vida, aquest \u00e9s l&#8217;objectiu, ajudar a sortir del sofriment, de la rigidesa, del dubte, de la por i connectar amb l\u2019eros, amb l&#8217;exist\u00e8ncia, amb el m\u00f3n.<\/i><\/p>\n<p style=\"text-align: center;\"><i>Acci\u00f3!<\/i><\/p>\n<p style=\"text-align: right;\">\nDami\u00e1n Ruiz<\/p>\n<p style=\"text-align: right;\">Barcelona, 29 de Mar\u00e7, 2021<\/p>\n<p style=\"text-align: right;\">www.damianruiz.eu<\/p>\n","protected":false},"excerpt":{"rendered":"<p>Em pregunto quin sentit t\u00e9 aquest blog on se suposa que hauria d&#8217;escriure exclusivament sobre q\u00fcestions psicol\u00f2giques, especialment sobre aquells [&hellip;]<\/p>\n","protected":false},"author":4,"featured_media":882,"comment_status":"closed","ping_status":"closed","sticky":false,"template":"","format":"standard","meta":{"_uag_custom_page_level_css":"","site-sidebar-layout":"default","site-content-layout":"","ast-site-content-layout":"default","site-content-style":"default","site-sidebar-style":"default","ast-global-header-display":"","ast-banner-title-visibility":"","ast-main-header-display":"","ast-hfb-above-header-display":"","ast-hfb-below-header-display":"","ast-hfb-mobile-header-display":"","site-post-title":"","ast-breadcrumbs-content":"","ast-featured-img":"","footer-sml-layout":"","theme-transparent-header-meta":"","adv-header-id-meta":"","stick-header-meta":"","header-above-stick-meta":"","header-main-stick-meta":"","header-below-stick-meta":"","astra-migrate-meta-layouts":"default","ast-page-background-enabled":"default","ast-page-background-meta":{"desktop":{"background-color":"var(--ast-global-color-4)","background-image":"","background-repeat":"repeat","background-position":"center center","background-size":"auto","background-attachment":"scroll","background-type":"","background-media":"","overlay-type":"","overlay-color":"","overlay-opacity":"","overlay-gradient":""},"tablet":{"background-color":"","background-image":"","background-repeat":"repeat","background-position":"center center","background-size":"auto","background-attachment":"scroll","background-type":"","background-media":"","overlay-type":"","overlay-color":"","overlay-opacity":"","overlay-gradient":""},"mobile":{"background-color":"","background-image":"","background-repeat":"repeat","background-position":"center center","background-size":"auto","background-attachment":"scroll","background-type":"","background-media":"","overlay-type":"","overlay-color":"","overlay-opacity":"","overlay-gradient":""}},"ast-content-background-meta":{"desktop":{"background-color":"var(--ast-global-color-5)","background-image":"","background-repeat":"repeat","background-position":"center center","background-size":"auto","background-attachment":"scroll","background-type":"","background-media":"","overlay-type":"","overlay-color":"","overlay-opacity":"","overlay-gradient":""},"tablet":{"background-color":"var(--ast-global-color-5)","background-image":"","background-repeat":"repeat","background-position":"center center","background-size":"auto","background-attachment":"scroll","background-type":"","background-media":"","overlay-type":"","overlay-color":"","overlay-opacity":"","overlay-gradient":""},"mobile":{"background-color":"var(--ast-global-color-5)","background-image":"","background-repeat":"repeat","background-position":"center center","background-size":"auto","background-attachment":"scroll","background-type":"","background-media":"","overlay-type":"","overlay-color":"","overlay-opacity":"","overlay-gradient":""}},"footnotes":""},"categories":[],"tags":[],"class_list":["post-884","post","type-post","status-publish","format-standard","has-post-thumbnail","hentry"],"yoast_head":"<!-- This site is optimized with the Yoast SEO plugin v27.5 - https:\/\/yoast.com\/product\/yoast-seo-wordpress\/ -->\n<title>Tornar a Fellini - Dami\u00e1n Ruiz<\/title>\n<meta name=\"description\" content=\"Em pregunto quin sentit t\u00e9 aquest blog on se suposa que hauria d&#039;escriure exclusivament sobre q\u00fcestions psicol\u00f2giques, especialment...\" \/>\n<meta name=\"robots\" content=\"index, follow, max-snippet:-1, max-image-preview:large, max-video-preview:-1\" \/>\n<link rel=\"canonical\" href=\"https:\/\/damianruiz.eu\/ca\/tornar-a-fellini\/\" \/>\n<meta property=\"og:locale\" content=\"ca_ES\" \/>\n<meta property=\"og:type\" content=\"article\" \/>\n<meta property=\"og:title\" content=\"Tornar a Fellini - Dami\u00e1n Ruiz\" \/>\n<meta property=\"og:description\" content=\"Em pregunto quin sentit t\u00e9 aquest blog on se suposa que hauria d&#039;escriure exclusivament sobre q\u00fcestions psicol\u00f2giques, especialment...\" \/>\n<meta property=\"og:url\" content=\"https:\/\/damianruiz.eu\/ca\/tornar-a-fellini\/\" \/>\n<meta property=\"og:site_name\" content=\"Dami\u00e1n Ruiz\" \/>\n<meta property=\"article:published_time\" content=\"2021-04-01T10:02:53+00:00\" \/>\n<meta property=\"og:image\" content=\"https:\/\/damianruiz.eu\/wp-content\/uploads\/2021\/04\/fellini.png\" \/>\n\t<meta property=\"og:image:width\" content=\"752\" \/>\n\t<meta property=\"og:image:height\" content=\"432\" \/>\n\t<meta property=\"og:image:type\" content=\"image\/png\" \/>\n<meta name=\"author\" content=\"Dami\u00e1n Ruiz\" \/>\n<meta name=\"twitter:card\" content=\"summary_large_image\" \/>\n<meta name=\"twitter:label1\" content=\"Escrit per\" \/>\n\t<meta name=\"twitter:data1\" content=\"Dami\u00e1n Ruiz\" \/>\n\t<meta name=\"twitter:label2\" content=\"Temps estimat de lectura\" \/>\n\t<meta name=\"twitter:data2\" content=\"5 minuts\" \/>\n<script type=\"application\/ld+json\" class=\"yoast-schema-graph\">{\"@context\":\"https:\\\/\\\/schema.org\",\"@graph\":[{\"@type\":\"Article\",\"@id\":\"https:\\\/\\\/damianruiz.eu\\\/ca\\\/tornar-a-fellini\\\/#article\",\"isPartOf\":{\"@id\":\"https:\\\/\\\/damianruiz.eu\\\/ca\\\/tornar-a-fellini\\\/\"},\"author\":{\"name\":\"Dami\u00e1n Ruiz\",\"@id\":\"https:\\\/\\\/damianruiz.eu\\\/#\\\/schema\\\/person\\\/e4703116e00a576e1cfcea03de178c07\"},\"headline\":\"Tornar a Fellini\",\"datePublished\":\"2021-04-01T10:02:53+00:00\",\"mainEntityOfPage\":{\"@id\":\"https:\\\/\\\/damianruiz.eu\\\/ca\\\/tornar-a-fellini\\\/\"},\"wordCount\":1054,\"publisher\":{\"@id\":\"https:\\\/\\\/damianruiz.eu\\\/#organization\"},\"image\":{\"@id\":\"https:\\\/\\\/damianruiz.eu\\\/ca\\\/tornar-a-fellini\\\/#primaryimage\"},\"thumbnailUrl\":\"https:\\\/\\\/damianruiz.eu\\\/wp-content\\\/uploads\\\/2021\\\/04\\\/fellini.png\",\"inLanguage\":\"ca\"},{\"@type\":\"WebPage\",\"@id\":\"https:\\\/\\\/damianruiz.eu\\\/ca\\\/tornar-a-fellini\\\/\",\"url\":\"https:\\\/\\\/damianruiz.eu\\\/ca\\\/tornar-a-fellini\\\/\",\"name\":\"Tornar a Fellini - Dami\u00e1n Ruiz\",\"isPartOf\":{\"@id\":\"https:\\\/\\\/damianruiz.eu\\\/#website\"},\"primaryImageOfPage\":{\"@id\":\"https:\\\/\\\/damianruiz.eu\\\/ca\\\/tornar-a-fellini\\\/#primaryimage\"},\"image\":{\"@id\":\"https:\\\/\\\/damianruiz.eu\\\/ca\\\/tornar-a-fellini\\\/#primaryimage\"},\"thumbnailUrl\":\"https:\\\/\\\/damianruiz.eu\\\/wp-content\\\/uploads\\\/2021\\\/04\\\/fellini.png\",\"datePublished\":\"2021-04-01T10:02:53+00:00\",\"description\":\"Em pregunto quin sentit t\u00e9 aquest blog on se suposa que hauria d'escriure exclusivament sobre q\u00fcestions psicol\u00f2giques, especialment...\",\"breadcrumb\":{\"@id\":\"https:\\\/\\\/damianruiz.eu\\\/ca\\\/tornar-a-fellini\\\/#breadcrumb\"},\"inLanguage\":\"ca\",\"potentialAction\":[{\"@type\":\"ReadAction\",\"target\":[\"https:\\\/\\\/damianruiz.eu\\\/ca\\\/tornar-a-fellini\\\/\"]}]},{\"@type\":\"ImageObject\",\"inLanguage\":\"ca\",\"@id\":\"https:\\\/\\\/damianruiz.eu\\\/ca\\\/tornar-a-fellini\\\/#primaryimage\",\"url\":\"https:\\\/\\\/damianruiz.eu\\\/wp-content\\\/uploads\\\/2021\\\/04\\\/fellini.png\",\"contentUrl\":\"https:\\\/\\\/damianruiz.eu\\\/wp-content\\\/uploads\\\/2021\\\/04\\\/fellini.png\",\"width\":752,\"height\":432,\"caption\":\"fellini\"},{\"@type\":\"BreadcrumbList\",\"@id\":\"https:\\\/\\\/damianruiz.eu\\\/ca\\\/tornar-a-fellini\\\/#breadcrumb\",\"itemListElement\":[{\"@type\":\"ListItem\",\"position\":1,\"name\":\"Portada\",\"item\":\"https:\\\/\\\/damianruiz.eu\\\/ca\\\/\"},{\"@type\":\"ListItem\",\"position\":2,\"name\":\"Tornar a Fellini\"}]},{\"@type\":\"WebSite\",\"@id\":\"https:\\\/\\\/damianruiz.eu\\\/#website\",\"url\":\"https:\\\/\\\/damianruiz.eu\\\/\",\"name\":\"Dami\u00e1n Ruiz\",\"description\":\"Licenciado y Postgraduado en Psicolog\u00eda por la Universidad de Barcelona.\",\"publisher\":{\"@id\":\"https:\\\/\\\/damianruiz.eu\\\/#organization\"},\"potentialAction\":[{\"@type\":\"SearchAction\",\"target\":{\"@type\":\"EntryPoint\",\"urlTemplate\":\"https:\\\/\\\/damianruiz.eu\\\/?s={search_term_string}\"},\"query-input\":{\"@type\":\"PropertyValueSpecification\",\"valueRequired\":true,\"valueName\":\"search_term_string\"}}],\"inLanguage\":\"ca\"},{\"@type\":\"Organization\",\"@id\":\"https:\\\/\\\/damianruiz.eu\\\/#organization\",\"name\":\"Dami\u00e1n Ruiz\",\"url\":\"https:\\\/\\\/damianruiz.eu\\\/\",\"logo\":{\"@type\":\"ImageObject\",\"inLanguage\":\"ca\",\"@id\":\"https:\\\/\\\/damianruiz.eu\\\/#\\\/schema\\\/logo\\\/image\\\/\",\"url\":\"https:\\\/\\\/damianruiz.eu\\\/wp-content\\\/uploads\\\/2024\\\/04\\\/cropped-logo-2024-damian-ruiz-233.png\",\"contentUrl\":\"https:\\\/\\\/damianruiz.eu\\\/wp-content\\\/uploads\\\/2024\\\/04\\\/cropped-logo-2024-damian-ruiz-233.png\",\"width\":233,\"height\":60,\"caption\":\"Dami\u00e1n Ruiz\"},\"image\":{\"@id\":\"https:\\\/\\\/damianruiz.eu\\\/#\\\/schema\\\/logo\\\/image\\\/\"}},{\"@type\":\"Person\",\"@id\":\"https:\\\/\\\/damianruiz.eu\\\/#\\\/schema\\\/person\\\/e4703116e00a576e1cfcea03de178c07\",\"name\":\"Dami\u00e1n Ruiz\",\"url\":\"https:\\\/\\\/damianruiz.eu\\\/ca\\\/author\\\/damianruiz\\\/\"}]}<\/script>\n<!-- \/ Yoast SEO plugin. -->","yoast_head_json":{"title":"Tornar a Fellini - Dami\u00e1n Ruiz","description":"Em pregunto quin sentit t\u00e9 aquest blog on se suposa que hauria d'escriure exclusivament sobre q\u00fcestions psicol\u00f2giques, especialment...","robots":{"index":"index","follow":"follow","max-snippet":"max-snippet:-1","max-image-preview":"max-image-preview:large","max-video-preview":"max-video-preview:-1"},"canonical":"https:\/\/damianruiz.eu\/ca\/tornar-a-fellini\/","og_locale":"ca_ES","og_type":"article","og_title":"Tornar a Fellini - Dami\u00e1n Ruiz","og_description":"Em pregunto quin sentit t\u00e9 aquest blog on se suposa que hauria d'escriure exclusivament sobre q\u00fcestions psicol\u00f2giques, especialment...","og_url":"https:\/\/damianruiz.eu\/ca\/tornar-a-fellini\/","og_site_name":"Dami\u00e1n Ruiz","article_published_time":"2021-04-01T10:02:53+00:00","og_image":[{"width":752,"height":432,"url":"https:\/\/damianruiz.eu\/wp-content\/uploads\/2021\/04\/fellini.png","type":"image\/png"}],"author":"Dami\u00e1n Ruiz","twitter_card":"summary_large_image","twitter_misc":{"Escrit per":"Dami\u00e1n Ruiz","Temps estimat de lectura":"5 minuts"},"schema":{"@context":"https:\/\/schema.org","@graph":[{"@type":"Article","@id":"https:\/\/damianruiz.eu\/ca\/tornar-a-fellini\/#article","isPartOf":{"@id":"https:\/\/damianruiz.eu\/ca\/tornar-a-fellini\/"},"author":{"name":"Dami\u00e1n Ruiz","@id":"https:\/\/damianruiz.eu\/#\/schema\/person\/e4703116e00a576e1cfcea03de178c07"},"headline":"Tornar a Fellini","datePublished":"2021-04-01T10:02:53+00:00","mainEntityOfPage":{"@id":"https:\/\/damianruiz.eu\/ca\/tornar-a-fellini\/"},"wordCount":1054,"publisher":{"@id":"https:\/\/damianruiz.eu\/#organization"},"image":{"@id":"https:\/\/damianruiz.eu\/ca\/tornar-a-fellini\/#primaryimage"},"thumbnailUrl":"https:\/\/damianruiz.eu\/wp-content\/uploads\/2021\/04\/fellini.png","inLanguage":"ca"},{"@type":"WebPage","@id":"https:\/\/damianruiz.eu\/ca\/tornar-a-fellini\/","url":"https:\/\/damianruiz.eu\/ca\/tornar-a-fellini\/","name":"Tornar a Fellini - Dami\u00e1n Ruiz","isPartOf":{"@id":"https:\/\/damianruiz.eu\/#website"},"primaryImageOfPage":{"@id":"https:\/\/damianruiz.eu\/ca\/tornar-a-fellini\/#primaryimage"},"image":{"@id":"https:\/\/damianruiz.eu\/ca\/tornar-a-fellini\/#primaryimage"},"thumbnailUrl":"https:\/\/damianruiz.eu\/wp-content\/uploads\/2021\/04\/fellini.png","datePublished":"2021-04-01T10:02:53+00:00","description":"Em pregunto quin sentit t\u00e9 aquest blog on se suposa que hauria d'escriure exclusivament sobre q\u00fcestions psicol\u00f2giques, especialment...","breadcrumb":{"@id":"https:\/\/damianruiz.eu\/ca\/tornar-a-fellini\/#breadcrumb"},"inLanguage":"ca","potentialAction":[{"@type":"ReadAction","target":["https:\/\/damianruiz.eu\/ca\/tornar-a-fellini\/"]}]},{"@type":"ImageObject","inLanguage":"ca","@id":"https:\/\/damianruiz.eu\/ca\/tornar-a-fellini\/#primaryimage","url":"https:\/\/damianruiz.eu\/wp-content\/uploads\/2021\/04\/fellini.png","contentUrl":"https:\/\/damianruiz.eu\/wp-content\/uploads\/2021\/04\/fellini.png","width":752,"height":432,"caption":"fellini"},{"@type":"BreadcrumbList","@id":"https:\/\/damianruiz.eu\/ca\/tornar-a-fellini\/#breadcrumb","itemListElement":[{"@type":"ListItem","position":1,"name":"Portada","item":"https:\/\/damianruiz.eu\/ca\/"},{"@type":"ListItem","position":2,"name":"Tornar a Fellini"}]},{"@type":"WebSite","@id":"https:\/\/damianruiz.eu\/#website","url":"https:\/\/damianruiz.eu\/","name":"Dami\u00e1n Ruiz","description":"Licenciado y Postgraduado en Psicolog\u00eda por la Universidad de Barcelona.","publisher":{"@id":"https:\/\/damianruiz.eu\/#organization"},"potentialAction":[{"@type":"SearchAction","target":{"@type":"EntryPoint","urlTemplate":"https:\/\/damianruiz.eu\/?s={search_term_string}"},"query-input":{"@type":"PropertyValueSpecification","valueRequired":true,"valueName":"search_term_string"}}],"inLanguage":"ca"},{"@type":"Organization","@id":"https:\/\/damianruiz.eu\/#organization","name":"Dami\u00e1n Ruiz","url":"https:\/\/damianruiz.eu\/","logo":{"@type":"ImageObject","inLanguage":"ca","@id":"https:\/\/damianruiz.eu\/#\/schema\/logo\/image\/","url":"https:\/\/damianruiz.eu\/wp-content\/uploads\/2024\/04\/cropped-logo-2024-damian-ruiz-233.png","contentUrl":"https:\/\/damianruiz.eu\/wp-content\/uploads\/2024\/04\/cropped-logo-2024-damian-ruiz-233.png","width":233,"height":60,"caption":"Dami\u00e1n Ruiz"},"image":{"@id":"https:\/\/damianruiz.eu\/#\/schema\/logo\/image\/"}},{"@type":"Person","@id":"https:\/\/damianruiz.eu\/#\/schema\/person\/e4703116e00a576e1cfcea03de178c07","name":"Dami\u00e1n Ruiz","url":"https:\/\/damianruiz.eu\/ca\/author\/damianruiz\/"}]}},"uagb_featured_image_src":{"full":["https:\/\/damianruiz.eu\/wp-content\/uploads\/2021\/04\/fellini.png",752,432,false],"thumbnail":["https:\/\/damianruiz.eu\/wp-content\/uploads\/2021\/04\/fellini-150x150.png",150,150,true],"medium":["https:\/\/damianruiz.eu\/wp-content\/uploads\/2021\/04\/fellini-300x172.png",300,172,true],"medium_large":["https:\/\/damianruiz.eu\/wp-content\/uploads\/2021\/04\/fellini.png",752,432,false],"large":["https:\/\/damianruiz.eu\/wp-content\/uploads\/2021\/04\/fellini.png",752,432,false],"1536x1536":["https:\/\/damianruiz.eu\/wp-content\/uploads\/2021\/04\/fellini.png",752,432,false],"2048x2048":["https:\/\/damianruiz.eu\/wp-content\/uploads\/2021\/04\/fellini.png",752,432,false]},"uagb_author_info":{"display_name":"Dami\u00e1n Ruiz","author_link":"https:\/\/damianruiz.eu\/ca\/author\/damianruiz\/"},"uagb_comment_info":0,"uagb_excerpt":"Em pregunto quin sentit t\u00e9 aquest blog on se suposa que hauria d&#8217;escriure exclusivament sobre q\u00fcestions psicol\u00f2giques, especialment sobre aquells [&hellip;]","_links":{"self":[{"href":"https:\/\/damianruiz.eu\/ca\/wp-json\/wp\/v2\/posts\/884","targetHints":{"allow":["GET"]}}],"collection":[{"href":"https:\/\/damianruiz.eu\/ca\/wp-json\/wp\/v2\/posts"}],"about":[{"href":"https:\/\/damianruiz.eu\/ca\/wp-json\/wp\/v2\/types\/post"}],"author":[{"embeddable":true,"href":"https:\/\/damianruiz.eu\/ca\/wp-json\/wp\/v2\/users\/4"}],"replies":[{"embeddable":true,"href":"https:\/\/damianruiz.eu\/ca\/wp-json\/wp\/v2\/comments?post=884"}],"version-history":[{"count":1,"href":"https:\/\/damianruiz.eu\/ca\/wp-json\/wp\/v2\/posts\/884\/revisions"}],"predecessor-version":[{"id":885,"href":"https:\/\/damianruiz.eu\/ca\/wp-json\/wp\/v2\/posts\/884\/revisions\/885"}],"wp:featuredmedia":[{"embeddable":true,"href":"https:\/\/damianruiz.eu\/ca\/wp-json\/wp\/v2\/media\/882"}],"wp:attachment":[{"href":"https:\/\/damianruiz.eu\/ca\/wp-json\/wp\/v2\/media?parent=884"}],"wp:term":[{"taxonomy":"category","embeddable":true,"href":"https:\/\/damianruiz.eu\/ca\/wp-json\/wp\/v2\/categories?post=884"},{"taxonomy":"post_tag","embeddable":true,"href":"https:\/\/damianruiz.eu\/ca\/wp-json\/wp\/v2\/tags?post=884"}],"curies":[{"name":"wp","href":"https:\/\/api.w.org\/{rel}","templated":true}]}}