{"id":891,"date":"2021-04-22T20:46:44","date_gmt":"2021-04-22T20:46:44","guid":{"rendered":"https:\/\/damianruiz.eu\/2024\/?p=891"},"modified":"2021-04-22T20:46:44","modified_gmt":"2021-04-22T20:46:44","slug":"les-abracades","status":"publish","type":"post","link":"https:\/\/damianruiz.eu\/ca\/les-abracades\/","title":{"rendered":"Les abra\u00e7ades"},"content":{"rendered":"<p>Comen\u00e7o aquest article al ritme d&#8217;un tema d&#8217;Alexandre Desplat (Par\u00eds, 1961), compositor de bandes sonores de pel\u00b7l\u00edcules. M&#8217;agrada acompanyar-me de la m\u00fasica quan escric, a vegades penso que s\u00f3c un mer transcriptor de notes, i fins i tot puc repetir alguns fragments fins que acabo de redactar.<\/p>\n<p>Les abra\u00e7ades, aquest gest que acompanya les nostres vides i que, en un percentatge elevad\u00edssim, estan vinculats a l&#8217;afecte, a l&#8217;amor i de forma molt particular i puntual, al desig.<\/p>\n<p>Encara que en la nostra hist\u00e8rica societat cada vegada m\u00e9s es limita i es prohibeix la tendresa perqu\u00e8 tot ho hem vinculat al sexe i, per tant, les abra\u00e7ades que en uns altres temps, en altres societats, eren tan imprescindibles en el quotidi\u00e0, ara s\u00f3n susceptibles de valoraci\u00f3.<\/p>\n<p>Abra\u00e7ar nom\u00e9s s&#8217;hauria de fer, en els casos no protocol\u00b7laris, quan ho sentim. I no sempre ho sentim, i no podem voler a tots, per molt que romanguin o hagin rom\u00e0s en les nostres vides. I en canvi alg\u00fa ens commou, pel seu dolor, pel seu esfor\u00e7, per la seva generositat, per la seva bondat, i una cosa instintiva i emocional ens porta a voler abra\u00e7ar-li.<\/p>\n<p>En envoltar el cos de l&#8217;altra persona, afirmem, vinculem, asserenem, obrim, compartim, estimem, des del m\u00e9s tendre o des del m\u00e9s fort, i tamb\u00e9 ens arquetipem i arquetipem a l&#8217;altre. Som per un moment pare-fill\/a, mare-filla\/o, germans, rei i pr\u00edncep, reconeixedor i reconegut, cuidador i cuidat, membre del clan que integra a un altre. En fer aquest gest calmem el sistema nervi\u00f3s de tots dos, millorem el nostre immunol\u00f2gic (endorfines) i sentim que aquesta unitat at\u00f2mica en la qual ens volen convertir, unitat de consum amb tots els drets afegits, es transforma en persona.<\/p>\n<p>Hi ha a qui no hem pogut abra\u00e7ar mai, no ho sentim, fins i tot en alguna ocasi\u00f3 se&#8217;ns sol\u00b7licita, i encara aix\u00ed&#8230; \u00c9s un acte tan necess\u00e0riament natural que \u00e9s dif\u00edcil pertorbar-lo.<\/p>\n<p>En canvi cap a uns altres flueix d&#8217;una manera tan f\u00e0cil, tan espontani, que podr\u00edem romandre molt de temps si no fos perqu\u00e8 genera cert rubor o perqu\u00e8 el fantasma de \u201clo sexual\u201d comen\u00e7a a presentar-se com a temor, infundat per descomptat.<\/p>\n<p>Quan la por no havia enva\u00eft els nostres costums, perqu\u00e8 la gent no confonia i sabia distingir clarament l&#8217;afecte i la tendresa de l&#8217;atracci\u00f3, i podies veure pels carrers de les ciutats, especialment del sud d&#8217;Europa, grups d&#8217;amics agafats per les espatlles, o d&#8217;amigues amb els bra\u00e7os entrella\u00e7ats, l&#8217;abra\u00e7ada era un gest molt quotidi\u00e0, fins a tal punt que ning\u00fa s&#8217;impacientava si s&#8217;allargava excessivament. No apareixien les idees de \u201ca veure si pensa que m&#8217;agrada!\u201d, \u201ca veure si \u00e9s que li agrado!\u201d, o la m\u00e9s neur\u00f2tica de totes \u201cm&#8217;estar\u00e0 agradant?\u201d.<\/p>\n<p>L&#8217;espontane\u00eftat prevalia i els afectes es repartien de manera molt m\u00e9s relaxada.<\/p>\n<p>Hi ha molt de trajecte de l&#8217;afecte al sexe, i si ens confonem o ens inhibim relegarem l&#8217;afecte a un pla gaireb\u00e9 invisible, i tot ser\u00e0 \u201cpossiblement\u201d sexe, i ens mirarem amb desconfian\u00e7a. Serem purament as\u00e8ptics i solitaris.<\/p>\n<p>I res ens ha de portar a una abra\u00e7ada no sentida m\u00e9s que la dels copets a l&#8217;esquena de rigor. Alguna cosa que procuro no fer, tret que sigui inevitable.<\/p>\n<p><i>-Un par\u00e8ntesi, \u00e9s necessari xocar els colzes per a recon\u00e8ixer a l&#8217;altre? Aquest gest propi de futbolistes suats i que s&#8217;ha est\u00e8s durant la pand\u00e8mia el considero no menys absurd que si hagu\u00e9ssim decidit \u201cclicar-li\u201d el melic en espera d&#8217;una salutaci\u00f3.<\/i><\/p>\n<p><i>Quan ens descuidem baixem un grau en el proc\u00e9s de civilitzaci\u00f3.-<\/i><\/p>\n<p>He sentit el plor inesperat d&#8217;algunes persones en ser abra\u00e7ades i no per cap succ\u00e9s greu, sin\u00f3 per l&#8217;extrema contenci\u00f3 i rigidesa al qual tenien sotm\u00e8s el seu m\u00f3n emocional, i he percebut com aquest simple gest distensiona i alleuja.<\/p>\n<p>Per\u00f2 l&#8217;abra\u00e7ada per a ser aut\u00e8ntica ha d&#8217;estar desprove\u00efda de dubtes i, en canvi, plena d&#8217;afecte. I romandre. La perman\u00e8ncia \u00e9s el que permet generar una funci\u00f3 guaridora i reconfortant, \u00e9s una forma de comunicaci\u00f3 dels nostres cervells primitius i del nostre sistema l\u00edmbic, moltes vegades no comprensible per la ra\u00f3 per\u00f2 prou intensa com perqu\u00e8 l&#8217;altra persona senti un profund alleujament o una forta reconnexi\u00f3.<\/p>\n<p>Aquest \u00e9s un gest compartit en el qual els participants, siguin dos o un equip victori\u00f3s, el senten de manera aut\u00e8ntica, d&#8217;una altra manera no pot ser.<\/p>\n<p>La hist\u00e8ria i la solitud s&#8217;imposen per\u00f2 hem de ser m\u00e9s fortes i capaces d&#8217;abra\u00e7ar-nos<i> (quan sortim de la pand\u00e8mia i els \u00e0rbitres de la llibertat ens permetin tornar a viure).<\/i><\/p>\n<p style=\"text-align: right;\">\nDami\u00e1n Ruiz<\/p>\n<p style=\"text-align: right;\">Barcelona, 22 d&#8217;Abril, 2021<\/p>\n<p style=\"text-align: right;\">www.damianruiz.eu<\/p>\n","protected":false},"excerpt":{"rendered":"<p>Comen\u00e7o aquest article al ritme d&#8217;un tema d&#8217;Alexandre Desplat (Par\u00eds, 1961), compositor de bandes sonores de pel\u00b7l\u00edcules. M&#8217;agrada acompanyar-me de [&hellip;]<\/p>\n","protected":false},"author":4,"featured_media":889,"comment_status":"closed","ping_status":"closed","sticky":false,"template":"","format":"standard","meta":{"_uag_custom_page_level_css":"","site-sidebar-layout":"default","site-content-layout":"","ast-site-content-layout":"default","site-content-style":"default","site-sidebar-style":"default","ast-global-header-display":"","ast-banner-title-visibility":"","ast-main-header-display":"","ast-hfb-above-header-display":"","ast-hfb-below-header-display":"","ast-hfb-mobile-header-display":"","site-post-title":"","ast-breadcrumbs-content":"","ast-featured-img":"","footer-sml-layout":"","theme-transparent-header-meta":"","adv-header-id-meta":"","stick-header-meta":"","header-above-stick-meta":"","header-main-stick-meta":"","header-below-stick-meta":"","astra-migrate-meta-layouts":"default","ast-page-background-enabled":"default","ast-page-background-meta":{"desktop":{"background-color":"var(--ast-global-color-4)","background-image":"","background-repeat":"repeat","background-position":"center center","background-size":"auto","background-attachment":"scroll","background-type":"","background-media":"","overlay-type":"","overlay-color":"","overlay-opacity":"","overlay-gradient":""},"tablet":{"background-color":"","background-image":"","background-repeat":"repeat","background-position":"center center","background-size":"auto","background-attachment":"scroll","background-type":"","background-media":"","overlay-type":"","overlay-color":"","overlay-opacity":"","overlay-gradient":""},"mobile":{"background-color":"","background-image":"","background-repeat":"repeat","background-position":"center center","background-size":"auto","background-attachment":"scroll","background-type":"","background-media":"","overlay-type":"","overlay-color":"","overlay-opacity":"","overlay-gradient":""}},"ast-content-background-meta":{"desktop":{"background-color":"var(--ast-global-color-5)","background-image":"","background-repeat":"repeat","background-position":"center center","background-size":"auto","background-attachment":"scroll","background-type":"","background-media":"","overlay-type":"","overlay-color":"","overlay-opacity":"","overlay-gradient":""},"tablet":{"background-color":"var(--ast-global-color-5)","background-image":"","background-repeat":"repeat","background-position":"center center","background-size":"auto","background-attachment":"scroll","background-type":"","background-media":"","overlay-type":"","overlay-color":"","overlay-opacity":"","overlay-gradient":""},"mobile":{"background-color":"var(--ast-global-color-5)","background-image":"","background-repeat":"repeat","background-position":"center center","background-size":"auto","background-attachment":"scroll","background-type":"","background-media":"","overlay-type":"","overlay-color":"","overlay-opacity":"","overlay-gradient":""}},"footnotes":""},"categories":[],"tags":[],"class_list":["post-891","post","type-post","status-publish","format-standard","has-post-thumbnail","hentry"],"yoast_head":"<!-- This site is optimized with the Yoast SEO plugin v27.5 - https:\/\/yoast.com\/product\/yoast-seo-wordpress\/ -->\n<title>Les abra\u00e7ades - Dami\u00e1n Ruiz<\/title>\n<meta name=\"description\" content=\"Comen\u00e7o aquest article al ritme d&#039;un tema d&#039;Alexandre Desplat (Par\u00eds, 1961), compositor de bandes sonores de pel\u00b7l\u00edcules. M&#039;agrada...\" \/>\n<meta name=\"robots\" content=\"index, follow, max-snippet:-1, max-image-preview:large, max-video-preview:-1\" \/>\n<link rel=\"canonical\" href=\"https:\/\/damianruiz.eu\/ca\/les-abracades\/\" \/>\n<meta property=\"og:locale\" content=\"ca_ES\" \/>\n<meta property=\"og:type\" content=\"article\" \/>\n<meta property=\"og:title\" content=\"Les abra\u00e7ades - Dami\u00e1n Ruiz\" \/>\n<meta property=\"og:description\" content=\"Comen\u00e7o aquest article al ritme d&#039;un tema d&#039;Alexandre Desplat (Par\u00eds, 1961), compositor de bandes sonores de pel\u00b7l\u00edcules. M&#039;agrada...\" \/>\n<meta property=\"og:url\" content=\"https:\/\/damianruiz.eu\/ca\/les-abracades\/\" \/>\n<meta property=\"og:site_name\" content=\"Dami\u00e1n Ruiz\" \/>\n<meta property=\"article:published_time\" content=\"2021-04-22T20:46:44+00:00\" \/>\n<meta property=\"og:image\" content=\"https:\/\/damianruiz.eu\/wp-content\/uploads\/2021\/04\/abrazos-min.jpg\" \/>\n\t<meta property=\"og:image:width\" content=\"1280\" \/>\n\t<meta property=\"og:image:height\" content=\"980\" \/>\n\t<meta property=\"og:image:type\" content=\"image\/jpeg\" \/>\n<meta name=\"author\" content=\"Dami\u00e1n Ruiz\" \/>\n<meta name=\"twitter:card\" content=\"summary_large_image\" \/>\n<meta name=\"twitter:label1\" content=\"Escrit per\" \/>\n\t<meta name=\"twitter:data1\" content=\"Dami\u00e1n Ruiz\" \/>\n\t<meta name=\"twitter:label2\" content=\"Temps estimat de lectura\" \/>\n\t<meta name=\"twitter:data2\" content=\"4 minuts\" \/>\n<script type=\"application\/ld+json\" class=\"yoast-schema-graph\">{\"@context\":\"https:\\\/\\\/schema.org\",\"@graph\":[{\"@type\":\"Article\",\"@id\":\"https:\\\/\\\/damianruiz.eu\\\/ca\\\/les-abracades\\\/#article\",\"isPartOf\":{\"@id\":\"https:\\\/\\\/damianruiz.eu\\\/ca\\\/les-abracades\\\/\"},\"author\":{\"name\":\"Dami\u00e1n Ruiz\",\"@id\":\"https:\\\/\\\/damianruiz.eu\\\/#\\\/schema\\\/person\\\/e4703116e00a576e1cfcea03de178c07\"},\"headline\":\"Les abra\u00e7ades\",\"datePublished\":\"2021-04-22T20:46:44+00:00\",\"mainEntityOfPage\":{\"@id\":\"https:\\\/\\\/damianruiz.eu\\\/ca\\\/les-abracades\\\/\"},\"wordCount\":859,\"publisher\":{\"@id\":\"https:\\\/\\\/damianruiz.eu\\\/#organization\"},\"image\":{\"@id\":\"https:\\\/\\\/damianruiz.eu\\\/ca\\\/les-abracades\\\/#primaryimage\"},\"thumbnailUrl\":\"https:\\\/\\\/damianruiz.eu\\\/wp-content\\\/uploads\\\/2021\\\/04\\\/abrazos-min.jpg\",\"inLanguage\":\"ca\"},{\"@type\":\"WebPage\",\"@id\":\"https:\\\/\\\/damianruiz.eu\\\/ca\\\/les-abracades\\\/\",\"url\":\"https:\\\/\\\/damianruiz.eu\\\/ca\\\/les-abracades\\\/\",\"name\":\"Les abra\u00e7ades - Dami\u00e1n Ruiz\",\"isPartOf\":{\"@id\":\"https:\\\/\\\/damianruiz.eu\\\/#website\"},\"primaryImageOfPage\":{\"@id\":\"https:\\\/\\\/damianruiz.eu\\\/ca\\\/les-abracades\\\/#primaryimage\"},\"image\":{\"@id\":\"https:\\\/\\\/damianruiz.eu\\\/ca\\\/les-abracades\\\/#primaryimage\"},\"thumbnailUrl\":\"https:\\\/\\\/damianruiz.eu\\\/wp-content\\\/uploads\\\/2021\\\/04\\\/abrazos-min.jpg\",\"datePublished\":\"2021-04-22T20:46:44+00:00\",\"description\":\"Comen\u00e7o aquest article al ritme d'un tema d'Alexandre Desplat (Par\u00eds, 1961), compositor de bandes sonores de pel\u00b7l\u00edcules. M'agrada...\",\"breadcrumb\":{\"@id\":\"https:\\\/\\\/damianruiz.eu\\\/ca\\\/les-abracades\\\/#breadcrumb\"},\"inLanguage\":\"ca\",\"potentialAction\":[{\"@type\":\"ReadAction\",\"target\":[\"https:\\\/\\\/damianruiz.eu\\\/ca\\\/les-abracades\\\/\"]}]},{\"@type\":\"ImageObject\",\"inLanguage\":\"ca\",\"@id\":\"https:\\\/\\\/damianruiz.eu\\\/ca\\\/les-abracades\\\/#primaryimage\",\"url\":\"https:\\\/\\\/damianruiz.eu\\\/wp-content\\\/uploads\\\/2021\\\/04\\\/abrazos-min.jpg\",\"contentUrl\":\"https:\\\/\\\/damianruiz.eu\\\/wp-content\\\/uploads\\\/2021\\\/04\\\/abrazos-min.jpg\",\"width\":1280,\"height\":980,\"caption\":\"abrazos\"},{\"@type\":\"BreadcrumbList\",\"@id\":\"https:\\\/\\\/damianruiz.eu\\\/ca\\\/les-abracades\\\/#breadcrumb\",\"itemListElement\":[{\"@type\":\"ListItem\",\"position\":1,\"name\":\"Portada\",\"item\":\"https:\\\/\\\/damianruiz.eu\\\/ca\\\/\"},{\"@type\":\"ListItem\",\"position\":2,\"name\":\"Les abra\u00e7ades\"}]},{\"@type\":\"WebSite\",\"@id\":\"https:\\\/\\\/damianruiz.eu\\\/#website\",\"url\":\"https:\\\/\\\/damianruiz.eu\\\/\",\"name\":\"Dami\u00e1n Ruiz\",\"description\":\"Licenciado y Postgraduado en Psicolog\u00eda por la Universidad de Barcelona.\",\"publisher\":{\"@id\":\"https:\\\/\\\/damianruiz.eu\\\/#organization\"},\"potentialAction\":[{\"@type\":\"SearchAction\",\"target\":{\"@type\":\"EntryPoint\",\"urlTemplate\":\"https:\\\/\\\/damianruiz.eu\\\/?s={search_term_string}\"},\"query-input\":{\"@type\":\"PropertyValueSpecification\",\"valueRequired\":true,\"valueName\":\"search_term_string\"}}],\"inLanguage\":\"ca\"},{\"@type\":\"Organization\",\"@id\":\"https:\\\/\\\/damianruiz.eu\\\/#organization\",\"name\":\"Dami\u00e1n Ruiz\",\"url\":\"https:\\\/\\\/damianruiz.eu\\\/\",\"logo\":{\"@type\":\"ImageObject\",\"inLanguage\":\"ca\",\"@id\":\"https:\\\/\\\/damianruiz.eu\\\/#\\\/schema\\\/logo\\\/image\\\/\",\"url\":\"https:\\\/\\\/damianruiz.eu\\\/wp-content\\\/uploads\\\/2024\\\/04\\\/cropped-logo-2024-damian-ruiz-233.png\",\"contentUrl\":\"https:\\\/\\\/damianruiz.eu\\\/wp-content\\\/uploads\\\/2024\\\/04\\\/cropped-logo-2024-damian-ruiz-233.png\",\"width\":233,\"height\":60,\"caption\":\"Dami\u00e1n Ruiz\"},\"image\":{\"@id\":\"https:\\\/\\\/damianruiz.eu\\\/#\\\/schema\\\/logo\\\/image\\\/\"}},{\"@type\":\"Person\",\"@id\":\"https:\\\/\\\/damianruiz.eu\\\/#\\\/schema\\\/person\\\/e4703116e00a576e1cfcea03de178c07\",\"name\":\"Dami\u00e1n Ruiz\",\"url\":\"https:\\\/\\\/damianruiz.eu\\\/ca\\\/author\\\/damianruiz\\\/\"}]}<\/script>\n<!-- \/ Yoast SEO plugin. -->","yoast_head_json":{"title":"Les abra\u00e7ades - Dami\u00e1n Ruiz","description":"Comen\u00e7o aquest article al ritme d'un tema d'Alexandre Desplat (Par\u00eds, 1961), compositor de bandes sonores de pel\u00b7l\u00edcules. M'agrada...","robots":{"index":"index","follow":"follow","max-snippet":"max-snippet:-1","max-image-preview":"max-image-preview:large","max-video-preview":"max-video-preview:-1"},"canonical":"https:\/\/damianruiz.eu\/ca\/les-abracades\/","og_locale":"ca_ES","og_type":"article","og_title":"Les abra\u00e7ades - Dami\u00e1n Ruiz","og_description":"Comen\u00e7o aquest article al ritme d'un tema d'Alexandre Desplat (Par\u00eds, 1961), compositor de bandes sonores de pel\u00b7l\u00edcules. M'agrada...","og_url":"https:\/\/damianruiz.eu\/ca\/les-abracades\/","og_site_name":"Dami\u00e1n Ruiz","article_published_time":"2021-04-22T20:46:44+00:00","og_image":[{"width":1280,"height":980,"url":"https:\/\/damianruiz.eu\/wp-content\/uploads\/2021\/04\/abrazos-min.jpg","type":"image\/jpeg"}],"author":"Dami\u00e1n Ruiz","twitter_card":"summary_large_image","twitter_misc":{"Escrit per":"Dami\u00e1n Ruiz","Temps estimat de lectura":"4 minuts"},"schema":{"@context":"https:\/\/schema.org","@graph":[{"@type":"Article","@id":"https:\/\/damianruiz.eu\/ca\/les-abracades\/#article","isPartOf":{"@id":"https:\/\/damianruiz.eu\/ca\/les-abracades\/"},"author":{"name":"Dami\u00e1n Ruiz","@id":"https:\/\/damianruiz.eu\/#\/schema\/person\/e4703116e00a576e1cfcea03de178c07"},"headline":"Les abra\u00e7ades","datePublished":"2021-04-22T20:46:44+00:00","mainEntityOfPage":{"@id":"https:\/\/damianruiz.eu\/ca\/les-abracades\/"},"wordCount":859,"publisher":{"@id":"https:\/\/damianruiz.eu\/#organization"},"image":{"@id":"https:\/\/damianruiz.eu\/ca\/les-abracades\/#primaryimage"},"thumbnailUrl":"https:\/\/damianruiz.eu\/wp-content\/uploads\/2021\/04\/abrazos-min.jpg","inLanguage":"ca"},{"@type":"WebPage","@id":"https:\/\/damianruiz.eu\/ca\/les-abracades\/","url":"https:\/\/damianruiz.eu\/ca\/les-abracades\/","name":"Les abra\u00e7ades - Dami\u00e1n Ruiz","isPartOf":{"@id":"https:\/\/damianruiz.eu\/#website"},"primaryImageOfPage":{"@id":"https:\/\/damianruiz.eu\/ca\/les-abracades\/#primaryimage"},"image":{"@id":"https:\/\/damianruiz.eu\/ca\/les-abracades\/#primaryimage"},"thumbnailUrl":"https:\/\/damianruiz.eu\/wp-content\/uploads\/2021\/04\/abrazos-min.jpg","datePublished":"2021-04-22T20:46:44+00:00","description":"Comen\u00e7o aquest article al ritme d'un tema d'Alexandre Desplat (Par\u00eds, 1961), compositor de bandes sonores de pel\u00b7l\u00edcules. M'agrada...","breadcrumb":{"@id":"https:\/\/damianruiz.eu\/ca\/les-abracades\/#breadcrumb"},"inLanguage":"ca","potentialAction":[{"@type":"ReadAction","target":["https:\/\/damianruiz.eu\/ca\/les-abracades\/"]}]},{"@type":"ImageObject","inLanguage":"ca","@id":"https:\/\/damianruiz.eu\/ca\/les-abracades\/#primaryimage","url":"https:\/\/damianruiz.eu\/wp-content\/uploads\/2021\/04\/abrazos-min.jpg","contentUrl":"https:\/\/damianruiz.eu\/wp-content\/uploads\/2021\/04\/abrazos-min.jpg","width":1280,"height":980,"caption":"abrazos"},{"@type":"BreadcrumbList","@id":"https:\/\/damianruiz.eu\/ca\/les-abracades\/#breadcrumb","itemListElement":[{"@type":"ListItem","position":1,"name":"Portada","item":"https:\/\/damianruiz.eu\/ca\/"},{"@type":"ListItem","position":2,"name":"Les abra\u00e7ades"}]},{"@type":"WebSite","@id":"https:\/\/damianruiz.eu\/#website","url":"https:\/\/damianruiz.eu\/","name":"Dami\u00e1n Ruiz","description":"Licenciado y Postgraduado en Psicolog\u00eda por la Universidad de Barcelona.","publisher":{"@id":"https:\/\/damianruiz.eu\/#organization"},"potentialAction":[{"@type":"SearchAction","target":{"@type":"EntryPoint","urlTemplate":"https:\/\/damianruiz.eu\/?s={search_term_string}"},"query-input":{"@type":"PropertyValueSpecification","valueRequired":true,"valueName":"search_term_string"}}],"inLanguage":"ca"},{"@type":"Organization","@id":"https:\/\/damianruiz.eu\/#organization","name":"Dami\u00e1n Ruiz","url":"https:\/\/damianruiz.eu\/","logo":{"@type":"ImageObject","inLanguage":"ca","@id":"https:\/\/damianruiz.eu\/#\/schema\/logo\/image\/","url":"https:\/\/damianruiz.eu\/wp-content\/uploads\/2024\/04\/cropped-logo-2024-damian-ruiz-233.png","contentUrl":"https:\/\/damianruiz.eu\/wp-content\/uploads\/2024\/04\/cropped-logo-2024-damian-ruiz-233.png","width":233,"height":60,"caption":"Dami\u00e1n Ruiz"},"image":{"@id":"https:\/\/damianruiz.eu\/#\/schema\/logo\/image\/"}},{"@type":"Person","@id":"https:\/\/damianruiz.eu\/#\/schema\/person\/e4703116e00a576e1cfcea03de178c07","name":"Dami\u00e1n Ruiz","url":"https:\/\/damianruiz.eu\/ca\/author\/damianruiz\/"}]}},"uagb_featured_image_src":{"full":["https:\/\/damianruiz.eu\/wp-content\/uploads\/2021\/04\/abrazos-min.jpg",1280,980,false],"thumbnail":["https:\/\/damianruiz.eu\/wp-content\/uploads\/2021\/04\/abrazos-min-150x150.jpg",150,150,true],"medium":["https:\/\/damianruiz.eu\/wp-content\/uploads\/2021\/04\/abrazos-min-300x230.jpg",300,230,true],"medium_large":["https:\/\/damianruiz.eu\/wp-content\/uploads\/2021\/04\/abrazos-min-768x588.jpg",768,588,true],"large":["https:\/\/damianruiz.eu\/wp-content\/uploads\/2021\/04\/abrazos-min-1024x784.jpg",1024,784,true],"1536x1536":["https:\/\/damianruiz.eu\/wp-content\/uploads\/2021\/04\/abrazos-min.jpg",1280,980,false],"2048x2048":["https:\/\/damianruiz.eu\/wp-content\/uploads\/2021\/04\/abrazos-min.jpg",1280,980,false]},"uagb_author_info":{"display_name":"Dami\u00e1n Ruiz","author_link":"https:\/\/damianruiz.eu\/ca\/author\/damianruiz\/"},"uagb_comment_info":0,"uagb_excerpt":"Comen\u00e7o aquest article al ritme d&#8217;un tema d&#8217;Alexandre Desplat (Par\u00eds, 1961), compositor de bandes sonores de pel\u00b7l\u00edcules. M&#8217;agrada acompanyar-me de [&hellip;]","_links":{"self":[{"href":"https:\/\/damianruiz.eu\/ca\/wp-json\/wp\/v2\/posts\/891","targetHints":{"allow":["GET"]}}],"collection":[{"href":"https:\/\/damianruiz.eu\/ca\/wp-json\/wp\/v2\/posts"}],"about":[{"href":"https:\/\/damianruiz.eu\/ca\/wp-json\/wp\/v2\/types\/post"}],"author":[{"embeddable":true,"href":"https:\/\/damianruiz.eu\/ca\/wp-json\/wp\/v2\/users\/4"}],"replies":[{"embeddable":true,"href":"https:\/\/damianruiz.eu\/ca\/wp-json\/wp\/v2\/comments?post=891"}],"version-history":[{"count":1,"href":"https:\/\/damianruiz.eu\/ca\/wp-json\/wp\/v2\/posts\/891\/revisions"}],"predecessor-version":[{"id":892,"href":"https:\/\/damianruiz.eu\/ca\/wp-json\/wp\/v2\/posts\/891\/revisions\/892"}],"wp:featuredmedia":[{"embeddable":true,"href":"https:\/\/damianruiz.eu\/ca\/wp-json\/wp\/v2\/media\/889"}],"wp:attachment":[{"href":"https:\/\/damianruiz.eu\/ca\/wp-json\/wp\/v2\/media?parent=891"}],"wp:term":[{"taxonomy":"category","embeddable":true,"href":"https:\/\/damianruiz.eu\/ca\/wp-json\/wp\/v2\/categories?post=891"},{"taxonomy":"post_tag","embeddable":true,"href":"https:\/\/damianruiz.eu\/ca\/wp-json\/wp\/v2\/tags?post=891"}],"curies":[{"name":"wp","href":"https:\/\/api.w.org\/{rel}","templated":true}]}}