{"id":1043,"date":"2021-06-03T14:47:06","date_gmt":"2021-06-03T14:47:06","guid":{"rendered":"https:\/\/damianruiz.eu\/?p=1043"},"modified":"2021-06-03T14:47:23","modified_gmt":"2021-06-03T14:47:23","slug":"liza-minnelli-et-le-fromage","status":"publish","type":"post","link":"https:\/\/damianruiz.eu\/fr\/liza-minnelli-et-le-fromage\/","title":{"rendered":"Liza Minnelli et le fromage"},"content":{"rendered":"<p><span style=\"font-weight: 400;\">Au cours de l&rsquo;\u00e9t\u00e9 2016, Liza Minnelli, la chanteuse et actrice am\u00e9ricaine, a donn\u00e9 un concert au festival Cap Roig qui se tient chaque ann\u00e9e \u00e0 Calella de Palafrugell, l&rsquo;un des plus beaux villages de la Costa Brava.<\/span><\/p>\n<p><span style=\"font-weight: 400;\">J&rsquo;ai toujours \u00e9t\u00e9 un admirateur, et quelque peu mythomane, de ces figures stellaires du show-business, surtout am\u00e9ricain, -mais pas seulement-, je n&rsquo;ai pas h\u00e9sit\u00e9 \u00e0 acheter des billets pour le concert, et nous \u00e9tions l\u00e0, ma femme et moi, pas dans les premiers rangs car ces \u00e9v\u00e9nements sont faits, principalement, pour la bourgeoisie catalane qui habite ces lieux pendant la saison estivale, et les prix sont assez prohibitifs.<\/span><\/p>\n<p><span style=\"font-weight: 400;\">Une bourgeoisie qui, comme nous le savons tous, vit dans des conditions pr\u00e9caires en raison des subventions andalouses et des autoroutes sans p\u00e9age dont disposent les habitants de Castille-La Manche, entre autres griefs.<\/span><\/p>\n<p><span style=\"font-weight: 400;\">Normalement, dans ce genre d&rsquo;\u00e9v\u00e9nements, presque tout le monde se conna\u00eet, mais il y a toujours quelques \u00e9trangers, comme nous l&rsquo;\u00e9tions, qui se pressent dans les jardins au moment du cocktail avant le d\u00e9but du spectacle. &#8211; Nous, les gens de la classe moyenne, sommes tout \u00e0 fait identifiables, et je suis convaincu qu&rsquo;il suffit d&rsquo;un regard d&rsquo;une fraction de seconde pour savoir que nous ne sommes pas des leurs.<\/span><\/p>\n<p><span style=\"font-weight: 400;\">Mais nous n&rsquo;\u00e9tions pas seuls ce jour-l\u00e0, bien s\u00fbr. Il y avait un personnage \u00e0 l&rsquo;allure un peu contract\u00e9e, longue barbe, lunettes d&rsquo;entomologiste, bermuda, bottes et chaussettes de cow-boy. Je pense que si un jour Minnelli se retrouve dans un auditorium rempli de gens comme \u00e7a, elle laisse la chanson.<\/span><\/p>\n<p><span style=\"font-weight: 400;\">Il \u00e9tait avec une fille, l\u00e9g\u00e8rement s\u00e9duisante, qui l&rsquo;\u00e9coutait attentivement avec un air de <\/span><i><span style=\"font-weight: 400;\">\u00ab\u00a0celui-l\u00e0 a pay\u00e9 mon billet, supportons-le le temps qu&rsquo;il faudra\u00a0\u00bb<\/span><\/i><span style=\"font-weight: 400;\"> et, \u00e0 un moment, en passant pr\u00e8s des deux, je l&rsquo;ai entendu parler de fromage, exactement de diff\u00e9rentes vari\u00e9t\u00e9s de fromage. Je suppose qu&rsquo;il a estim\u00e9 que le contexte et l&rsquo;atmosph\u00e8re exigeaient une telle conversation et qu&rsquo;il n&rsquo;y avait pas de meilleur acte de s\u00e9duction que de faire saliver sa compagne.<\/span><\/p>\n<p><span style=\"font-weight: 400;\">Mais j&rsquo;ai senti quelque chose, et j&rsquo;ai dit \u00e0 ma femme, <\/span><i><span style=\"font-weight: 400;\">\u00ab\u00a0nous allons l&rsquo;avoir \u00e0 c\u00f4t\u00e9\u00a0\u00bb<\/span><\/i><span style=\"font-weight: 400;\">.<\/span><\/p>\n<p><span style=\"font-weight: 400;\">En effet, lorsque nous nous sommes pr\u00e9par\u00e9s \u00e0 prendre place, nous avons vu que ledit personnage et la jeune fille s&rsquo;approchaient et s&rsquo;asseyaient exactement l&rsquo;un \u00e0 c\u00f4t\u00e9 de l&rsquo;autre. J&rsquo;ai respir\u00e9 profond\u00e9ment parce que lorsque je vais \u00e0 un spectacle de ces caract\u00e9ristiques, je le vis comme s&rsquo;il s&rsquo;agissait de la c\u00e9r\u00e9monie d&rsquo;intronisation d&rsquo;un monarque et que j&rsquo;\u00e9tais le surveillant, et je craignais que le personnage ne cesse d&rsquo;influencer son discours.<\/span><\/p>\n<p><span style=\"font-weight: 400;\">C&rsquo;est ainsi qu&rsquo;est entr\u00e9e Minnelli, qui a le m\u00eame sens du rythme sur sc\u00e8ne qu&rsquo;un vendeur de soda dans un cin\u00e9ma des ann\u00e9es 50, c&rsquo;est-\u00e0-dire que je ne savais pas si c&rsquo;\u00e9tait elle ou quelqu&rsquo;un du service d&rsquo;entretien qui se pr\u00e9cipitait pour prendre quelque chose.<\/span><\/p>\n<p><i><span style=\"font-weight: 400;\">&#8211; Combien la ma\u00eetrise du temps est importante pour un interpr\u00e8te ! Il y a ceux qui, par leurs silences, font que tout le public se l\u00e8ve et applaudit avec ferveur. Pour les personnes d&rsquo;\u00e2ge m\u00fbr qui ont vu Rapha\u00ebl en concert, elles savent qu&rsquo;il pouvait chanter inton\u00e9 et faire \u00e9clater le public dans une sorte de d\u00e9lire collectif-.<\/span><\/i><\/p>\n<p><span style=\"font-weight: 400;\">Et puis vint le moment stellaire, les premi\u00e8res notes de \u00ab\u00a0New York, New York\u00a0\u00bb, cette chanson a \u00e9t\u00e9 compos\u00e9e par John Kander et Fred Ebb en 1977 pour le film du m\u00eame titre r\u00e9alis\u00e9 par Martin Scorsese et interpr\u00e9t\u00e9e par la chanteuse elle-m\u00eame. Cette chanson est pour les lib\u00e9raux d&rsquo;un certain \u00e2ge, comparable \u00e0 l&rsquo;Internationale pour les communistes. Les cinq premi\u00e8res secondes g\u00e9n\u00e8rent g\u00e9n\u00e9ralement un buzz dans lequel, pendant un bref instant, nous avons le sentiment d&rsquo;\u00eatre ma\u00eetres de notre destin et de pouvoir r\u00e9aliser nos r\u00eaves, puis nous revenons \u00e0 la r\u00e9alit\u00e9, mais personne ne peut nous enlever cela.<\/span><\/p>\n<p><span style=\"font-weight: 400;\">Qu&rsquo;a fait M. Fromage? Il a \u00e9lev\u00e9 la voix parce qu&rsquo;avec tant d&rsquo;applaudissements, la jeune fille aurait pu manquer les vins avec lesquels les cabrales sont associ\u00e9s, quelque chose de fondamental pour son avenir.<\/span><\/p>\n<p><span style=\"font-weight: 400;\">Je n&rsquo;en pouvais plus et je lui ai dit, en catalan, d&rsquo;un ton ferme : <\/span><i><span style=\"font-weight: 400;\">\u00ab\u00a0Veux-tu bien arr\u00eater de parler de fromages !<\/span><\/i><span style=\"font-weight: 400;\"> \u00c0 ce moment-l\u00e0, il s&rsquo;est tu et je pense qu&rsquo;il a r\u00e9alis\u00e9 qu&rsquo;il \u00e9tait \u00e0 un concert et que la femme qui l&rsquo;accompagnait \u00e9tait sur le point de se jeter dans les escaliers.<\/span><\/p>\n<p><span style=\"font-weight: 400;\">Ce n&rsquo;est pas tant que \u00e7a m&rsquo;ait d\u00e9rang\u00e9, \u00e7a aussi, les m\u00e9chants me donnent de l&rsquo;urticaire, mais \u00e7a m&rsquo;a laiss\u00e9 songeur. De temps en temps le sujet me vient \u00e0 l&rsquo;esprit et je suis surpris par sa d\u00e9contextualisation, vous payez un billet, pas bon march\u00e9 du tout, vous emmenez une fille que vous aimez soi-disant, vous \u00eates devant un concert d&rsquo;un certain niveau et vous n&rsquo;arr\u00eatez pas de parler&#8230; de fromage ?<\/span><\/p>\n<p><span style=\"font-weight: 400;\">Il est vrai que dans ce monde, nous avons tous notre place, ceci est un exemple, mais la v\u00e9rit\u00e9 est que selon ce que nous pensons, ce \u00e0 quoi nous aspirons, ce qui nous excite, nous inspire, nous rend heureux ou nous motive, nous observons un niveau d&rsquo;\u00e9volution ou un autre.<\/span><\/p>\n<p><span style=\"font-weight: 400;\">J&rsquo;insiste sur ma th\u00e9orie, de plus en plus contrast\u00e9e par l&rsquo;exp\u00e9rience de vie, des diff\u00e9rents niveaux d&rsquo;\u00e2me (de conscience de mani\u00e8re plus prosa\u00efque) qui coexistent sur la plan\u00e8te, ind\u00e9pendamment de la condition d&rsquo;origine de la personne et de l&rsquo;\u00e9ducation qu&rsquo;elle a pu recevoir.<\/span><\/p>\n<p><span style=\"font-weight: 400;\">La mesquinerie est \u00e0 l&rsquo;oppos\u00e9 de la noblesse, et tandis que certains s&rsquo;enfoncent dans la petitesse, en vivant dans des circonstances qui leur permettraient d&rsquo;avoir une vision plus large, et m\u00eame d&rsquo;en faire un mode de vie, d&rsquo;autres transcendent les limites de l&rsquo;habituel pour s&rsquo;approcher d&rsquo;une existence plus pleine, moins conditionn\u00e9e, plus libre et plus authentique.<\/span><\/p>\n<p><span style=\"font-weight: 400;\">J&rsquo;esp\u00e8re, au moins, que la \u00ab\u00a0B\u00e9atrice \u00ab\u00a0* d\u00e9sir\u00e9e par notre expert n&rsquo;\u00e9tait pas intol\u00e9rante au lactose.<\/span><\/p>\n<p>&nbsp;<\/p>\n<h6><i><span style=\"font-weight: 400;\">* Personnage de la Divine Com\u00e9die de Dante<\/span><\/i><\/h6>\n","protected":false},"excerpt":{"rendered":"<p>Au cours de l&rsquo;\u00e9t\u00e9 2016, Liza Minnelli, la chanteuse et actrice am\u00e9ricaine, a donn\u00e9 un concert au festival Cap Roig [&hellip;]<\/p>\n","protected":false},"author":4,"featured_media":1036,"comment_status":"closed","ping_status":"closed","sticky":false,"template":"","format":"standard","meta":{"_uag_custom_page_level_css":"","site-sidebar-layout":"default","site-content-layout":"","ast-site-content-layout":"default","site-content-style":"default","site-sidebar-style":"default","ast-global-header-display":"","ast-banner-title-visibility":"","ast-main-header-display":"","ast-hfb-above-header-display":"","ast-hfb-below-header-display":"","ast-hfb-mobile-header-display":"","site-post-title":"","ast-breadcrumbs-content":"","ast-featured-img":"","footer-sml-layout":"","theme-transparent-header-meta":"","adv-header-id-meta":"","stick-header-meta":"","header-above-stick-meta":"","header-main-stick-meta":"","header-below-stick-meta":"","astra-migrate-meta-layouts":"default","ast-page-background-enabled":"default","ast-page-background-meta":{"desktop":{"background-color":"var(--ast-global-color-4)","background-image":"","background-repeat":"repeat","background-position":"center center","background-size":"auto","background-attachment":"scroll","background-type":"","background-media":"","overlay-type":"","overlay-color":"","overlay-opacity":"","overlay-gradient":""},"tablet":{"background-color":"","background-image":"","background-repeat":"repeat","background-position":"center center","background-size":"auto","background-attachment":"scroll","background-type":"","background-media":"","overlay-type":"","overlay-color":"","overlay-opacity":"","overlay-gradient":""},"mobile":{"background-color":"","background-image":"","background-repeat":"repeat","background-position":"center center","background-size":"auto","background-attachment":"scroll","background-type":"","background-media":"","overlay-type":"","overlay-color":"","overlay-opacity":"","overlay-gradient":""}},"ast-content-background-meta":{"desktop":{"background-color":"var(--ast-global-color-5)","background-image":"","background-repeat":"repeat","background-position":"center center","background-size":"auto","background-attachment":"scroll","background-type":"","background-media":"","overlay-type":"","overlay-color":"","overlay-opacity":"","overlay-gradient":""},"tablet":{"background-color":"var(--ast-global-color-5)","background-image":"","background-repeat":"repeat","background-position":"center center","background-size":"auto","background-attachment":"scroll","background-type":"","background-media":"","overlay-type":"","overlay-color":"","overlay-opacity":"","overlay-gradient":""},"mobile":{"background-color":"var(--ast-global-color-5)","background-image":"","background-repeat":"repeat","background-position":"center center","background-size":"auto","background-attachment":"scroll","background-type":"","background-media":"","overlay-type":"","overlay-color":"","overlay-opacity":"","overlay-gradient":""}},"footnotes":""},"categories":[],"tags":[],"class_list":["post-1043","post","type-post","status-publish","format-standard","has-post-thumbnail","hentry"],"yoast_head":"<!-- This site is optimized with the Yoast SEO plugin v27.4 - https:\/\/yoast.com\/product\/yoast-seo-wordpress\/ -->\n<title>Liza Minnelli et le fromage - Dami\u00e1n Ruiz<\/title>\n<meta name=\"robots\" content=\"index, follow, max-snippet:-1, max-image-preview:large, max-video-preview:-1\" \/>\n<link rel=\"canonical\" href=\"https:\/\/damianruiz.eu\/liza-minnelli-y-los-quesos\/\" \/>\n<meta property=\"og:locale\" content=\"fr_FR\" \/>\n<meta property=\"og:type\" content=\"article\" \/>\n<meta property=\"og:title\" content=\"Liza Minnelli et le fromage - Dami\u00e1n Ruiz\" \/>\n<meta property=\"og:description\" content=\"Au cours de l&rsquo;\u00e9t\u00e9 2016, Liza Minnelli, la chanteuse et actrice am\u00e9ricaine, a donn\u00e9 un concert au festival Cap Roig [&hellip;]\" \/>\n<meta property=\"og:url\" content=\"https:\/\/damianruiz.eu\/liza-minnelli-y-los-quesos\/\" \/>\n<meta property=\"og:site_name\" content=\"Dami\u00e1n Ruiz\" \/>\n<meta property=\"article:published_time\" content=\"2021-06-03T14:47:06+00:00\" \/>\n<meta property=\"article:modified_time\" content=\"2021-06-03T14:47:23+00:00\" \/>\n<meta property=\"og:image\" content=\"https:\/\/damianruiz.eu\/wp-content\/uploads\/2021\/06\/city-336708_1920.jpg\" \/>\n\t<meta property=\"og:image:width\" content=\"1920\" \/>\n\t<meta property=\"og:image:height\" content=\"1080\" \/>\n\t<meta property=\"og:image:type\" content=\"image\/jpeg\" \/>\n<meta name=\"author\" content=\"Dami\u00e1n Ruiz\" \/>\n<meta name=\"twitter:card\" content=\"summary_large_image\" \/>\n<meta name=\"twitter:label1\" content=\"\u00c9crit par\" \/>\n\t<meta name=\"twitter:data1\" content=\"Dami\u00e1n Ruiz\" \/>\n\t<meta name=\"twitter:label2\" content=\"Dur\u00e9e de lecture estim\u00e9e\" \/>\n\t<meta name=\"twitter:data2\" content=\"5 minutes\" \/>\n<script type=\"application\/ld+json\" class=\"yoast-schema-graph\">{\"@context\":\"https:\\\/\\\/schema.org\",\"@graph\":[{\"@type\":\"Article\",\"@id\":\"https:\\\/\\\/damianruiz.eu\\\/liza-minnelli-y-los-quesos\\\/#article\",\"isPartOf\":{\"@id\":\"https:\\\/\\\/damianruiz.eu\\\/liza-minnelli-y-los-quesos\\\/\"},\"author\":{\"name\":\"Dami\u00e1n Ruiz\",\"@id\":\"https:\\\/\\\/damianruiz.eu\\\/#\\\/schema\\\/person\\\/e4703116e00a576e1cfcea03de178c07\"},\"headline\":\"Liza Minnelli et le fromage\",\"datePublished\":\"2021-06-03T14:47:06+00:00\",\"dateModified\":\"2021-06-03T14:47:23+00:00\",\"mainEntityOfPage\":{\"@id\":\"https:\\\/\\\/damianruiz.eu\\\/liza-minnelli-y-los-quesos\\\/\"},\"wordCount\":1102,\"publisher\":{\"@id\":\"https:\\\/\\\/damianruiz.eu\\\/#organization\"},\"image\":{\"@id\":\"https:\\\/\\\/damianruiz.eu\\\/liza-minnelli-y-los-quesos\\\/#primaryimage\"},\"thumbnailUrl\":\"https:\\\/\\\/damianruiz.eu\\\/wp-content\\\/uploads\\\/2021\\\/06\\\/city-336708_1920.jpg\",\"inLanguage\":\"fr-FR\"},{\"@type\":\"WebPage\",\"@id\":\"https:\\\/\\\/damianruiz.eu\\\/liza-minnelli-y-los-quesos\\\/\",\"url\":\"https:\\\/\\\/damianruiz.eu\\\/liza-minnelli-y-los-quesos\\\/\",\"name\":\"Liza Minnelli et le fromage - Dami\u00e1n Ruiz\",\"isPartOf\":{\"@id\":\"https:\\\/\\\/damianruiz.eu\\\/#website\"},\"primaryImageOfPage\":{\"@id\":\"https:\\\/\\\/damianruiz.eu\\\/liza-minnelli-y-los-quesos\\\/#primaryimage\"},\"image\":{\"@id\":\"https:\\\/\\\/damianruiz.eu\\\/liza-minnelli-y-los-quesos\\\/#primaryimage\"},\"thumbnailUrl\":\"https:\\\/\\\/damianruiz.eu\\\/wp-content\\\/uploads\\\/2021\\\/06\\\/city-336708_1920.jpg\",\"datePublished\":\"2021-06-03T14:47:06+00:00\",\"dateModified\":\"2021-06-03T14:47:23+00:00\",\"breadcrumb\":{\"@id\":\"https:\\\/\\\/damianruiz.eu\\\/liza-minnelli-y-los-quesos\\\/#breadcrumb\"},\"inLanguage\":\"fr-FR\",\"potentialAction\":[{\"@type\":\"ReadAction\",\"target\":[\"https:\\\/\\\/damianruiz.eu\\\/liza-minnelli-y-los-quesos\\\/\"]}]},{\"@type\":\"ImageObject\",\"inLanguage\":\"fr-FR\",\"@id\":\"https:\\\/\\\/damianruiz.eu\\\/liza-minnelli-y-los-quesos\\\/#primaryimage\",\"url\":\"https:\\\/\\\/damianruiz.eu\\\/wp-content\\\/uploads\\\/2021\\\/06\\\/city-336708_1920.jpg\",\"contentUrl\":\"https:\\\/\\\/damianruiz.eu\\\/wp-content\\\/uploads\\\/2021\\\/06\\\/city-336708_1920.jpg\",\"width\":1920,\"height\":1080},{\"@type\":\"BreadcrumbList\",\"@id\":\"https:\\\/\\\/damianruiz.eu\\\/liza-minnelli-y-los-quesos\\\/#breadcrumb\",\"itemListElement\":[{\"@type\":\"ListItem\",\"position\":1,\"name\":\"Portada\",\"item\":\"https:\\\/\\\/damianruiz.eu\\\/fr\\\/\"},{\"@type\":\"ListItem\",\"position\":2,\"name\":\"Liza Minnelli et le fromage\"}]},{\"@type\":\"WebSite\",\"@id\":\"https:\\\/\\\/damianruiz.eu\\\/#website\",\"url\":\"https:\\\/\\\/damianruiz.eu\\\/\",\"name\":\"Dami\u00e1n Ruiz\",\"description\":\"Licenciado y Postgraduado en Psicolog\u00eda por la Universidad de Barcelona.\",\"publisher\":{\"@id\":\"https:\\\/\\\/damianruiz.eu\\\/#organization\"},\"potentialAction\":[{\"@type\":\"SearchAction\",\"target\":{\"@type\":\"EntryPoint\",\"urlTemplate\":\"https:\\\/\\\/damianruiz.eu\\\/?s={search_term_string}\"},\"query-input\":{\"@type\":\"PropertyValueSpecification\",\"valueRequired\":true,\"valueName\":\"search_term_string\"}}],\"inLanguage\":\"fr-FR\"},{\"@type\":\"Organization\",\"@id\":\"https:\\\/\\\/damianruiz.eu\\\/#organization\",\"name\":\"Dami\u00e1n Ruiz\",\"url\":\"https:\\\/\\\/damianruiz.eu\\\/\",\"logo\":{\"@type\":\"ImageObject\",\"inLanguage\":\"fr-FR\",\"@id\":\"https:\\\/\\\/damianruiz.eu\\\/#\\\/schema\\\/logo\\\/image\\\/\",\"url\":\"https:\\\/\\\/damianruiz.eu\\\/wp-content\\\/uploads\\\/2024\\\/04\\\/cropped-logo-2024-damian-ruiz-233.png\",\"contentUrl\":\"https:\\\/\\\/damianruiz.eu\\\/wp-content\\\/uploads\\\/2024\\\/04\\\/cropped-logo-2024-damian-ruiz-233.png\",\"width\":233,\"height\":60,\"caption\":\"Dami\u00e1n Ruiz\"},\"image\":{\"@id\":\"https:\\\/\\\/damianruiz.eu\\\/#\\\/schema\\\/logo\\\/image\\\/\"}},{\"@type\":\"Person\",\"@id\":\"https:\\\/\\\/damianruiz.eu\\\/#\\\/schema\\\/person\\\/e4703116e00a576e1cfcea03de178c07\",\"name\":\"Dami\u00e1n Ruiz\",\"url\":\"https:\\\/\\\/damianruiz.eu\\\/fr\\\/author\\\/damianruiz\\\/\"}]}<\/script>\n<!-- \/ Yoast SEO plugin. -->","yoast_head_json":{"title":"Liza Minnelli et le fromage - Dami\u00e1n Ruiz","robots":{"index":"index","follow":"follow","max-snippet":"max-snippet:-1","max-image-preview":"max-image-preview:large","max-video-preview":"max-video-preview:-1"},"canonical":"https:\/\/damianruiz.eu\/liza-minnelli-y-los-quesos\/","og_locale":"fr_FR","og_type":"article","og_title":"Liza Minnelli et le fromage - Dami\u00e1n Ruiz","og_description":"Au cours de l&rsquo;\u00e9t\u00e9 2016, Liza Minnelli, la chanteuse et actrice am\u00e9ricaine, a donn\u00e9 un concert au festival Cap Roig [&hellip;]","og_url":"https:\/\/damianruiz.eu\/liza-minnelli-y-los-quesos\/","og_site_name":"Dami\u00e1n Ruiz","article_published_time":"2021-06-03T14:47:06+00:00","article_modified_time":"2021-06-03T14:47:23+00:00","og_image":[{"width":1920,"height":1080,"url":"https:\/\/damianruiz.eu\/wp-content\/uploads\/2021\/06\/city-336708_1920.jpg","type":"image\/jpeg"}],"author":"Dami\u00e1n Ruiz","twitter_card":"summary_large_image","twitter_misc":{"\u00c9crit par":"Dami\u00e1n Ruiz","Dur\u00e9e de lecture estim\u00e9e":"5 minutes"},"schema":{"@context":"https:\/\/schema.org","@graph":[{"@type":"Article","@id":"https:\/\/damianruiz.eu\/liza-minnelli-y-los-quesos\/#article","isPartOf":{"@id":"https:\/\/damianruiz.eu\/liza-minnelli-y-los-quesos\/"},"author":{"name":"Dami\u00e1n Ruiz","@id":"https:\/\/damianruiz.eu\/#\/schema\/person\/e4703116e00a576e1cfcea03de178c07"},"headline":"Liza Minnelli et le fromage","datePublished":"2021-06-03T14:47:06+00:00","dateModified":"2021-06-03T14:47:23+00:00","mainEntityOfPage":{"@id":"https:\/\/damianruiz.eu\/liza-minnelli-y-los-quesos\/"},"wordCount":1102,"publisher":{"@id":"https:\/\/damianruiz.eu\/#organization"},"image":{"@id":"https:\/\/damianruiz.eu\/liza-minnelli-y-los-quesos\/#primaryimage"},"thumbnailUrl":"https:\/\/damianruiz.eu\/wp-content\/uploads\/2021\/06\/city-336708_1920.jpg","inLanguage":"fr-FR"},{"@type":"WebPage","@id":"https:\/\/damianruiz.eu\/liza-minnelli-y-los-quesos\/","url":"https:\/\/damianruiz.eu\/liza-minnelli-y-los-quesos\/","name":"Liza Minnelli et le fromage - Dami\u00e1n Ruiz","isPartOf":{"@id":"https:\/\/damianruiz.eu\/#website"},"primaryImageOfPage":{"@id":"https:\/\/damianruiz.eu\/liza-minnelli-y-los-quesos\/#primaryimage"},"image":{"@id":"https:\/\/damianruiz.eu\/liza-minnelli-y-los-quesos\/#primaryimage"},"thumbnailUrl":"https:\/\/damianruiz.eu\/wp-content\/uploads\/2021\/06\/city-336708_1920.jpg","datePublished":"2021-06-03T14:47:06+00:00","dateModified":"2021-06-03T14:47:23+00:00","breadcrumb":{"@id":"https:\/\/damianruiz.eu\/liza-minnelli-y-los-quesos\/#breadcrumb"},"inLanguage":"fr-FR","potentialAction":[{"@type":"ReadAction","target":["https:\/\/damianruiz.eu\/liza-minnelli-y-los-quesos\/"]}]},{"@type":"ImageObject","inLanguage":"fr-FR","@id":"https:\/\/damianruiz.eu\/liza-minnelli-y-los-quesos\/#primaryimage","url":"https:\/\/damianruiz.eu\/wp-content\/uploads\/2021\/06\/city-336708_1920.jpg","contentUrl":"https:\/\/damianruiz.eu\/wp-content\/uploads\/2021\/06\/city-336708_1920.jpg","width":1920,"height":1080},{"@type":"BreadcrumbList","@id":"https:\/\/damianruiz.eu\/liza-minnelli-y-los-quesos\/#breadcrumb","itemListElement":[{"@type":"ListItem","position":1,"name":"Portada","item":"https:\/\/damianruiz.eu\/fr\/"},{"@type":"ListItem","position":2,"name":"Liza Minnelli et le fromage"}]},{"@type":"WebSite","@id":"https:\/\/damianruiz.eu\/#website","url":"https:\/\/damianruiz.eu\/","name":"Dami\u00e1n Ruiz","description":"Licenciado y Postgraduado en Psicolog\u00eda por la Universidad de Barcelona.","publisher":{"@id":"https:\/\/damianruiz.eu\/#organization"},"potentialAction":[{"@type":"SearchAction","target":{"@type":"EntryPoint","urlTemplate":"https:\/\/damianruiz.eu\/?s={search_term_string}"},"query-input":{"@type":"PropertyValueSpecification","valueRequired":true,"valueName":"search_term_string"}}],"inLanguage":"fr-FR"},{"@type":"Organization","@id":"https:\/\/damianruiz.eu\/#organization","name":"Dami\u00e1n Ruiz","url":"https:\/\/damianruiz.eu\/","logo":{"@type":"ImageObject","inLanguage":"fr-FR","@id":"https:\/\/damianruiz.eu\/#\/schema\/logo\/image\/","url":"https:\/\/damianruiz.eu\/wp-content\/uploads\/2024\/04\/cropped-logo-2024-damian-ruiz-233.png","contentUrl":"https:\/\/damianruiz.eu\/wp-content\/uploads\/2024\/04\/cropped-logo-2024-damian-ruiz-233.png","width":233,"height":60,"caption":"Dami\u00e1n Ruiz"},"image":{"@id":"https:\/\/damianruiz.eu\/#\/schema\/logo\/image\/"}},{"@type":"Person","@id":"https:\/\/damianruiz.eu\/#\/schema\/person\/e4703116e00a576e1cfcea03de178c07","name":"Dami\u00e1n Ruiz","url":"https:\/\/damianruiz.eu\/fr\/author\/damianruiz\/"}]}},"uagb_featured_image_src":{"full":["https:\/\/damianruiz.eu\/wp-content\/uploads\/2021\/06\/city-336708_1920.jpg",1920,1080,false],"thumbnail":["https:\/\/damianruiz.eu\/wp-content\/uploads\/2021\/06\/city-336708_1920-150x150.jpg",150,150,true],"medium":["https:\/\/damianruiz.eu\/wp-content\/uploads\/2021\/06\/city-336708_1920-300x169.jpg",300,169,true],"medium_large":["https:\/\/damianruiz.eu\/wp-content\/uploads\/2021\/06\/city-336708_1920-768x432.jpg",768,432,true],"large":["https:\/\/damianruiz.eu\/wp-content\/uploads\/2021\/06\/city-336708_1920-1024x576.jpg",1024,576,true],"1536x1536":["https:\/\/damianruiz.eu\/wp-content\/uploads\/2021\/06\/city-336708_1920-1536x864.jpg",1536,864,true],"2048x2048":["https:\/\/damianruiz.eu\/wp-content\/uploads\/2021\/06\/city-336708_1920.jpg",1920,1080,false]},"uagb_author_info":{"display_name":"Dami\u00e1n Ruiz","author_link":"https:\/\/damianruiz.eu\/fr\/author\/damianruiz\/"},"uagb_comment_info":0,"uagb_excerpt":"Au cours de l&rsquo;\u00e9t\u00e9 2016, Liza Minnelli, la chanteuse et actrice am\u00e9ricaine, a donn\u00e9 un concert au festival Cap Roig [&hellip;]","_links":{"self":[{"href":"https:\/\/damianruiz.eu\/fr\/wp-json\/wp\/v2\/posts\/1043","targetHints":{"allow":["GET"]}}],"collection":[{"href":"https:\/\/damianruiz.eu\/fr\/wp-json\/wp\/v2\/posts"}],"about":[{"href":"https:\/\/damianruiz.eu\/fr\/wp-json\/wp\/v2\/types\/post"}],"author":[{"embeddable":true,"href":"https:\/\/damianruiz.eu\/fr\/wp-json\/wp\/v2\/users\/4"}],"replies":[{"embeddable":true,"href":"https:\/\/damianruiz.eu\/fr\/wp-json\/wp\/v2\/comments?post=1043"}],"version-history":[{"count":1,"href":"https:\/\/damianruiz.eu\/fr\/wp-json\/wp\/v2\/posts\/1043\/revisions"}],"predecessor-version":[{"id":1044,"href":"https:\/\/damianruiz.eu\/fr\/wp-json\/wp\/v2\/posts\/1043\/revisions\/1044"}],"wp:featuredmedia":[{"embeddable":true,"href":"https:\/\/damianruiz.eu\/fr\/wp-json\/wp\/v2\/media\/1036"}],"wp:attachment":[{"href":"https:\/\/damianruiz.eu\/fr\/wp-json\/wp\/v2\/media?parent=1043"}],"wp:term":[{"taxonomy":"category","embeddable":true,"href":"https:\/\/damianruiz.eu\/fr\/wp-json\/wp\/v2\/categories?post=1043"},{"taxonomy":"post_tag","embeddable":true,"href":"https:\/\/damianruiz.eu\/fr\/wp-json\/wp\/v2\/tags?post=1043"}],"curies":[{"name":"wp","href":"https:\/\/api.w.org\/{rel}","templated":true}]}}