{"id":1111,"date":"2021-06-28T20:08:59","date_gmt":"2021-06-28T20:08:59","guid":{"rendered":"https:\/\/damianruiz.eu\/?p=1111"},"modified":"2021-06-28T20:08:59","modified_gmt":"2021-06-28T20:08:59","slug":"sur-les-troubles-psychologiques","status":"publish","type":"post","link":"https:\/\/damianruiz.eu\/fr\/sur-les-troubles-psychologiques\/","title":{"rendered":"Sur les troubles psychologiques"},"content":{"rendered":"<p><span style=\"font-weight: 400;\">Damian Ruiz<\/span><\/p>\n<p><span style=\"font-weight: 400;\">Dans cet article, j&rsquo;aimerais expliquer mon id\u00e9e sur les causes des troubles psychologiques.<\/span><\/p>\n<p><span style=\"font-weight: 400;\">Je commencerai par la g\u00e9n\u00e9tique. De quoi h\u00e9ritons-nous ? De caract\u00e9ristiques physiques ? De pr\u00e9dispositions de dur\u00e9e, de force ou de vuln\u00e9rabilit\u00e9 organique et psychologique ? La g\u00e9n\u00e9tique marque-t-elle notre destin ou le conditionne-t-elle simplement ? Avons-nous la capacit\u00e9 de modifier ou d&rsquo;assouplir notre tendance g\u00e9n\u00e9tique ?<br \/>\n<\/span><span style=\"font-weight: 400;\">H\u00e9ritons-nous uniquement d&rsquo;aspects physiques ou \u00e9galement d&rsquo;aspects culturels ?<br \/>\n<\/span><span style=\"font-weight: 400;\">Est-ce important de savoir d&rsquo;o\u00f9 nous venons ? Qui \u00e9taient nos plus proches anc\u00eatres et comment vivaient-ils ?<br \/>\n<\/span><span style=\"font-weight: 400;\">Sommes-nous mieux pr\u00e9par\u00e9s \u00e0 la survie dans le monde selon la fa\u00e7on dont ces anc\u00eatres vivaient?<\/span><\/p>\n<p><span style=\"font-weight: 400;\">Je vais r\u00e9sumer ma r\u00e9ponse : la g\u00e9n\u00e9tique est la principale variable dans le d\u00e9veloppement de la vie d&rsquo;un individu et c&rsquo;est pourquoi il est essentiel de savoir non seulement qui vous \u00eates mais aussi d&rsquo;o\u00f9 vous venez.<\/span><\/p>\n<p><span style=\"font-weight: 400;\">Pourquoi est-ce important ? Car c&rsquo;est ainsi que l&rsquo;on peut conna\u00eetre, ou du moins approcher, la place qui correspond \u00e0 chacun dans la vie.<br \/>\n<\/span><span style=\"font-weight: 400;\">C&rsquo;est-\u00e0-dire s&rsquo;aligner sur ce que l&rsquo;on est.<\/span><\/p>\n<p><span style=\"font-weight: 400;\">Partant de ma vision, je suis tr\u00e8s oppos\u00e9e au concept de B.F. Skiner (\u00c9tats-Unis, 1904-1990), de \u00ab\u00a0tabula rasa\u00a0\u00bb (selon lequel le cerveau de n&rsquo;importe quelle personne peut \u00eatre \u00e9duqu\u00e9 ou entra\u00een\u00e9 dans n&rsquo;importe quelle direction et, avec un plan d&rsquo;ex\u00e9cution concret, peut \u00eatre transform\u00e9 en sp\u00e9cialiste de n&rsquo;importe quel sujet), je consid\u00e8re (dans la lign\u00e9e de Jung) que chaque individu ne peut devenir que \u00ab\u00a0ce qu&rsquo;il est d\u00e9j\u00e0 en puissance\u00a0\u00bb. C&rsquo;est-\u00e0-dire, j&rsquo;ajoute, ce que ses g\u00e8nes le pr\u00e9disposent \u00e0 \u00eatre. Les circonstances environnementales et la perception de soi et de la r\u00e9alit\u00e9 seront les facteurs n\u00e9cessaires pour qu&rsquo;il puisse se d\u00e9velopper correctement ou non.<\/span><\/p>\n<p><span style=\"font-weight: 400;\">La meilleure g\u00e9n\u00e9tique peut \u00eatre une terre aride si l&rsquo;environnement est hostile, la plus faible peut se manifester de mani\u00e8re plus qu&rsquo;\u00e0 ad\u00e9quate avec des circonstances favorables.<\/span><\/p>\n<p><span style=\"font-weight: 400;\">Par cons\u00e9quent, je (c&rsquo;est un \u201cje\u201d g\u00e9n\u00e9rique) ne peux devenir la meilleure version de moi-m\u00eame que dans les aspects pour lesquels j&rsquo;ai une base g\u00e9n\u00e9tique claire de d\u00e9termination.<\/span><\/p>\n<p><span style=\"font-weight: 400;\">Et cela, je le relie \u00e0 l&rsquo;id\u00e9e d&rsquo;arch\u00e9types et \u00e0 la th\u00e9orie du susdit Carl G. Jung (Suisse, 1875-1961) selon laquelle chacun de nous serait plus proche d&rsquo;une configuration psychique pr\u00e9d\u00e9termin\u00e9e.<br \/>\n<\/span><span style=\"font-weight: 400;\">Prenons le cas de Barack Obama (Etats-Unis, 1961), le 44e pr\u00e9sident de son pays. Fils d&rsquo;un homme noir et d&rsquo;une femme blanche, classe moyenne, intelligent, volontaire, id\u00e9aliste, pragmatique, mais qu&rsquo;est-ce qui fait de lui le pr\u00e9sident de la premi\u00e8re puissance mondiale ?<br \/>\n<\/span><span style=\"font-weight: 400;\">Hasard, strat\u00e9gie parfaite, \u00e9lites mondiales d\u00e9cidant que le moment est venu de placer un homme de couleur \u00e0 un poste aussi \u00e9lev\u00e9 ?<\/span><\/p>\n<p><span style=\"font-weight: 400;\">Le fait est qu&rsquo;\u00e0 un moment donn\u00e9, Obama a d\u00fb se dire qu&rsquo;il \u00e9tait qualifi\u00e9 pour exercer cette responsabilit\u00e9. \u00c7a aurait pu \u00eatre simplement un gonflement de l&rsquo;ego, mais non&#8230; \u00ab\u00a0Il s&rsquo;est reconnu.\u00a0\u00bb<br \/>\n<\/span><span style=\"font-weight: 400;\">Cette reconnaissance ne d\u00e9pendait pas d&rsquo;une haute estime de soi mais d&rsquo;une certitude, d&rsquo;une connexion profonde avec l&rsquo;essence, de la connaissance du bois dont il \u00e9tait fait et des responsabilit\u00e9s qu&rsquo;il pouvait assumer. \u00c0 partir de l\u00e0, comme le dit le Yi King (l&rsquo;ancien trait\u00e9 de sagesse chinois), \u00ab\u00a0quand on est en harmonie avec son destin, la vie prend un sens, tout devient ordonn\u00e9&#8230;\u00a0\u00bb et j&rsquo;ajoute \u00ab\u00a0tout suit son cours\u00a0\u00bb.<\/span><\/p>\n<p><span style=\"font-weight: 400;\">Mais que se passe-t-il lorsque nous sommes d\u00e9connect\u00e9s de notre moi profond, de l&rsquo;habitat physique dans lequel nous vivons, soumis \u00e0 des circonstances hostiles, sous-stimul\u00e9s et peu stimul\u00e9s ?<br \/>\n<\/span><span style=\"font-weight: 400;\">Nous commen\u00e7ons \u00e0 nous affaiblir comme une plante qui n&rsquo;est pas arros\u00e9e et qui ne re\u00e7oit pas le soleil, et il devient donc impossible de devenir ce que nous pourrions potentiellement devenir.<\/span><\/p>\n<p><span style=\"font-weight: 400;\">Je n&rsquo;ai pas une vision mat\u00e9rialiste de l&rsquo;existence mais une vision transcendante, bien que pragmatique.<br \/>\n<\/span><span style=\"font-weight: 400;\">Qu&rsquo;est-ce que je veux dire par l\u00e0 ? Je crois que chaque \u00eatre humain, par le fait d&rsquo;\u00eatre n\u00e9, a une place dans le monde et peut, et doit, trouver le sens de sa vie, qui ne serait autre que de d\u00e9couvrir qui il est au plus profond de sa psych\u00e9, et de se consacrer \u00e0 servir ses capacit\u00e9s comme si elles \u00e9taient un don, en les mettant au service de l&rsquo;humanit\u00e9. De ce point de vue, je d\u00e9fends l&rsquo;id\u00e9e de transcendance.<br \/>\n<\/span><span style=\"font-weight: 400;\">Le m\u00e9decin, l&rsquo;acteur, le jardinier, l&rsquo;\u00e9crivain, le scientifique&#8230; sont l\u00e0, dans de nombreux cas, parce que c&rsquo;est leur \u00ab\u00a0vertu\u00a0\u00bb et leur mission, donc le sens de leur vie.<br \/>\n<\/span><span style=\"font-weight: 400;\">D\u00e9j\u00e0 dans le domaine plus personnel appara\u00eet l&rsquo;id\u00e9e d'\u00a0\u00bb\u00e2me\u00a0\u00bb mais elle s&rsquo;\u00e9loigne de la connaissance scientifique et entre dans le domaine des croyances, donc je n&rsquo;insisterai pas.<\/span><\/p>\n<p><span style=\"font-weight: 400;\">Pourquoi le pragmatisme ? Parce qu&rsquo;il est n\u00e9cessaire d&rsquo;effectuer une gestion intelligente de sa propre existence, un pacte entre la morale et la biologie, sans tomber dans la rigidit\u00e9 ou le fanatisme religieux, ni dans la contrainte des d\u00e9sirs.<br \/>\n<\/span><span style=\"font-weight: 400;\">La morale, lorsqu&rsquo;elle \u00e9touffe les pulsions humaines, devient non seulement inutile mais peut \u00e9galement g\u00e9n\u00e9rer des troubles physiques et psychologiques. D&rsquo;autre part, laisser libre cours aux instincts les plus primaires sans contr\u00f4le serait aussi une mani\u00e8re de d\u00e9s\u00e9quilibre, aussi grave qu&rsquo;un moralisme strict.<br \/>\n<\/span><span style=\"font-weight: 400;\">Les troubles obsessionnels et les addictions seraient, d&rsquo;un point de vue m\u00e9taphorique, des exemples des deux extr\u00eames.<\/span><\/p>\n<p><span style=\"font-weight: 400;\">Trouver son propre \u00e9quilibre passe donc par une bonne gestion des impulsions en m\u00eame temps que par la cr\u00e9ation d&rsquo;une \u00e9thique personnelle \u00e9loign\u00e9e des moralit\u00e9s habituelles.<br \/>\n<\/span><span style=\"font-weight: 400;\">Il s&rsquo;agit finalement d&rsquo;un travail de libert\u00e9 et d&rsquo;individuation car, si l&rsquo;on n&rsquo;\u00e9volue pas, on risque de rester enferm\u00e9 dans la dichotomie culpabilit\u00e9\/peur versus d\u00e9sir, le grand conflit n\u00e9vrotique qui peut se manifester par de nombreuses symptomatologies diff\u00e9rentes.<\/span><\/p>\n<p><span style=\"font-weight: 400;\">Il est parfois n\u00e9cessaire de se d\u00e9tacher de l&rsquo;ordinaire et d&rsquo;adopter une position propre, loin de la pens\u00e9e et des croyances populaires. La suradaptation n&rsquo;est pas toujours, je dirais m\u00eame presque jamais, la solution pour trouver l&rsquo;\u00e9quilibre psychique et physique.<\/span><\/p>\n<p><span style=\"font-weight: 400;\">Par cons\u00e9quent, les troubles mentaux, qui ne sont pas de nature psychotique (c&rsquo;est un autre sujet), n\u00e9cessitent une recherche de la place que l&rsquo;on doit occuper, de son essence, et de la libert\u00e9 et du courage de se mettre en harmonie avec les deux.<\/span><\/p>\n<p><span style=\"font-weight: 400;\">Ind\u00e9pendamment des \u00e9tiquettes diagnostiques et des m\u00e9dicaments administr\u00e9s, ce que je viens d&rsquo;\u00e9crire, et \u00e0 mon avis, est le c\u0153ur du probl\u00e8me, les facteurs fondamentaux qui sont \u00e0 la base de la cr\u00e9ation et du d\u00e9passement d&rsquo;un trouble.<\/span><\/p>\n<p>&nbsp;<\/p>\n<p style=\"text-align: right;\"><span style=\"font-weight: 400;\">Damian Ruiz<br \/>\n<\/span><span style=\"font-weight: 400;\">Barcelone, 27 juin 2021<br \/>\n<\/span><a href=\"https:\/\/damianruiz.eu\/fr\"><span style=\"font-weight: 400;\">www.damianruiz.eu<\/span><\/a><\/p>\n","protected":false},"excerpt":{"rendered":"<p>Damian Ruiz Dans cet article, j&rsquo;aimerais expliquer mon id\u00e9e sur les causes des troubles psychologiques. Je commencerai par la g\u00e9n\u00e9tique. [&hellip;]<\/p>\n","protected":false},"author":4,"featured_media":1100,"comment_status":"closed","ping_status":"closed","sticky":false,"template":"","format":"standard","meta":{"_uag_custom_page_level_css":"","site-sidebar-layout":"default","site-content-layout":"","ast-site-content-layout":"default","site-content-style":"default","site-sidebar-style":"default","ast-global-header-display":"","ast-banner-title-visibility":"","ast-main-header-display":"","ast-hfb-above-header-display":"","ast-hfb-below-header-display":"","ast-hfb-mobile-header-display":"","site-post-title":"","ast-breadcrumbs-content":"","ast-featured-img":"","footer-sml-layout":"","theme-transparent-header-meta":"","adv-header-id-meta":"","stick-header-meta":"","header-above-stick-meta":"","header-main-stick-meta":"","header-below-stick-meta":"","astra-migrate-meta-layouts":"default","ast-page-background-enabled":"default","ast-page-background-meta":{"desktop":{"background-color":"var(--ast-global-color-4)","background-image":"","background-repeat":"repeat","background-position":"center center","background-size":"auto","background-attachment":"scroll","background-type":"","background-media":"","overlay-type":"","overlay-color":"","overlay-opacity":"","overlay-gradient":""},"tablet":{"background-color":"","background-image":"","background-repeat":"repeat","background-position":"center center","background-size":"auto","background-attachment":"scroll","background-type":"","background-media":"","overlay-type":"","overlay-color":"","overlay-opacity":"","overlay-gradient":""},"mobile":{"background-color":"","background-image":"","background-repeat":"repeat","background-position":"center center","background-size":"auto","background-attachment":"scroll","background-type":"","background-media":"","overlay-type":"","overlay-color":"","overlay-opacity":"","overlay-gradient":""}},"ast-content-background-meta":{"desktop":{"background-color":"var(--ast-global-color-5)","background-image":"","background-repeat":"repeat","background-position":"center center","background-size":"auto","background-attachment":"scroll","background-type":"","background-media":"","overlay-type":"","overlay-color":"","overlay-opacity":"","overlay-gradient":""},"tablet":{"background-color":"var(--ast-global-color-5)","background-image":"","background-repeat":"repeat","background-position":"center center","background-size":"auto","background-attachment":"scroll","background-type":"","background-media":"","overlay-type":"","overlay-color":"","overlay-opacity":"","overlay-gradient":""},"mobile":{"background-color":"var(--ast-global-color-5)","background-image":"","background-repeat":"repeat","background-position":"center center","background-size":"auto","background-attachment":"scroll","background-type":"","background-media":"","overlay-type":"","overlay-color":"","overlay-opacity":"","overlay-gradient":""}},"footnotes":""},"categories":[],"tags":[],"class_list":["post-1111","post","type-post","status-publish","format-standard","has-post-thumbnail","hentry"],"yoast_head":"<!-- This site is optimized with the Yoast SEO plugin v27.4 - https:\/\/yoast.com\/product\/yoast-seo-wordpress\/ -->\n<title>Sur les troubles psychologiques - Dami\u00e1n Ruiz<\/title>\n<meta name=\"robots\" content=\"index, follow, max-snippet:-1, max-image-preview:large, max-video-preview:-1\" \/>\n<link rel=\"canonical\" href=\"https:\/\/damianruiz.eu\/sobre-los-trastornos-psicologicos\/\" \/>\n<meta property=\"og:locale\" content=\"fr_FR\" \/>\n<meta property=\"og:type\" content=\"article\" \/>\n<meta property=\"og:title\" content=\"Sur les troubles psychologiques - Dami\u00e1n Ruiz\" \/>\n<meta property=\"og:description\" content=\"Damian Ruiz Dans cet article, j&rsquo;aimerais expliquer mon id\u00e9e sur les causes des troubles psychologiques. Je commencerai par la g\u00e9n\u00e9tique. [&hellip;]\" \/>\n<meta property=\"og:url\" content=\"https:\/\/damianruiz.eu\/sobre-los-trastornos-psicologicos\/\" \/>\n<meta property=\"og:site_name\" content=\"Dami\u00e1n Ruiz\" \/>\n<meta property=\"article:published_time\" content=\"2021-06-28T20:08:59+00:00\" \/>\n<meta property=\"og:image\" content=\"https:\/\/damianruiz.eu\/wp-content\/uploads\/2021\/06\/nature-3442159_1920.jpg\" \/>\n\t<meta property=\"og:image:width\" content=\"1920\" \/>\n\t<meta property=\"og:image:height\" content=\"1080\" \/>\n\t<meta property=\"og:image:type\" content=\"image\/jpeg\" \/>\n<meta name=\"author\" content=\"Dami\u00e1n Ruiz\" \/>\n<meta name=\"twitter:card\" content=\"summary_large_image\" \/>\n<meta name=\"twitter:label1\" content=\"\u00c9crit par\" \/>\n\t<meta name=\"twitter:data1\" content=\"Dami\u00e1n Ruiz\" \/>\n\t<meta name=\"twitter:label2\" content=\"Dur\u00e9e de lecture estim\u00e9e\" \/>\n\t<meta name=\"twitter:data2\" content=\"5 minutes\" \/>\n<script type=\"application\/ld+json\" class=\"yoast-schema-graph\">{\"@context\":\"https:\\\/\\\/schema.org\",\"@graph\":[{\"@type\":\"Article\",\"@id\":\"https:\\\/\\\/damianruiz.eu\\\/sobre-los-trastornos-psicologicos\\\/#article\",\"isPartOf\":{\"@id\":\"https:\\\/\\\/damianruiz.eu\\\/sobre-los-trastornos-psicologicos\\\/\"},\"author\":{\"name\":\"Dami\u00e1n Ruiz\",\"@id\":\"https:\\\/\\\/damianruiz.eu\\\/#\\\/schema\\\/person\\\/e4703116e00a576e1cfcea03de178c07\"},\"headline\":\"Sur les troubles psychologiques\",\"datePublished\":\"2021-06-28T20:08:59+00:00\",\"mainEntityOfPage\":{\"@id\":\"https:\\\/\\\/damianruiz.eu\\\/sobre-los-trastornos-psicologicos\\\/\"},\"wordCount\":1201,\"publisher\":{\"@id\":\"https:\\\/\\\/damianruiz.eu\\\/#organization\"},\"image\":{\"@id\":\"https:\\\/\\\/damianruiz.eu\\\/sobre-los-trastornos-psicologicos\\\/#primaryimage\"},\"thumbnailUrl\":\"https:\\\/\\\/damianruiz.eu\\\/wp-content\\\/uploads\\\/2021\\\/06\\\/nature-3442159_1920.jpg\",\"inLanguage\":\"fr-FR\"},{\"@type\":\"WebPage\",\"@id\":\"https:\\\/\\\/damianruiz.eu\\\/sobre-los-trastornos-psicologicos\\\/\",\"url\":\"https:\\\/\\\/damianruiz.eu\\\/sobre-los-trastornos-psicologicos\\\/\",\"name\":\"Sur les troubles psychologiques - Dami\u00e1n Ruiz\",\"isPartOf\":{\"@id\":\"https:\\\/\\\/damianruiz.eu\\\/#website\"},\"primaryImageOfPage\":{\"@id\":\"https:\\\/\\\/damianruiz.eu\\\/sobre-los-trastornos-psicologicos\\\/#primaryimage\"},\"image\":{\"@id\":\"https:\\\/\\\/damianruiz.eu\\\/sobre-los-trastornos-psicologicos\\\/#primaryimage\"},\"thumbnailUrl\":\"https:\\\/\\\/damianruiz.eu\\\/wp-content\\\/uploads\\\/2021\\\/06\\\/nature-3442159_1920.jpg\",\"datePublished\":\"2021-06-28T20:08:59+00:00\",\"breadcrumb\":{\"@id\":\"https:\\\/\\\/damianruiz.eu\\\/sobre-los-trastornos-psicologicos\\\/#breadcrumb\"},\"inLanguage\":\"fr-FR\",\"potentialAction\":[{\"@type\":\"ReadAction\",\"target\":[\"https:\\\/\\\/damianruiz.eu\\\/sobre-los-trastornos-psicologicos\\\/\"]}]},{\"@type\":\"ImageObject\",\"inLanguage\":\"fr-FR\",\"@id\":\"https:\\\/\\\/damianruiz.eu\\\/sobre-los-trastornos-psicologicos\\\/#primaryimage\",\"url\":\"https:\\\/\\\/damianruiz.eu\\\/wp-content\\\/uploads\\\/2021\\\/06\\\/nature-3442159_1920.jpg\",\"contentUrl\":\"https:\\\/\\\/damianruiz.eu\\\/wp-content\\\/uploads\\\/2021\\\/06\\\/nature-3442159_1920.jpg\",\"width\":1920,\"height\":1080},{\"@type\":\"BreadcrumbList\",\"@id\":\"https:\\\/\\\/damianruiz.eu\\\/sobre-los-trastornos-psicologicos\\\/#breadcrumb\",\"itemListElement\":[{\"@type\":\"ListItem\",\"position\":1,\"name\":\"Portada\",\"item\":\"https:\\\/\\\/damianruiz.eu\\\/fr\\\/\"},{\"@type\":\"ListItem\",\"position\":2,\"name\":\"Sur les troubles psychologiques\"}]},{\"@type\":\"WebSite\",\"@id\":\"https:\\\/\\\/damianruiz.eu\\\/#website\",\"url\":\"https:\\\/\\\/damianruiz.eu\\\/\",\"name\":\"Dami\u00e1n Ruiz\",\"description\":\"Licenciado y Postgraduado en Psicolog\u00eda por la Universidad de Barcelona.\",\"publisher\":{\"@id\":\"https:\\\/\\\/damianruiz.eu\\\/#organization\"},\"potentialAction\":[{\"@type\":\"SearchAction\",\"target\":{\"@type\":\"EntryPoint\",\"urlTemplate\":\"https:\\\/\\\/damianruiz.eu\\\/?s={search_term_string}\"},\"query-input\":{\"@type\":\"PropertyValueSpecification\",\"valueRequired\":true,\"valueName\":\"search_term_string\"}}],\"inLanguage\":\"fr-FR\"},{\"@type\":\"Organization\",\"@id\":\"https:\\\/\\\/damianruiz.eu\\\/#organization\",\"name\":\"Dami\u00e1n Ruiz\",\"url\":\"https:\\\/\\\/damianruiz.eu\\\/\",\"logo\":{\"@type\":\"ImageObject\",\"inLanguage\":\"fr-FR\",\"@id\":\"https:\\\/\\\/damianruiz.eu\\\/#\\\/schema\\\/logo\\\/image\\\/\",\"url\":\"https:\\\/\\\/damianruiz.eu\\\/wp-content\\\/uploads\\\/2024\\\/04\\\/cropped-logo-2024-damian-ruiz-233.png\",\"contentUrl\":\"https:\\\/\\\/damianruiz.eu\\\/wp-content\\\/uploads\\\/2024\\\/04\\\/cropped-logo-2024-damian-ruiz-233.png\",\"width\":233,\"height\":60,\"caption\":\"Dami\u00e1n Ruiz\"},\"image\":{\"@id\":\"https:\\\/\\\/damianruiz.eu\\\/#\\\/schema\\\/logo\\\/image\\\/\"}},{\"@type\":\"Person\",\"@id\":\"https:\\\/\\\/damianruiz.eu\\\/#\\\/schema\\\/person\\\/e4703116e00a576e1cfcea03de178c07\",\"name\":\"Dami\u00e1n Ruiz\",\"url\":\"https:\\\/\\\/damianruiz.eu\\\/fr\\\/author\\\/damianruiz\\\/\"}]}<\/script>\n<!-- \/ Yoast SEO plugin. -->","yoast_head_json":{"title":"Sur les troubles psychologiques - Dami\u00e1n Ruiz","robots":{"index":"index","follow":"follow","max-snippet":"max-snippet:-1","max-image-preview":"max-image-preview:large","max-video-preview":"max-video-preview:-1"},"canonical":"https:\/\/damianruiz.eu\/sobre-los-trastornos-psicologicos\/","og_locale":"fr_FR","og_type":"article","og_title":"Sur les troubles psychologiques - Dami\u00e1n Ruiz","og_description":"Damian Ruiz Dans cet article, j&rsquo;aimerais expliquer mon id\u00e9e sur les causes des troubles psychologiques. Je commencerai par la g\u00e9n\u00e9tique. [&hellip;]","og_url":"https:\/\/damianruiz.eu\/sobre-los-trastornos-psicologicos\/","og_site_name":"Dami\u00e1n Ruiz","article_published_time":"2021-06-28T20:08:59+00:00","og_image":[{"width":1920,"height":1080,"url":"https:\/\/damianruiz.eu\/wp-content\/uploads\/2021\/06\/nature-3442159_1920.jpg","type":"image\/jpeg"}],"author":"Dami\u00e1n Ruiz","twitter_card":"summary_large_image","twitter_misc":{"\u00c9crit par":"Dami\u00e1n Ruiz","Dur\u00e9e de lecture estim\u00e9e":"5 minutes"},"schema":{"@context":"https:\/\/schema.org","@graph":[{"@type":"Article","@id":"https:\/\/damianruiz.eu\/sobre-los-trastornos-psicologicos\/#article","isPartOf":{"@id":"https:\/\/damianruiz.eu\/sobre-los-trastornos-psicologicos\/"},"author":{"name":"Dami\u00e1n Ruiz","@id":"https:\/\/damianruiz.eu\/#\/schema\/person\/e4703116e00a576e1cfcea03de178c07"},"headline":"Sur les troubles psychologiques","datePublished":"2021-06-28T20:08:59+00:00","mainEntityOfPage":{"@id":"https:\/\/damianruiz.eu\/sobre-los-trastornos-psicologicos\/"},"wordCount":1201,"publisher":{"@id":"https:\/\/damianruiz.eu\/#organization"},"image":{"@id":"https:\/\/damianruiz.eu\/sobre-los-trastornos-psicologicos\/#primaryimage"},"thumbnailUrl":"https:\/\/damianruiz.eu\/wp-content\/uploads\/2021\/06\/nature-3442159_1920.jpg","inLanguage":"fr-FR"},{"@type":"WebPage","@id":"https:\/\/damianruiz.eu\/sobre-los-trastornos-psicologicos\/","url":"https:\/\/damianruiz.eu\/sobre-los-trastornos-psicologicos\/","name":"Sur les troubles psychologiques - Dami\u00e1n Ruiz","isPartOf":{"@id":"https:\/\/damianruiz.eu\/#website"},"primaryImageOfPage":{"@id":"https:\/\/damianruiz.eu\/sobre-los-trastornos-psicologicos\/#primaryimage"},"image":{"@id":"https:\/\/damianruiz.eu\/sobre-los-trastornos-psicologicos\/#primaryimage"},"thumbnailUrl":"https:\/\/damianruiz.eu\/wp-content\/uploads\/2021\/06\/nature-3442159_1920.jpg","datePublished":"2021-06-28T20:08:59+00:00","breadcrumb":{"@id":"https:\/\/damianruiz.eu\/sobre-los-trastornos-psicologicos\/#breadcrumb"},"inLanguage":"fr-FR","potentialAction":[{"@type":"ReadAction","target":["https:\/\/damianruiz.eu\/sobre-los-trastornos-psicologicos\/"]}]},{"@type":"ImageObject","inLanguage":"fr-FR","@id":"https:\/\/damianruiz.eu\/sobre-los-trastornos-psicologicos\/#primaryimage","url":"https:\/\/damianruiz.eu\/wp-content\/uploads\/2021\/06\/nature-3442159_1920.jpg","contentUrl":"https:\/\/damianruiz.eu\/wp-content\/uploads\/2021\/06\/nature-3442159_1920.jpg","width":1920,"height":1080},{"@type":"BreadcrumbList","@id":"https:\/\/damianruiz.eu\/sobre-los-trastornos-psicologicos\/#breadcrumb","itemListElement":[{"@type":"ListItem","position":1,"name":"Portada","item":"https:\/\/damianruiz.eu\/fr\/"},{"@type":"ListItem","position":2,"name":"Sur les troubles psychologiques"}]},{"@type":"WebSite","@id":"https:\/\/damianruiz.eu\/#website","url":"https:\/\/damianruiz.eu\/","name":"Dami\u00e1n Ruiz","description":"Licenciado y Postgraduado en Psicolog\u00eda por la Universidad de Barcelona.","publisher":{"@id":"https:\/\/damianruiz.eu\/#organization"},"potentialAction":[{"@type":"SearchAction","target":{"@type":"EntryPoint","urlTemplate":"https:\/\/damianruiz.eu\/?s={search_term_string}"},"query-input":{"@type":"PropertyValueSpecification","valueRequired":true,"valueName":"search_term_string"}}],"inLanguage":"fr-FR"},{"@type":"Organization","@id":"https:\/\/damianruiz.eu\/#organization","name":"Dami\u00e1n Ruiz","url":"https:\/\/damianruiz.eu\/","logo":{"@type":"ImageObject","inLanguage":"fr-FR","@id":"https:\/\/damianruiz.eu\/#\/schema\/logo\/image\/","url":"https:\/\/damianruiz.eu\/wp-content\/uploads\/2024\/04\/cropped-logo-2024-damian-ruiz-233.png","contentUrl":"https:\/\/damianruiz.eu\/wp-content\/uploads\/2024\/04\/cropped-logo-2024-damian-ruiz-233.png","width":233,"height":60,"caption":"Dami\u00e1n Ruiz"},"image":{"@id":"https:\/\/damianruiz.eu\/#\/schema\/logo\/image\/"}},{"@type":"Person","@id":"https:\/\/damianruiz.eu\/#\/schema\/person\/e4703116e00a576e1cfcea03de178c07","name":"Dami\u00e1n Ruiz","url":"https:\/\/damianruiz.eu\/fr\/author\/damianruiz\/"}]}},"uagb_featured_image_src":{"full":["https:\/\/damianruiz.eu\/wp-content\/uploads\/2021\/06\/nature-3442159_1920.jpg",1920,1080,false],"thumbnail":["https:\/\/damianruiz.eu\/wp-content\/uploads\/2021\/06\/nature-3442159_1920-150x150.jpg",150,150,true],"medium":["https:\/\/damianruiz.eu\/wp-content\/uploads\/2021\/06\/nature-3442159_1920-300x169.jpg",300,169,true],"medium_large":["https:\/\/damianruiz.eu\/wp-content\/uploads\/2021\/06\/nature-3442159_1920-768x432.jpg",768,432,true],"large":["https:\/\/damianruiz.eu\/wp-content\/uploads\/2021\/06\/nature-3442159_1920-1024x576.jpg",1024,576,true],"1536x1536":["https:\/\/damianruiz.eu\/wp-content\/uploads\/2021\/06\/nature-3442159_1920-1536x864.jpg",1536,864,true],"2048x2048":["https:\/\/damianruiz.eu\/wp-content\/uploads\/2021\/06\/nature-3442159_1920.jpg",1920,1080,false]},"uagb_author_info":{"display_name":"Dami\u00e1n Ruiz","author_link":"https:\/\/damianruiz.eu\/fr\/author\/damianruiz\/"},"uagb_comment_info":0,"uagb_excerpt":"Damian Ruiz Dans cet article, j&rsquo;aimerais expliquer mon id\u00e9e sur les causes des troubles psychologiques. Je commencerai par la g\u00e9n\u00e9tique. [&hellip;]","_links":{"self":[{"href":"https:\/\/damianruiz.eu\/fr\/wp-json\/wp\/v2\/posts\/1111","targetHints":{"allow":["GET"]}}],"collection":[{"href":"https:\/\/damianruiz.eu\/fr\/wp-json\/wp\/v2\/posts"}],"about":[{"href":"https:\/\/damianruiz.eu\/fr\/wp-json\/wp\/v2\/types\/post"}],"author":[{"embeddable":true,"href":"https:\/\/damianruiz.eu\/fr\/wp-json\/wp\/v2\/users\/4"}],"replies":[{"embeddable":true,"href":"https:\/\/damianruiz.eu\/fr\/wp-json\/wp\/v2\/comments?post=1111"}],"version-history":[{"count":2,"href":"https:\/\/damianruiz.eu\/fr\/wp-json\/wp\/v2\/posts\/1111\/revisions"}],"predecessor-version":[{"id":1113,"href":"https:\/\/damianruiz.eu\/fr\/wp-json\/wp\/v2\/posts\/1111\/revisions\/1113"}],"wp:featuredmedia":[{"embeddable":true,"href":"https:\/\/damianruiz.eu\/fr\/wp-json\/wp\/v2\/media\/1100"}],"wp:attachment":[{"href":"https:\/\/damianruiz.eu\/fr\/wp-json\/wp\/v2\/media?parent=1111"}],"wp:term":[{"taxonomy":"category","embeddable":true,"href":"https:\/\/damianruiz.eu\/fr\/wp-json\/wp\/v2\/categories?post=1111"},{"taxonomy":"post_tag","embeddable":true,"href":"https:\/\/damianruiz.eu\/fr\/wp-json\/wp\/v2\/tags?post=1111"}],"curies":[{"name":"wp","href":"https:\/\/api.w.org\/{rel}","templated":true}]}}