{"id":1137,"date":"2021-07-31T15:41:56","date_gmt":"2021-07-31T15:41:56","guid":{"rendered":"https:\/\/damianruiz.eu\/?p=1137"},"modified":"2021-07-31T15:41:56","modified_gmt":"2021-07-31T15:41:56","slug":"la-science-la-psychologie-et-le-concept-de-letre-humain","status":"publish","type":"post","link":"https:\/\/damianruiz.eu\/fr\/la-science-la-psychologie-et-le-concept-de-letre-humain\/","title":{"rendered":"La science, la psychologie et le concept de l&rsquo;\u00eatre humain"},"content":{"rendered":"<p><span style=\"font-weight: 400;\">Paul Fayerabend, qui a notamment \u00e9t\u00e9 professeur \u00e0 l&rsquo;universit\u00e9 de Harvard, a d\u00e9clar\u00e9 que <\/span><i><span style=\"font-weight: 400;\">\u00ab\u00a0de toutes les fa\u00e7ons de penser que l&rsquo;homme a d\u00e9velopp\u00e9es, la science est l&rsquo;une d&rsquo;entre elles, mais pas n\u00e9cessairement la meilleure\u00a0\u00bb.<br \/>\n<\/span><\/i><span style=\"font-weight: 400;\">Il ne remet pas en cause le r\u00f4le de la connaissance scientifique dans le progr\u00e8s de la soci\u00e9t\u00e9, mais plut\u00f4t la possibilit\u00e9 de la critiquer, voire de ne pas n\u00e9cessairement s&rsquo;y soumettre en toutes occasions.<br \/>\n<\/span><span style=\"font-weight: 400;\">Dans le cas de la pand\u00e9mie de Covid-19, par exemple, la question de savoir si c&rsquo;\u00e9taient les scientifiques ou les politiques qui devaient prendre les d\u00e9cisions sur ce qu&rsquo;il fallait faire ou ne pas faire a suscit\u00e9 de nombreuses controverses.<br \/>\n<\/span><span style=\"font-weight: 400;\">La r\u00e9alit\u00e9 est que les deux, au niveau international, ont diff\u00e9r\u00e9 \u00e0 bien des \u00e9gards, en fonction de crit\u00e8res empiriques et de la n\u00e9cessit\u00e9 sociale.<\/span><\/p>\n<p><span style=\"font-weight: 400;\">Louis Pasteur, le c\u00e9l\u00e8bre scientifique fran\u00e7ais, a d\u00e9clar\u00e9 sur son lit de mort : <\/span><i><span style=\"font-weight: 400;\">\u00ab\u00a0Bernard avait raison, le germe n&rsquo;est rien, le sol est tout\u00a0\u00bb<\/span><\/i><span style=\"font-weight: 400;\">. En r\u00e9f\u00e9rence \u00e0 Claude Bernard, un scientifique qui, comme lui, avait postul\u00e9 qu&rsquo;un \u00e9tat organique correct de la personne \u00e9tait plus important que le pathog\u00e8ne externe lui-m\u00eame. &#8211;<\/span><\/p>\n<p><span style=\"font-weight: 400;\">Si l&rsquo;on transpose \u00e0 notre \u00e9poque, il faut se demander si, en plus de la n\u00e9cessaire vaccination de la population, les enfermements et les restrictions s\u00e9v\u00e8res n&rsquo;ont pas \u00e9t\u00e9 contre-productifs, en g\u00e9n\u00e9rant des \u00e9tats nerveux et immunologiques alt\u00e9r\u00e9s et en cr\u00e9ant des organismes sans d\u00e9fense contre le virus ? &#8211;<\/span><\/p>\n<p><span style=\"font-weight: 400;\">Qu&rsquo;est-ce que je veux dire par l\u00e0 ?<br \/>\n<\/span><span style=\"font-weight: 400;\">Que la science a, m\u00eame sur un seul sujet, une diversit\u00e9 d&rsquo;opinions, et que dans de nombreux cas l&rsquo;unanimit\u00e9 est loin d&rsquo;\u00eatre atteinte.<\/span><\/p>\n<p><span style=\"font-weight: 400;\">Les connaissances scientifiques sont essentielles au progr\u00e8s de la soci\u00e9t\u00e9 sous tous ses aspects, mais elles peuvent aussi \u00eatre manipul\u00e9es.<\/span><\/p>\n<p><span style=\"font-weight: 400;\">Si une soci\u00e9t\u00e9 de tabac investissait des millions de dollars ou d&rsquo;euros dans la r\u00e9alisation d&rsquo;\u00e9tudes statistiques visant \u00e0 trouver des facteurs positifs pour la sant\u00e9 li\u00e9s \u00e0 la consommation de tabac, elle les trouverait certainement, et un r\u00e9sultat rigoureux pourrait \u00eatre publi\u00e9, ignorant les aspects n\u00e9gatifs, qui sont nombreux, et ne mettant en \u00e9vidence que les variables positives.<\/span><\/p>\n<p><span style=\"font-weight: 400;\">Depuis l&rsquo;origine de la psychologie, il existe diff\u00e9rentes \u00e9coles de pens\u00e9e sur la psych\u00e9 humaine, les \u00e9motions et le comportement. Toute personne qui en est famili\u00e8re sait qu&rsquo;il existe de multiples ramifications dans la seule psychanalyse, ainsi que dans le cognitivisme, la th\u00e9orie syst\u00e9mique, la bio\u00e9nerg\u00e9tique, etc.<br \/>\n<\/span><span style=\"font-weight: 400;\">Chacune de ces lignes psychologiques a une certaine vision de l&rsquo;\u00eatre humain, depuis la croyance en un inconscient qui emmagasine les exp\u00e9riences et conditionne la vie actuelle de la personne jusqu&rsquo;\u00e0 une vision simplement r\u00e9active du comportement humain, ind\u00e9pendamment de ce qu&rsquo;a \u00e9t\u00e9 son parcours de vie.<\/span><\/p>\n<p><span style=\"font-weight: 400;\">Imaginez maintenant, comme cela se passe dans la r\u00e9alit\u00e9, que nous choisissions un seul de ces courants et en fassions \u00ab\u00a0le vrai\u00a0\u00bb, que nous investissions de l&rsquo;argent dans des \u00e9tudes exp\u00e9rimentales, que nous l&rsquo;officialisions dans les universit\u00e9s et les h\u00f4pitaux, et que petit \u00e0 petit nous rejetons tous les autres, en les marginalisant, jusqu&rsquo;\u00e0 les discr\u00e9diter.<\/span><\/p>\n<p><span style=\"font-weight: 400;\">Imaginez que cela se passe avec un parti politique, qu&rsquo;un seul soit \u00e9lu et que son id\u00e9ologie devienne \u00ab\u00a0la seule valable\u00a0\u00bb.<\/span><\/p>\n<p><span style=\"font-weight: 400;\">Pourquoi est-ce que je fais cette comparaison ?<br \/>\n<\/span><span style=\"font-weight: 400;\">Car en choisissant comme officiel un seul de ces courants psychologiques, on ne parie pas seulement sur un mod\u00e8le th\u00e9rapeutique, mais sur un mod\u00e8le d&rsquo;\u00eatre humain, promouvant une vision unique de la raison de la souffrance psychique et de la mani\u00e8re de tenter de la r\u00e9soudre.<\/span><\/p>\n<p><span style=\"font-weight: 400;\">Ma position personnelle, fond\u00e9e sur la mod\u00e9ration, est critique \u00e0 l&rsquo;\u00e9gard de la d\u00e9rive vers laquelle se dirige la soci\u00e9t\u00e9 occidentale actuelle, une d\u00e9rive sur laquelle il n&rsquo;est tout simplement pas possible d&rsquo;avoir une opinion, \u00e9tant donn\u00e9 que les gouvernements imposent des crit\u00e8res stricts sur ce qu&rsquo;il est correct de dire (et de penser) et ce qui ne l&rsquo;est pas.<\/span><\/p>\n<p><span style=\"font-weight: 400;\">Par cons\u00e9quent, si nous voulons avoir une soci\u00e9t\u00e9 diverse et plurielle, \u00e9galement en ce qui concerne ce qui correspond \u00e0 la psych\u00e9 humaine, il serait juste d&rsquo;\u00e9tendre le mod\u00e8le scientifique en psychologie aux diff\u00e9rentes variantes th\u00e9oriques et pratiques qui existent et non pas \u00e0 une seule d&rsquo;entre elles, comme c&rsquo;est le cas aujourd&rsquo;hui.<br \/>\n<\/span><span style=\"font-weight: 400;\">Le financement de ces \u00e9tudes provient principalement de l&rsquo;argent public, et il est tr\u00e8s facile de marginaliser toute th\u00e9orie qui ne correspond pas \u00e0 la vision unilat\u00e9rale, relativiste et postmoderne qui pr\u00e9vaut aujourd&rsquo;hui.<\/span><\/p>\n<p><span style=\"font-weight: 400;\">Tout au long de l&rsquo;histoire, le d\u00e9veloppement des connaissances a impliqu\u00e9 des th\u00e9oriciens et des chercheurs, se renvoyant la balle, pour finalement accepter ou rejeter l&rsquo;un ou l&rsquo;autre postulat sur la base de r\u00e9sultats empiriques.<\/span><\/p>\n<p><span style=\"font-weight: 400;\">Mais aujourd&rsquo;hui, il ne suffit plus de penser logiquement et rationnellement ; nous devons le faire selon la \u00ab\u00a0nouvelle v\u00e9rit\u00e9\u00a0\u00bb, qui est beaucoup plus li\u00e9e \u00e0 l&rsquo;ing\u00e9nierie sociale qu&rsquo;\u00e0 l&rsquo;essence de ce qu&rsquo;est et a \u00e9t\u00e9 l&rsquo;\u00eatre humain. L&rsquo;essence, qui pour moi, est invariable quelle que soit l&rsquo;\u00e9poque, la culture ou la mode du moment.<\/span><\/p>\n<p><span style=\"font-weight: 400;\">La pens\u00e9e logique et rationnelle appliqu\u00e9e \u00e0 la psychologie permet encore de d\u00e9couvrir diff\u00e9rentes th\u00e9ories et m\u00e9thodes pour aborder la connaissance de la psych\u00e9 humaine, et donc d&rsquo;aider les personnes qui souffrent de diff\u00e9rents troubles \u00e0 les surmonter. Et bien s\u00fbr, il faut v\u00e9rifier scientifiquement tout cela, mais sans \u00e9carter, a priori, des hypoth\u00e8ses qui peuvent parfois \u00eatre tr\u00e8s proches de la v\u00e9rit\u00e9.<\/span><\/p>\n<p style=\"text-align: right;\"><span style=\"font-weight: 400;\">Dami\u00e1n Ruiz<br \/>\n<\/span><span style=\"font-weight: 400;\">Psychologue et analyste jungien<br \/>\n<\/span><span style=\"font-weight: 400;\">www.damianruiz.eu<br \/>\n<\/span><span style=\"font-weight: 400;\">Barcelone, 30 juillet 2021<\/span><\/p>\n","protected":false},"excerpt":{"rendered":"<p>Paul Fayerabend, qui a notamment \u00e9t\u00e9 professeur \u00e0 l&rsquo;universit\u00e9 de Harvard, a d\u00e9clar\u00e9 que \u00ab\u00a0de toutes les fa\u00e7ons de penser [&hellip;]<\/p>\n","protected":false},"author":4,"featured_media":1125,"comment_status":"closed","ping_status":"closed","sticky":false,"template":"","format":"standard","meta":{"_uag_custom_page_level_css":"","site-sidebar-layout":"default","site-content-layout":"","ast-site-content-layout":"default","site-content-style":"default","site-sidebar-style":"default","ast-global-header-display":"","ast-banner-title-visibility":"","ast-main-header-display":"","ast-hfb-above-header-display":"","ast-hfb-below-header-display":"","ast-hfb-mobile-header-display":"","site-post-title":"","ast-breadcrumbs-content":"","ast-featured-img":"","footer-sml-layout":"","theme-transparent-header-meta":"","adv-header-id-meta":"","stick-header-meta":"","header-above-stick-meta":"","header-main-stick-meta":"","header-below-stick-meta":"","astra-migrate-meta-layouts":"default","ast-page-background-enabled":"default","ast-page-background-meta":{"desktop":{"background-color":"var(--ast-global-color-4)","background-image":"","background-repeat":"repeat","background-position":"center center","background-size":"auto","background-attachment":"scroll","background-type":"","background-media":"","overlay-type":"","overlay-color":"","overlay-opacity":"","overlay-gradient":""},"tablet":{"background-color":"","background-image":"","background-repeat":"repeat","background-position":"center center","background-size":"auto","background-attachment":"scroll","background-type":"","background-media":"","overlay-type":"","overlay-color":"","overlay-opacity":"","overlay-gradient":""},"mobile":{"background-color":"","background-image":"","background-repeat":"repeat","background-position":"center center","background-size":"auto","background-attachment":"scroll","background-type":"","background-media":"","overlay-type":"","overlay-color":"","overlay-opacity":"","overlay-gradient":""}},"ast-content-background-meta":{"desktop":{"background-color":"var(--ast-global-color-5)","background-image":"","background-repeat":"repeat","background-position":"center center","background-size":"auto","background-attachment":"scroll","background-type":"","background-media":"","overlay-type":"","overlay-color":"","overlay-opacity":"","overlay-gradient":""},"tablet":{"background-color":"var(--ast-global-color-5)","background-image":"","background-repeat":"repeat","background-position":"center center","background-size":"auto","background-attachment":"scroll","background-type":"","background-media":"","overlay-type":"","overlay-color":"","overlay-opacity":"","overlay-gradient":""},"mobile":{"background-color":"var(--ast-global-color-5)","background-image":"","background-repeat":"repeat","background-position":"center center","background-size":"auto","background-attachment":"scroll","background-type":"","background-media":"","overlay-type":"","overlay-color":"","overlay-opacity":"","overlay-gradient":""}},"footnotes":""},"categories":[],"tags":[],"class_list":["post-1137","post","type-post","status-publish","format-standard","has-post-thumbnail","hentry"],"yoast_head":"<!-- This site is optimized with the Yoast SEO plugin v27.4 - https:\/\/yoast.com\/product\/yoast-seo-wordpress\/ -->\n<title>La science, la psychologie et le concept de l&#039;\u00eatre humain - Dami\u00e1n Ruiz<\/title>\n<meta name=\"robots\" content=\"index, follow, max-snippet:-1, max-image-preview:large, max-video-preview:-1\" \/>\n<link rel=\"canonical\" href=\"https:\/\/damianruiz.eu\/ciencia-psicologia-y-concepto-de-ser-humano\/\" \/>\n<meta property=\"og:locale\" content=\"fr_FR\" \/>\n<meta property=\"og:type\" content=\"article\" \/>\n<meta property=\"og:title\" content=\"La science, la psychologie et le concept de l&#039;\u00eatre humain - Dami\u00e1n Ruiz\" \/>\n<meta property=\"og:description\" content=\"Paul Fayerabend, qui a notamment \u00e9t\u00e9 professeur \u00e0 l&rsquo;universit\u00e9 de Harvard, a d\u00e9clar\u00e9 que \u00ab\u00a0de toutes les fa\u00e7ons de penser [&hellip;]\" \/>\n<meta property=\"og:url\" content=\"https:\/\/damianruiz.eu\/ciencia-psicologia-y-concepto-de-ser-humano\/\" \/>\n<meta property=\"og:site_name\" content=\"Dami\u00e1n Ruiz\" \/>\n<meta property=\"article:published_time\" content=\"2021-07-31T15:41:56+00:00\" \/>\n<meta property=\"og:image\" content=\"https:\/\/damianruiz.eu\/wp-content\/uploads\/2021\/07\/stormtrooper-1343772_1920.jpeg\" \/>\n\t<meta property=\"og:image:width\" content=\"1920\" \/>\n\t<meta property=\"og:image:height\" content=\"992\" \/>\n\t<meta property=\"og:image:type\" content=\"image\/jpeg\" \/>\n<meta name=\"author\" content=\"Dami\u00e1n Ruiz\" \/>\n<meta name=\"twitter:card\" content=\"summary_large_image\" \/>\n<meta name=\"twitter:label1\" content=\"\u00c9crit par\" \/>\n\t<meta name=\"twitter:data1\" content=\"Dami\u00e1n Ruiz\" \/>\n\t<meta name=\"twitter:label2\" content=\"Dur\u00e9e de lecture estim\u00e9e\" \/>\n\t<meta name=\"twitter:data2\" content=\"4 minutes\" \/>\n<script type=\"application\/ld+json\" class=\"yoast-schema-graph\">{\"@context\":\"https:\\\/\\\/schema.org\",\"@graph\":[{\"@type\":\"Article\",\"@id\":\"https:\\\/\\\/damianruiz.eu\\\/ciencia-psicologia-y-concepto-de-ser-humano\\\/#article\",\"isPartOf\":{\"@id\":\"https:\\\/\\\/damianruiz.eu\\\/ciencia-psicologia-y-concepto-de-ser-humano\\\/\"},\"author\":{\"name\":\"Dami\u00e1n Ruiz\",\"@id\":\"https:\\\/\\\/damianruiz.eu\\\/#\\\/schema\\\/person\\\/e4703116e00a576e1cfcea03de178c07\"},\"headline\":\"La science, la psychologie et le concept de l&rsquo;\u00eatre humain\",\"datePublished\":\"2021-07-31T15:41:56+00:00\",\"mainEntityOfPage\":{\"@id\":\"https:\\\/\\\/damianruiz.eu\\\/ciencia-psicologia-y-concepto-de-ser-humano\\\/\"},\"wordCount\":1019,\"publisher\":{\"@id\":\"https:\\\/\\\/damianruiz.eu\\\/#organization\"},\"image\":{\"@id\":\"https:\\\/\\\/damianruiz.eu\\\/ciencia-psicologia-y-concepto-de-ser-humano\\\/#primaryimage\"},\"thumbnailUrl\":\"https:\\\/\\\/damianruiz.eu\\\/wp-content\\\/uploads\\\/2021\\\/07\\\/stormtrooper-1343772_1920.jpeg\",\"inLanguage\":\"fr-FR\"},{\"@type\":\"WebPage\",\"@id\":\"https:\\\/\\\/damianruiz.eu\\\/ciencia-psicologia-y-concepto-de-ser-humano\\\/\",\"url\":\"https:\\\/\\\/damianruiz.eu\\\/ciencia-psicologia-y-concepto-de-ser-humano\\\/\",\"name\":\"La science, la psychologie et le concept de l'\u00eatre humain - Dami\u00e1n Ruiz\",\"isPartOf\":{\"@id\":\"https:\\\/\\\/damianruiz.eu\\\/#website\"},\"primaryImageOfPage\":{\"@id\":\"https:\\\/\\\/damianruiz.eu\\\/ciencia-psicologia-y-concepto-de-ser-humano\\\/#primaryimage\"},\"image\":{\"@id\":\"https:\\\/\\\/damianruiz.eu\\\/ciencia-psicologia-y-concepto-de-ser-humano\\\/#primaryimage\"},\"thumbnailUrl\":\"https:\\\/\\\/damianruiz.eu\\\/wp-content\\\/uploads\\\/2021\\\/07\\\/stormtrooper-1343772_1920.jpeg\",\"datePublished\":\"2021-07-31T15:41:56+00:00\",\"breadcrumb\":{\"@id\":\"https:\\\/\\\/damianruiz.eu\\\/ciencia-psicologia-y-concepto-de-ser-humano\\\/#breadcrumb\"},\"inLanguage\":\"fr-FR\",\"potentialAction\":[{\"@type\":\"ReadAction\",\"target\":[\"https:\\\/\\\/damianruiz.eu\\\/ciencia-psicologia-y-concepto-de-ser-humano\\\/\"]}]},{\"@type\":\"ImageObject\",\"inLanguage\":\"fr-FR\",\"@id\":\"https:\\\/\\\/damianruiz.eu\\\/ciencia-psicologia-y-concepto-de-ser-humano\\\/#primaryimage\",\"url\":\"https:\\\/\\\/damianruiz.eu\\\/wp-content\\\/uploads\\\/2021\\\/07\\\/stormtrooper-1343772_1920.jpeg\",\"contentUrl\":\"https:\\\/\\\/damianruiz.eu\\\/wp-content\\\/uploads\\\/2021\\\/07\\\/stormtrooper-1343772_1920.jpeg\",\"width\":1920,\"height\":992},{\"@type\":\"BreadcrumbList\",\"@id\":\"https:\\\/\\\/damianruiz.eu\\\/ciencia-psicologia-y-concepto-de-ser-humano\\\/#breadcrumb\",\"itemListElement\":[{\"@type\":\"ListItem\",\"position\":1,\"name\":\"Portada\",\"item\":\"https:\\\/\\\/damianruiz.eu\\\/fr\\\/\"},{\"@type\":\"ListItem\",\"position\":2,\"name\":\"La science, la psychologie et le concept de l&#8217;\u00eatre humain\"}]},{\"@type\":\"WebSite\",\"@id\":\"https:\\\/\\\/damianruiz.eu\\\/#website\",\"url\":\"https:\\\/\\\/damianruiz.eu\\\/\",\"name\":\"Dami\u00e1n Ruiz\",\"description\":\"Licenciado y Postgraduado en Psicolog\u00eda por la Universidad de Barcelona.\",\"publisher\":{\"@id\":\"https:\\\/\\\/damianruiz.eu\\\/#organization\"},\"potentialAction\":[{\"@type\":\"SearchAction\",\"target\":{\"@type\":\"EntryPoint\",\"urlTemplate\":\"https:\\\/\\\/damianruiz.eu\\\/?s={search_term_string}\"},\"query-input\":{\"@type\":\"PropertyValueSpecification\",\"valueRequired\":true,\"valueName\":\"search_term_string\"}}],\"inLanguage\":\"fr-FR\"},{\"@type\":\"Organization\",\"@id\":\"https:\\\/\\\/damianruiz.eu\\\/#organization\",\"name\":\"Dami\u00e1n Ruiz\",\"url\":\"https:\\\/\\\/damianruiz.eu\\\/\",\"logo\":{\"@type\":\"ImageObject\",\"inLanguage\":\"fr-FR\",\"@id\":\"https:\\\/\\\/damianruiz.eu\\\/#\\\/schema\\\/logo\\\/image\\\/\",\"url\":\"https:\\\/\\\/damianruiz.eu\\\/wp-content\\\/uploads\\\/2024\\\/04\\\/cropped-logo-2024-damian-ruiz-233.png\",\"contentUrl\":\"https:\\\/\\\/damianruiz.eu\\\/wp-content\\\/uploads\\\/2024\\\/04\\\/cropped-logo-2024-damian-ruiz-233.png\",\"width\":233,\"height\":60,\"caption\":\"Dami\u00e1n Ruiz\"},\"image\":{\"@id\":\"https:\\\/\\\/damianruiz.eu\\\/#\\\/schema\\\/logo\\\/image\\\/\"}},{\"@type\":\"Person\",\"@id\":\"https:\\\/\\\/damianruiz.eu\\\/#\\\/schema\\\/person\\\/e4703116e00a576e1cfcea03de178c07\",\"name\":\"Dami\u00e1n Ruiz\",\"url\":\"https:\\\/\\\/damianruiz.eu\\\/fr\\\/author\\\/damianruiz\\\/\"}]}<\/script>\n<!-- \/ Yoast SEO plugin. -->","yoast_head_json":{"title":"La science, la psychologie et le concept de l'\u00eatre humain - Dami\u00e1n Ruiz","robots":{"index":"index","follow":"follow","max-snippet":"max-snippet:-1","max-image-preview":"max-image-preview:large","max-video-preview":"max-video-preview:-1"},"canonical":"https:\/\/damianruiz.eu\/ciencia-psicologia-y-concepto-de-ser-humano\/","og_locale":"fr_FR","og_type":"article","og_title":"La science, la psychologie et le concept de l'\u00eatre humain - Dami\u00e1n Ruiz","og_description":"Paul Fayerabend, qui a notamment \u00e9t\u00e9 professeur \u00e0 l&rsquo;universit\u00e9 de Harvard, a d\u00e9clar\u00e9 que \u00ab\u00a0de toutes les fa\u00e7ons de penser [&hellip;]","og_url":"https:\/\/damianruiz.eu\/ciencia-psicologia-y-concepto-de-ser-humano\/","og_site_name":"Dami\u00e1n Ruiz","article_published_time":"2021-07-31T15:41:56+00:00","og_image":[{"width":1920,"height":992,"url":"https:\/\/damianruiz.eu\/wp-content\/uploads\/2021\/07\/stormtrooper-1343772_1920.jpeg","type":"image\/jpeg"}],"author":"Dami\u00e1n Ruiz","twitter_card":"summary_large_image","twitter_misc":{"\u00c9crit par":"Dami\u00e1n Ruiz","Dur\u00e9e de lecture estim\u00e9e":"4 minutes"},"schema":{"@context":"https:\/\/schema.org","@graph":[{"@type":"Article","@id":"https:\/\/damianruiz.eu\/ciencia-psicologia-y-concepto-de-ser-humano\/#article","isPartOf":{"@id":"https:\/\/damianruiz.eu\/ciencia-psicologia-y-concepto-de-ser-humano\/"},"author":{"name":"Dami\u00e1n Ruiz","@id":"https:\/\/damianruiz.eu\/#\/schema\/person\/e4703116e00a576e1cfcea03de178c07"},"headline":"La science, la psychologie et le concept de l&rsquo;\u00eatre humain","datePublished":"2021-07-31T15:41:56+00:00","mainEntityOfPage":{"@id":"https:\/\/damianruiz.eu\/ciencia-psicologia-y-concepto-de-ser-humano\/"},"wordCount":1019,"publisher":{"@id":"https:\/\/damianruiz.eu\/#organization"},"image":{"@id":"https:\/\/damianruiz.eu\/ciencia-psicologia-y-concepto-de-ser-humano\/#primaryimage"},"thumbnailUrl":"https:\/\/damianruiz.eu\/wp-content\/uploads\/2021\/07\/stormtrooper-1343772_1920.jpeg","inLanguage":"fr-FR"},{"@type":"WebPage","@id":"https:\/\/damianruiz.eu\/ciencia-psicologia-y-concepto-de-ser-humano\/","url":"https:\/\/damianruiz.eu\/ciencia-psicologia-y-concepto-de-ser-humano\/","name":"La science, la psychologie et le concept de l'\u00eatre humain - Dami\u00e1n Ruiz","isPartOf":{"@id":"https:\/\/damianruiz.eu\/#website"},"primaryImageOfPage":{"@id":"https:\/\/damianruiz.eu\/ciencia-psicologia-y-concepto-de-ser-humano\/#primaryimage"},"image":{"@id":"https:\/\/damianruiz.eu\/ciencia-psicologia-y-concepto-de-ser-humano\/#primaryimage"},"thumbnailUrl":"https:\/\/damianruiz.eu\/wp-content\/uploads\/2021\/07\/stormtrooper-1343772_1920.jpeg","datePublished":"2021-07-31T15:41:56+00:00","breadcrumb":{"@id":"https:\/\/damianruiz.eu\/ciencia-psicologia-y-concepto-de-ser-humano\/#breadcrumb"},"inLanguage":"fr-FR","potentialAction":[{"@type":"ReadAction","target":["https:\/\/damianruiz.eu\/ciencia-psicologia-y-concepto-de-ser-humano\/"]}]},{"@type":"ImageObject","inLanguage":"fr-FR","@id":"https:\/\/damianruiz.eu\/ciencia-psicologia-y-concepto-de-ser-humano\/#primaryimage","url":"https:\/\/damianruiz.eu\/wp-content\/uploads\/2021\/07\/stormtrooper-1343772_1920.jpeg","contentUrl":"https:\/\/damianruiz.eu\/wp-content\/uploads\/2021\/07\/stormtrooper-1343772_1920.jpeg","width":1920,"height":992},{"@type":"BreadcrumbList","@id":"https:\/\/damianruiz.eu\/ciencia-psicologia-y-concepto-de-ser-humano\/#breadcrumb","itemListElement":[{"@type":"ListItem","position":1,"name":"Portada","item":"https:\/\/damianruiz.eu\/fr\/"},{"@type":"ListItem","position":2,"name":"La science, la psychologie et le concept de l&#8217;\u00eatre humain"}]},{"@type":"WebSite","@id":"https:\/\/damianruiz.eu\/#website","url":"https:\/\/damianruiz.eu\/","name":"Dami\u00e1n Ruiz","description":"Licenciado y Postgraduado en Psicolog\u00eda por la Universidad de Barcelona.","publisher":{"@id":"https:\/\/damianruiz.eu\/#organization"},"potentialAction":[{"@type":"SearchAction","target":{"@type":"EntryPoint","urlTemplate":"https:\/\/damianruiz.eu\/?s={search_term_string}"},"query-input":{"@type":"PropertyValueSpecification","valueRequired":true,"valueName":"search_term_string"}}],"inLanguage":"fr-FR"},{"@type":"Organization","@id":"https:\/\/damianruiz.eu\/#organization","name":"Dami\u00e1n Ruiz","url":"https:\/\/damianruiz.eu\/","logo":{"@type":"ImageObject","inLanguage":"fr-FR","@id":"https:\/\/damianruiz.eu\/#\/schema\/logo\/image\/","url":"https:\/\/damianruiz.eu\/wp-content\/uploads\/2024\/04\/cropped-logo-2024-damian-ruiz-233.png","contentUrl":"https:\/\/damianruiz.eu\/wp-content\/uploads\/2024\/04\/cropped-logo-2024-damian-ruiz-233.png","width":233,"height":60,"caption":"Dami\u00e1n Ruiz"},"image":{"@id":"https:\/\/damianruiz.eu\/#\/schema\/logo\/image\/"}},{"@type":"Person","@id":"https:\/\/damianruiz.eu\/#\/schema\/person\/e4703116e00a576e1cfcea03de178c07","name":"Dami\u00e1n Ruiz","url":"https:\/\/damianruiz.eu\/fr\/author\/damianruiz\/"}]}},"uagb_featured_image_src":{"full":["https:\/\/damianruiz.eu\/wp-content\/uploads\/2021\/07\/stormtrooper-1343772_1920.jpeg",1920,992,false],"thumbnail":["https:\/\/damianruiz.eu\/wp-content\/uploads\/2021\/07\/stormtrooper-1343772_1920-150x150.jpeg",150,150,true],"medium":["https:\/\/damianruiz.eu\/wp-content\/uploads\/2021\/07\/stormtrooper-1343772_1920-300x155.jpeg",300,155,true],"medium_large":["https:\/\/damianruiz.eu\/wp-content\/uploads\/2021\/07\/stormtrooper-1343772_1920-768x397.jpeg",768,397,true],"large":["https:\/\/damianruiz.eu\/wp-content\/uploads\/2021\/07\/stormtrooper-1343772_1920-1024x529.jpeg",1024,529,true],"1536x1536":["https:\/\/damianruiz.eu\/wp-content\/uploads\/2021\/07\/stormtrooper-1343772_1920-1536x794.jpeg",1536,794,true],"2048x2048":["https:\/\/damianruiz.eu\/wp-content\/uploads\/2021\/07\/stormtrooper-1343772_1920.jpeg",1920,992,false]},"uagb_author_info":{"display_name":"Dami\u00e1n Ruiz","author_link":"https:\/\/damianruiz.eu\/fr\/author\/damianruiz\/"},"uagb_comment_info":0,"uagb_excerpt":"Paul Fayerabend, qui a notamment \u00e9t\u00e9 professeur \u00e0 l&rsquo;universit\u00e9 de Harvard, a d\u00e9clar\u00e9 que \u00ab\u00a0de toutes les fa\u00e7ons de penser [&hellip;]","_links":{"self":[{"href":"https:\/\/damianruiz.eu\/fr\/wp-json\/wp\/v2\/posts\/1137","targetHints":{"allow":["GET"]}}],"collection":[{"href":"https:\/\/damianruiz.eu\/fr\/wp-json\/wp\/v2\/posts"}],"about":[{"href":"https:\/\/damianruiz.eu\/fr\/wp-json\/wp\/v2\/types\/post"}],"author":[{"embeddable":true,"href":"https:\/\/damianruiz.eu\/fr\/wp-json\/wp\/v2\/users\/4"}],"replies":[{"embeddable":true,"href":"https:\/\/damianruiz.eu\/fr\/wp-json\/wp\/v2\/comments?post=1137"}],"version-history":[{"count":1,"href":"https:\/\/damianruiz.eu\/fr\/wp-json\/wp\/v2\/posts\/1137\/revisions"}],"predecessor-version":[{"id":1138,"href":"https:\/\/damianruiz.eu\/fr\/wp-json\/wp\/v2\/posts\/1137\/revisions\/1138"}],"wp:featuredmedia":[{"embeddable":true,"href":"https:\/\/damianruiz.eu\/fr\/wp-json\/wp\/v2\/media\/1125"}],"wp:attachment":[{"href":"https:\/\/damianruiz.eu\/fr\/wp-json\/wp\/v2\/media?parent=1137"}],"wp:term":[{"taxonomy":"category","embeddable":true,"href":"https:\/\/damianruiz.eu\/fr\/wp-json\/wp\/v2\/categories?post=1137"},{"taxonomy":"post_tag","embeddable":true,"href":"https:\/\/damianruiz.eu\/fr\/wp-json\/wp\/v2\/tags?post=1137"}],"curies":[{"name":"wp","href":"https:\/\/api.w.org\/{rel}","templated":true}]}}