{"id":1155,"date":"2021-09-29T17:14:04","date_gmt":"2021-09-29T17:14:04","guid":{"rendered":"https:\/\/damianruiz.eu\/?p=1155"},"modified":"2021-09-29T17:14:04","modified_gmt":"2021-09-29T17:14:04","slug":"homosexualite-et-homophobie","status":"publish","type":"post","link":"https:\/\/damianruiz.eu\/fr\/homosexualite-et-homophobie\/","title":{"rendered":"Homosexualit\u00e9 et homophobie"},"content":{"rendered":"<p><span style=\"font-weight: 400;\">En me basant sur le r\u00e9cent scandale eccl\u00e9siastique en Catalogne, <\/span><i><span style=\"font-weight: 400;\">vox populi<\/span><\/i><span style=\"font-weight: 400;\">, et que je ne peux, comme d&rsquo;autres, que percevoir comme un \u00e9cran de fum\u00e9e dont m\u00eame la premi\u00e8re couche, le pr\u00e9tendu motif, n&rsquo;est pas enti\u00e8rement vraie, je voudrais faire une r\u00e9flexion psychologique sur cette r\u00e9alit\u00e9, plus r\u00e9pandue qu&rsquo;il n&rsquo;y para\u00eet, des homosexuels homophobes.<\/span><\/p>\n<p><span style=\"font-weight: 400;\">Commen\u00e7ons par quelque chose qui me semble \u00e9vident : nous ne sommes pas oblig\u00e9s de sympathiser avec tous les collectifs, ni m\u00eame, comme dans mon cas, avec les secteurs les plus histrioniques et radicaux de ces collectifs, qu&rsquo;ils soient LGBT, f\u00e9ministes, \u00e9cologistes, chr\u00e9tiens, progressistes ou conservateurs. En fait, je pense que ces secteurs rendent un mauvais service au collectif qu&rsquo;ils d\u00e9fendent.<\/span><\/p>\n<p><span style=\"font-weight: 400;\">Mais ne pas sympathiser ne signifie pas les \u00ab\u00a0d\u00e9tester\u00a0\u00bb.<br \/>\n<\/span><span style=\"font-weight: 400;\">Le fait de ne pas aimer un secteur de la population commence \u00e0 avoir quelque chose de plus personnel, de plus intrapsychique, qui affecte sa propre personnalit\u00e9. Sur le sujet en question, il est licite pour quelqu&rsquo;un, en raison de son \u00e2ge, d&rsquo;une tradition conservatrice, d&rsquo;une coutume morale, de ne pas voir certaines manifestations publiques entre personnes du m\u00eame sexe, \u00e0 condition de les respecter et de respecter les lois qui les prot\u00e8gent. Jusqu&rsquo;\u00e0 pr\u00e9sent, rien \u00e0 dire.<\/span><\/p>\n<p><span style=\"font-weight: 400;\">On pourrait m\u00eame diff\u00e9rencier plusieurs types de positions vis-\u00e0-vis du collectif lgtb de la part de la population h\u00e9t\u00e9rosexuelle majoritaire :<\/span><\/p>\n<ul>\n<li><span style=\"font-weight: 400;\">Sympathie : ils consid\u00e8rent que le respect de la diversit\u00e9 et de la pluralit\u00e9 sexuelles g\u00e9n\u00e8re une soci\u00e9t\u00e9 plus ouverte et plurielle.<\/span><\/li>\n<li><span style=\"font-weight: 400;\">Indiff\u00e9rence : Les avanc\u00e9es et les droits du collectif sont respect\u00e9s sans \u00eatre n\u00e9cessairement per\u00e7us comme une avanc\u00e9e sociale.<\/span><\/li>\n<li><span style=\"font-weight: 400;\">Questionnement conceptuel : on consid\u00e8re que ce groupe prend trop d&rsquo;importance et de visibilit\u00e9 et qu&rsquo;il sape les structures traditionnelles et conservatrices de la soci\u00e9t\u00e9. En quelque sorte, pour eux, ils devraient accepter leur r\u00f4le social de \u00ab\u00a0minorit\u00e9\u00a0\u00bb et se contenter d&rsquo;\u00eatre respect\u00e9s et de se voir garantir des droits civils.<\/span><\/li>\n<li><span style=\"font-weight: 400;\">Rejet visc\u00e9ral : Une attitude \u00e9motionnelle de haine est g\u00e9n\u00e9r\u00e9e, de sorte que la pr\u00e9sence d&rsquo;un seul individu, d&rsquo;une certaine attitude ou d&rsquo;un certain geste, d&rsquo;une sc\u00e8ne de film, de tout \u00e9l\u00e9ment ayant un rapport avec quelque chose de li\u00e9 \u00e0 ce collectif suscite une \u00e9norme col\u00e8re et agressivit\u00e9, ce qui est particuli\u00e8rement int\u00e9ressant \u00e0 analyser lorsqu&rsquo;il est ressenti par des individus adultes.<\/span><\/li>\n<\/ul>\n<p><span style=\"font-weight: 400;\">Disons que les trois premi\u00e8res positions pourraient \u00eatre consid\u00e9r\u00e9es comme acceptables et se situent dans les deux extr\u00eames des id\u00e9ologies d\u00e9mocratiques, tant \u00e0 gauche qu&rsquo;\u00e0 droite.<\/span><\/p>\n<p><span style=\"font-weight: 400;\">La question est de savoir ce qui conduit une personne \u00e0 ressentir un rejet aussi profond des membres de ce groupe.<\/span><\/p>\n<p><span style=\"font-weight: 400;\">Dans certains pays du monde, o\u00f9 la religion a un impact profond sur l&rsquo;esprit de leurs habitants, cette orientation est consid\u00e9r\u00e9e comme une d\u00e9viation ou, au mieux, une faiblesse. Et ce qu&rsquo;ils ne savent pas, c&rsquo;est qu&rsquo;il s&rsquo;agit d&rsquo;une construction psychologique invariable et immuable et qu&rsquo;elle ne provient pas de l&rsquo;\u00e9quation simpliste \u00ab\u00a0m\u00e8re absorbante et surprotectrice\u00a0\u00bb + \u00ab\u00a0p\u00e8re absent ou autoritaire\u00a0\u00bb, c&rsquo;est-\u00e0-dire de la psychologie de bas \u00e9tage qui est abondamment utilis\u00e9e comme explication pour justifier le pr\u00e9tendu trouble. Selon cette formule, la moiti\u00e9 de la population mondiale serait homosexuelle, et je pense que c&rsquo;est entre 5 et 10% seulement (et ce n&rsquo;est pas contagieux).<br \/>\n<\/span><span style=\"font-weight: 400;\">Mais non, \u00e7a ne se passe pas comme \u00e7a.<\/span><\/p>\n<p><span style=\"font-weight: 400;\">Il y a ensuite ceux qui disent que c&rsquo;est un acte contre nature, quelque chose qui n&rsquo;est pas propre au monde animal \u00e0 l&rsquo;\u00e9tat sauvage. Pouvons-nous penser au nombre de pratiques auxquelles nous, les humains, nous livrons et qui ne sont pas proprement \u00ab\u00a0naturelles\u00a0\u00bb ?<br \/>\n<\/span><span style=\"font-weight: 400;\">Il y a beaucoup plus d&rsquo;esp\u00e8ces qui, \u00e0 l&rsquo;\u00e9tat sauvage, ont des relations homosexuelles entre leurs membres : les bonobos, les loups, m\u00eame en semi-libert\u00e9 comme les moutons, etc. que d&rsquo;esp\u00e8ces qui pratiquent le sexe oral, ce qui n&rsquo;est document\u00e9 que pour les humains et les chauves-souris frugivores.<br \/>\n<\/span><span style=\"font-weight: 400;\">En vertu de cette pr\u00e9misse, le sexe oral devrait \u00e9galement \u00eatre rejet\u00e9 par les secteurs les plus r\u00e9actionnaires (ou peut-\u00eatre pas ?).<\/span><\/p>\n<p><span style=\"font-weight: 400;\">Autre parenth\u00e8se, dans une certaine mesure, je peux comprendre les tr\u00e8s jeunes gens qui sont personnellement anxieux lorsqu&rsquo;ils voient des manifestations amoureuses qui ne sont pas les leurs. Certes, nous avons tous besoin de r\u00e9f\u00e9rences et nous voulons qu&rsquo;elles soient claires et d\u00e9finies, mais il faut toujours du temps pour \u00eatre capable d&rsquo;accepter la diff\u00e9rence.<\/span><\/p>\n<p><span style=\"font-weight: 400;\">Mais parmi les homophobes, on peut \u00e9galement parler de deux secteurs distincts :<\/span><\/p>\n<p><span style=\"font-weight: 400;\">Les moraux-religieux qui consid\u00e8rent l&rsquo;homosexualit\u00e9 comme un probl\u00e8me de d\u00e9veloppement psycho-sexuel (l&rsquo;\u00e9quation que j&rsquo;ai mentionn\u00e9e pr\u00e9c\u00e9demment) mais qui peuvent ressentir une certaine \u00ab\u00a0compassion\u00a0\u00bb pour l&rsquo;individu \u00ab\u00a0affect\u00e9\u00a0\u00bb.<br \/>\n<\/span><span style=\"font-weight: 400;\">Le \u00ab\u00a0m\u00e2le sans d\u00e9faut\u00a0\u00bb pour qui tout membre du collectif lgbt appara\u00eet comme un d\u00e9viant vicieux et qui ne doit pas \u00eatre \u00ab\u00a0soign\u00e9\u00a0\u00bb mais puni de la mani\u00e8re la plus virulente et exemplaire possible.<\/span><\/p>\n<p><span style=\"font-weight: 400;\">Le premier de ces secteurs pr\u00f4ne les th\u00e9rapies de conversion, qui sont en elles-m\u00eames une aberration et devraient \u00eatre radicalement interdites, comme c&rsquo;est le cas en Espagne et dans d&rsquo;autres pays avanc\u00e9s.<br \/>\n<\/span><span style=\"font-weight: 400;\">Ces th\u00e9rapies, qui ne changent pas grand-chose, mais au mieux \u00ab\u00a0remettent les gens dans l&rsquo;armoire\u00a0\u00bb &#8211; pour le plus grand plaisir des milieux conservateurs &#8211; et au pire peuvent conduire \u00e0 des troubles graves, voire au suicide, sont r\u00e9pandues dans certaines r\u00e9gions de la plan\u00e8te.<\/span><\/p>\n<ul>\n<li><span style=\"font-weight: 400;\">Soit dit en passant, j&rsquo;ai toujours \u00e9t\u00e9 \u00e9tonn\u00e9 par l&rsquo;obsession des pr\u00e9dicateurs pour la luxure, c&rsquo;est le seul des sept p\u00e9ch\u00e9s capitaux qui les d\u00e9range, peu importe que leur public cible soit constitu\u00e9 de gros de plus de 140 kg, car la gourmandise, par exemple, n&rsquo;est ni per\u00e7ue ni remarqu\u00e9e-.<\/span><\/li>\n<\/ul>\n<p><span style=\"font-weight: 400;\">Et c&rsquo;est que l&rsquo;homosexuel \u00ab\u00a0latent\u00a0\u00bb impos\u00e9 comme un homme macho qui utilise les femmes sexuellement comme une manifestation exclusive de sa masculinit\u00e9, c&rsquo;est-\u00e0-dire qu&rsquo;il les fr\u00e9quente pour ne pas douter de lui-m\u00eame, ou celui qui assume le r\u00f4le b\u00e9atifique du traditionnellement correct, ou celui qui devient pr\u00eatre non pas par foi, compassion ou transcendance spirituelle mais pour s&rsquo;isoler du monde, ne peut rien voir qui fasse allusion \u00e0 la condition homosexuelle minimale, Pourquoi ? Parce qu&rsquo;il le r\u00e9prime, parce que son d\u00e9sir sexuel ou romantique est d\u00e9clench\u00e9 et qu&rsquo;il doit le contenir par tous les moyens, et comment le fait-il ? En attaquant d&rsquo;une mani\u00e8re ou d&rsquo;une autre ceux qui la vivent naturellement et calmement.<\/span><\/p>\n<p><span style=\"font-weight: 400;\">Un autre aspect \u00e0 prendre en compte est qu&rsquo;une personne peut \u00eatre homosexuelle, bisexuelle, h\u00e9t\u00e9roflexe ou autre, et a le droit de g\u00e9rer sa vie comme elle le souhaite. Ils ont m\u00eame le droit, en raison de certaines convictions morales, de ne pas s&rsquo;engager dans certaines pratiques. Ce qui est absurde et n\u00e9vrotique, c&rsquo;est de ne pas se reconna\u00eetre tel que l&rsquo;on est. Parce que, pour le meilleur ou pour le pire, nous sommes ce que nous sommes sexuellement et c&rsquo;est immuable, m\u00eame si, comme le disait cet humoriste andalou, <\/span><i><span style=\"font-weight: 400;\">\u00ab\u00a0tout le monde peut avoir un mauvais apr\u00e8s-midi\u00a0\u00bb<\/span><\/i><span style=\"font-weight: 400;\"> et que nous pouvons \u00eatre susceptibles de vivre occasionnellement quelque chose qui n&rsquo;est pas dans notre registre sexuel.\u00a0<\/span><\/p>\n<p><span style=\"font-weight: 400;\">C&rsquo;est pourquoi on peut dire que l&rsquo;homophobie visc\u00e9rale cache toujours, et je ne suis pas le seul \u00e0 le penser, un certain niveau d&rsquo;homosexualit\u00e9 chez l&rsquo;homophobe. C&rsquo;est-\u00e0-dire qu&rsquo;il y a beaucoup d&rsquo;homosexualit\u00e9 cach\u00e9e chez ceux qui d\u00e9testent le collectif lgtb, sans parler des secteurs qui veulent les \u00ab\u00a0reconvertir\u00a0\u00bb.<br \/>\n<\/span><span style=\"font-weight: 400;\">Traduit en une phrase simple, <\/span><i><span style=\"font-weight: 400;\">\u00ab\u00a0je d\u00e9teste tellement ce qui est en moi que je ne peux pas le voir se manifester chez une autre personne, et encore moins de mani\u00e8re calme et naturelle\u00a0\u00bb<\/span><\/i><span style=\"font-weight: 400;\">.<br \/>\n<\/span><span style=\"font-weight: 400;\">Le film oscaris\u00e9 American Beauty (Sam Mendes, 1999) est un exemple clair de ce que j&rsquo;explique.<\/span><\/p>\n<p><span style=\"font-weight: 400;\">Comme je l&rsquo;ai d\u00e9j\u00e0 \u00e9crit, une personne peut avoir une vision conservatrice de l&rsquo;ordre social, et c&rsquo;est tout \u00e0 fait respectable. La question n&rsquo;est pas cela, mais pourquoi certaines personnes d\u00e9testent et m\u00e9prisent les individus d&rsquo;un certain collectif de mani\u00e8re aussi personnelle.<br \/>\n<\/span><span style=\"font-weight: 400;\">Qu&rsquo;ont-ils \u00e0 r\u00e9primer ?<\/span><\/p>\n<p style=\"text-align: right;\"><span style=\"font-weight: 400;\">Dami\u00e1n Ruiz<br \/>\n<\/span><span style=\"font-weight: 400;\">Barcelone, 26 septembre, 2021<br \/>\n<\/span><a href=\"https:\/\/damianruiz.eu\"><span style=\"font-weight: 400;\">www.damianruiz.eu<\/span><\/a><\/p>\n","protected":false},"excerpt":{"rendered":"<p>En me basant sur le r\u00e9cent scandale eccl\u00e9siastique en Catalogne, vox populi, et que je ne peux, comme d&rsquo;autres, que [&hellip;]<\/p>\n","protected":false},"author":4,"featured_media":1149,"comment_status":"closed","ping_status":"closed","sticky":false,"template":"","format":"standard","meta":{"_uag_custom_page_level_css":"","site-sidebar-layout":"default","site-content-layout":"","ast-site-content-layout":"default","site-content-style":"default","site-sidebar-style":"default","ast-global-header-display":"","ast-banner-title-visibility":"","ast-main-header-display":"","ast-hfb-above-header-display":"","ast-hfb-below-header-display":"","ast-hfb-mobile-header-display":"","site-post-title":"","ast-breadcrumbs-content":"","ast-featured-img":"","footer-sml-layout":"","theme-transparent-header-meta":"","adv-header-id-meta":"","stick-header-meta":"","header-above-stick-meta":"","header-main-stick-meta":"","header-below-stick-meta":"","astra-migrate-meta-layouts":"default","ast-page-background-enabled":"default","ast-page-background-meta":{"desktop":{"background-color":"var(--ast-global-color-4)","background-image":"","background-repeat":"repeat","background-position":"center center","background-size":"auto","background-attachment":"scroll","background-type":"","background-media":"","overlay-type":"","overlay-color":"","overlay-opacity":"","overlay-gradient":""},"tablet":{"background-color":"","background-image":"","background-repeat":"repeat","background-position":"center center","background-size":"auto","background-attachment":"scroll","background-type":"","background-media":"","overlay-type":"","overlay-color":"","overlay-opacity":"","overlay-gradient":""},"mobile":{"background-color":"","background-image":"","background-repeat":"repeat","background-position":"center center","background-size":"auto","background-attachment":"scroll","background-type":"","background-media":"","overlay-type":"","overlay-color":"","overlay-opacity":"","overlay-gradient":""}},"ast-content-background-meta":{"desktop":{"background-color":"var(--ast-global-color-5)","background-image":"","background-repeat":"repeat","background-position":"center center","background-size":"auto","background-attachment":"scroll","background-type":"","background-media":"","overlay-type":"","overlay-color":"","overlay-opacity":"","overlay-gradient":""},"tablet":{"background-color":"var(--ast-global-color-5)","background-image":"","background-repeat":"repeat","background-position":"center center","background-size":"auto","background-attachment":"scroll","background-type":"","background-media":"","overlay-type":"","overlay-color":"","overlay-opacity":"","overlay-gradient":""},"mobile":{"background-color":"var(--ast-global-color-5)","background-image":"","background-repeat":"repeat","background-position":"center center","background-size":"auto","background-attachment":"scroll","background-type":"","background-media":"","overlay-type":"","overlay-color":"","overlay-opacity":"","overlay-gradient":""}},"footnotes":""},"categories":[],"tags":[],"class_list":["post-1155","post","type-post","status-publish","format-standard","has-post-thumbnail","hentry"],"yoast_head":"<!-- This site is optimized with the Yoast SEO plugin v27.4 - https:\/\/yoast.com\/product\/yoast-seo-wordpress\/ -->\n<title>Homosexualit\u00e9 et homophobie - Dami\u00e1n Ruiz<\/title>\n<meta name=\"robots\" content=\"index, follow, max-snippet:-1, max-image-preview:large, max-video-preview:-1\" \/>\n<link rel=\"canonical\" href=\"https:\/\/damianruiz.eu\/homosexualidad-y-homofobia\/\" \/>\n<meta property=\"og:locale\" content=\"fr_FR\" \/>\n<meta property=\"og:type\" content=\"article\" \/>\n<meta property=\"og:title\" content=\"Homosexualit\u00e9 et homophobie - Dami\u00e1n Ruiz\" \/>\n<meta property=\"og:description\" content=\"En me basant sur le r\u00e9cent scandale eccl\u00e9siastique en Catalogne, vox populi, et que je ne peux, comme d&rsquo;autres, que [&hellip;]\" \/>\n<meta property=\"og:url\" content=\"https:\/\/damianruiz.eu\/homosexualidad-y-homofobia\/\" \/>\n<meta property=\"og:site_name\" content=\"Dami\u00e1n Ruiz\" \/>\n<meta property=\"article:published_time\" content=\"2021-09-29T17:14:04+00:00\" \/>\n<meta property=\"og:image\" content=\"https:\/\/damianruiz.eu\/wp-content\/uploads\/2021\/09\/birds-g978db4d65_1920.jpeg\" \/>\n\t<meta property=\"og:image:width\" content=\"1920\" \/>\n\t<meta property=\"og:image:height\" content=\"1281\" \/>\n\t<meta property=\"og:image:type\" content=\"image\/jpeg\" \/>\n<meta name=\"author\" content=\"Dami\u00e1n Ruiz\" \/>\n<meta name=\"twitter:card\" content=\"summary_large_image\" \/>\n<meta name=\"twitter:label1\" content=\"\u00c9crit par\" \/>\n\t<meta name=\"twitter:data1\" content=\"Dami\u00e1n Ruiz\" \/>\n\t<meta name=\"twitter:label2\" content=\"Dur\u00e9e de lecture estim\u00e9e\" \/>\n\t<meta name=\"twitter:data2\" content=\"6 minutes\" \/>\n<script type=\"application\/ld+json\" class=\"yoast-schema-graph\">{\"@context\":\"https:\\\/\\\/schema.org\",\"@graph\":[{\"@type\":\"Article\",\"@id\":\"https:\\\/\\\/damianruiz.eu\\\/homosexualidad-y-homofobia\\\/#article\",\"isPartOf\":{\"@id\":\"https:\\\/\\\/damianruiz.eu\\\/homosexualidad-y-homofobia\\\/\"},\"author\":{\"name\":\"Dami\u00e1n Ruiz\",\"@id\":\"https:\\\/\\\/damianruiz.eu\\\/#\\\/schema\\\/person\\\/e4703116e00a576e1cfcea03de178c07\"},\"headline\":\"Homosexualit\u00e9 et homophobie\",\"datePublished\":\"2021-09-29T17:14:04+00:00\",\"mainEntityOfPage\":{\"@id\":\"https:\\\/\\\/damianruiz.eu\\\/homosexualidad-y-homofobia\\\/\"},\"wordCount\":1471,\"publisher\":{\"@id\":\"https:\\\/\\\/damianruiz.eu\\\/#organization\"},\"image\":{\"@id\":\"https:\\\/\\\/damianruiz.eu\\\/homosexualidad-y-homofobia\\\/#primaryimage\"},\"thumbnailUrl\":\"https:\\\/\\\/damianruiz.eu\\\/wp-content\\\/uploads\\\/2021\\\/09\\\/birds-g978db4d65_1920.jpeg\",\"inLanguage\":\"fr-FR\"},{\"@type\":\"WebPage\",\"@id\":\"https:\\\/\\\/damianruiz.eu\\\/homosexualidad-y-homofobia\\\/\",\"url\":\"https:\\\/\\\/damianruiz.eu\\\/homosexualidad-y-homofobia\\\/\",\"name\":\"Homosexualit\u00e9 et homophobie - Dami\u00e1n Ruiz\",\"isPartOf\":{\"@id\":\"https:\\\/\\\/damianruiz.eu\\\/#website\"},\"primaryImageOfPage\":{\"@id\":\"https:\\\/\\\/damianruiz.eu\\\/homosexualidad-y-homofobia\\\/#primaryimage\"},\"image\":{\"@id\":\"https:\\\/\\\/damianruiz.eu\\\/homosexualidad-y-homofobia\\\/#primaryimage\"},\"thumbnailUrl\":\"https:\\\/\\\/damianruiz.eu\\\/wp-content\\\/uploads\\\/2021\\\/09\\\/birds-g978db4d65_1920.jpeg\",\"datePublished\":\"2021-09-29T17:14:04+00:00\",\"breadcrumb\":{\"@id\":\"https:\\\/\\\/damianruiz.eu\\\/homosexualidad-y-homofobia\\\/#breadcrumb\"},\"inLanguage\":\"fr-FR\",\"potentialAction\":[{\"@type\":\"ReadAction\",\"target\":[\"https:\\\/\\\/damianruiz.eu\\\/homosexualidad-y-homofobia\\\/\"]}]},{\"@type\":\"ImageObject\",\"inLanguage\":\"fr-FR\",\"@id\":\"https:\\\/\\\/damianruiz.eu\\\/homosexualidad-y-homofobia\\\/#primaryimage\",\"url\":\"https:\\\/\\\/damianruiz.eu\\\/wp-content\\\/uploads\\\/2021\\\/09\\\/birds-g978db4d65_1920.jpeg\",\"contentUrl\":\"https:\\\/\\\/damianruiz.eu\\\/wp-content\\\/uploads\\\/2021\\\/09\\\/birds-g978db4d65_1920.jpeg\",\"width\":1920,\"height\":1281},{\"@type\":\"BreadcrumbList\",\"@id\":\"https:\\\/\\\/damianruiz.eu\\\/homosexualidad-y-homofobia\\\/#breadcrumb\",\"itemListElement\":[{\"@type\":\"ListItem\",\"position\":1,\"name\":\"Portada\",\"item\":\"https:\\\/\\\/damianruiz.eu\\\/fr\\\/\"},{\"@type\":\"ListItem\",\"position\":2,\"name\":\"Homosexualit\u00e9 et homophobie\"}]},{\"@type\":\"WebSite\",\"@id\":\"https:\\\/\\\/damianruiz.eu\\\/#website\",\"url\":\"https:\\\/\\\/damianruiz.eu\\\/\",\"name\":\"Dami\u00e1n Ruiz\",\"description\":\"Licenciado y Postgraduado en Psicolog\u00eda por la Universidad de Barcelona.\",\"publisher\":{\"@id\":\"https:\\\/\\\/damianruiz.eu\\\/#organization\"},\"potentialAction\":[{\"@type\":\"SearchAction\",\"target\":{\"@type\":\"EntryPoint\",\"urlTemplate\":\"https:\\\/\\\/damianruiz.eu\\\/?s={search_term_string}\"},\"query-input\":{\"@type\":\"PropertyValueSpecification\",\"valueRequired\":true,\"valueName\":\"search_term_string\"}}],\"inLanguage\":\"fr-FR\"},{\"@type\":\"Organization\",\"@id\":\"https:\\\/\\\/damianruiz.eu\\\/#organization\",\"name\":\"Dami\u00e1n Ruiz\",\"url\":\"https:\\\/\\\/damianruiz.eu\\\/\",\"logo\":{\"@type\":\"ImageObject\",\"inLanguage\":\"fr-FR\",\"@id\":\"https:\\\/\\\/damianruiz.eu\\\/#\\\/schema\\\/logo\\\/image\\\/\",\"url\":\"https:\\\/\\\/damianruiz.eu\\\/wp-content\\\/uploads\\\/2024\\\/04\\\/cropped-logo-2024-damian-ruiz-233.png\",\"contentUrl\":\"https:\\\/\\\/damianruiz.eu\\\/wp-content\\\/uploads\\\/2024\\\/04\\\/cropped-logo-2024-damian-ruiz-233.png\",\"width\":233,\"height\":60,\"caption\":\"Dami\u00e1n Ruiz\"},\"image\":{\"@id\":\"https:\\\/\\\/damianruiz.eu\\\/#\\\/schema\\\/logo\\\/image\\\/\"}},{\"@type\":\"Person\",\"@id\":\"https:\\\/\\\/damianruiz.eu\\\/#\\\/schema\\\/person\\\/e4703116e00a576e1cfcea03de178c07\",\"name\":\"Dami\u00e1n Ruiz\",\"url\":\"https:\\\/\\\/damianruiz.eu\\\/fr\\\/author\\\/damianruiz\\\/\"}]}<\/script>\n<!-- \/ Yoast SEO plugin. -->","yoast_head_json":{"title":"Homosexualit\u00e9 et homophobie - Dami\u00e1n Ruiz","robots":{"index":"index","follow":"follow","max-snippet":"max-snippet:-1","max-image-preview":"max-image-preview:large","max-video-preview":"max-video-preview:-1"},"canonical":"https:\/\/damianruiz.eu\/homosexualidad-y-homofobia\/","og_locale":"fr_FR","og_type":"article","og_title":"Homosexualit\u00e9 et homophobie - Dami\u00e1n Ruiz","og_description":"En me basant sur le r\u00e9cent scandale eccl\u00e9siastique en Catalogne, vox populi, et que je ne peux, comme d&rsquo;autres, que [&hellip;]","og_url":"https:\/\/damianruiz.eu\/homosexualidad-y-homofobia\/","og_site_name":"Dami\u00e1n Ruiz","article_published_time":"2021-09-29T17:14:04+00:00","og_image":[{"width":1920,"height":1281,"url":"https:\/\/damianruiz.eu\/wp-content\/uploads\/2021\/09\/birds-g978db4d65_1920.jpeg","type":"image\/jpeg"}],"author":"Dami\u00e1n Ruiz","twitter_card":"summary_large_image","twitter_misc":{"\u00c9crit par":"Dami\u00e1n Ruiz","Dur\u00e9e de lecture estim\u00e9e":"6 minutes"},"schema":{"@context":"https:\/\/schema.org","@graph":[{"@type":"Article","@id":"https:\/\/damianruiz.eu\/homosexualidad-y-homofobia\/#article","isPartOf":{"@id":"https:\/\/damianruiz.eu\/homosexualidad-y-homofobia\/"},"author":{"name":"Dami\u00e1n Ruiz","@id":"https:\/\/damianruiz.eu\/#\/schema\/person\/e4703116e00a576e1cfcea03de178c07"},"headline":"Homosexualit\u00e9 et homophobie","datePublished":"2021-09-29T17:14:04+00:00","mainEntityOfPage":{"@id":"https:\/\/damianruiz.eu\/homosexualidad-y-homofobia\/"},"wordCount":1471,"publisher":{"@id":"https:\/\/damianruiz.eu\/#organization"},"image":{"@id":"https:\/\/damianruiz.eu\/homosexualidad-y-homofobia\/#primaryimage"},"thumbnailUrl":"https:\/\/damianruiz.eu\/wp-content\/uploads\/2021\/09\/birds-g978db4d65_1920.jpeg","inLanguage":"fr-FR"},{"@type":"WebPage","@id":"https:\/\/damianruiz.eu\/homosexualidad-y-homofobia\/","url":"https:\/\/damianruiz.eu\/homosexualidad-y-homofobia\/","name":"Homosexualit\u00e9 et homophobie - Dami\u00e1n Ruiz","isPartOf":{"@id":"https:\/\/damianruiz.eu\/#website"},"primaryImageOfPage":{"@id":"https:\/\/damianruiz.eu\/homosexualidad-y-homofobia\/#primaryimage"},"image":{"@id":"https:\/\/damianruiz.eu\/homosexualidad-y-homofobia\/#primaryimage"},"thumbnailUrl":"https:\/\/damianruiz.eu\/wp-content\/uploads\/2021\/09\/birds-g978db4d65_1920.jpeg","datePublished":"2021-09-29T17:14:04+00:00","breadcrumb":{"@id":"https:\/\/damianruiz.eu\/homosexualidad-y-homofobia\/#breadcrumb"},"inLanguage":"fr-FR","potentialAction":[{"@type":"ReadAction","target":["https:\/\/damianruiz.eu\/homosexualidad-y-homofobia\/"]}]},{"@type":"ImageObject","inLanguage":"fr-FR","@id":"https:\/\/damianruiz.eu\/homosexualidad-y-homofobia\/#primaryimage","url":"https:\/\/damianruiz.eu\/wp-content\/uploads\/2021\/09\/birds-g978db4d65_1920.jpeg","contentUrl":"https:\/\/damianruiz.eu\/wp-content\/uploads\/2021\/09\/birds-g978db4d65_1920.jpeg","width":1920,"height":1281},{"@type":"BreadcrumbList","@id":"https:\/\/damianruiz.eu\/homosexualidad-y-homofobia\/#breadcrumb","itemListElement":[{"@type":"ListItem","position":1,"name":"Portada","item":"https:\/\/damianruiz.eu\/fr\/"},{"@type":"ListItem","position":2,"name":"Homosexualit\u00e9 et homophobie"}]},{"@type":"WebSite","@id":"https:\/\/damianruiz.eu\/#website","url":"https:\/\/damianruiz.eu\/","name":"Dami\u00e1n Ruiz","description":"Licenciado y Postgraduado en Psicolog\u00eda por la Universidad de Barcelona.","publisher":{"@id":"https:\/\/damianruiz.eu\/#organization"},"potentialAction":[{"@type":"SearchAction","target":{"@type":"EntryPoint","urlTemplate":"https:\/\/damianruiz.eu\/?s={search_term_string}"},"query-input":{"@type":"PropertyValueSpecification","valueRequired":true,"valueName":"search_term_string"}}],"inLanguage":"fr-FR"},{"@type":"Organization","@id":"https:\/\/damianruiz.eu\/#organization","name":"Dami\u00e1n Ruiz","url":"https:\/\/damianruiz.eu\/","logo":{"@type":"ImageObject","inLanguage":"fr-FR","@id":"https:\/\/damianruiz.eu\/#\/schema\/logo\/image\/","url":"https:\/\/damianruiz.eu\/wp-content\/uploads\/2024\/04\/cropped-logo-2024-damian-ruiz-233.png","contentUrl":"https:\/\/damianruiz.eu\/wp-content\/uploads\/2024\/04\/cropped-logo-2024-damian-ruiz-233.png","width":233,"height":60,"caption":"Dami\u00e1n Ruiz"},"image":{"@id":"https:\/\/damianruiz.eu\/#\/schema\/logo\/image\/"}},{"@type":"Person","@id":"https:\/\/damianruiz.eu\/#\/schema\/person\/e4703116e00a576e1cfcea03de178c07","name":"Dami\u00e1n Ruiz","url":"https:\/\/damianruiz.eu\/fr\/author\/damianruiz\/"}]}},"uagb_featured_image_src":{"full":["https:\/\/damianruiz.eu\/wp-content\/uploads\/2021\/09\/birds-g978db4d65_1920.jpeg",1920,1281,false],"thumbnail":["https:\/\/damianruiz.eu\/wp-content\/uploads\/2021\/09\/birds-g978db4d65_1920-150x150.jpeg",150,150,true],"medium":["https:\/\/damianruiz.eu\/wp-content\/uploads\/2021\/09\/birds-g978db4d65_1920-300x200.jpeg",300,200,true],"medium_large":["https:\/\/damianruiz.eu\/wp-content\/uploads\/2021\/09\/birds-g978db4d65_1920-768x512.jpeg",768,512,true],"large":["https:\/\/damianruiz.eu\/wp-content\/uploads\/2021\/09\/birds-g978db4d65_1920-1024x683.jpeg",1024,683,true],"1536x1536":["https:\/\/damianruiz.eu\/wp-content\/uploads\/2021\/09\/birds-g978db4d65_1920-1536x1025.jpeg",1536,1025,true],"2048x2048":["https:\/\/damianruiz.eu\/wp-content\/uploads\/2021\/09\/birds-g978db4d65_1920.jpeg",1920,1281,false]},"uagb_author_info":{"display_name":"Dami\u00e1n Ruiz","author_link":"https:\/\/damianruiz.eu\/fr\/author\/damianruiz\/"},"uagb_comment_info":0,"uagb_excerpt":"En me basant sur le r\u00e9cent scandale eccl\u00e9siastique en Catalogne, vox populi, et que je ne peux, comme d&rsquo;autres, que [&hellip;]","_links":{"self":[{"href":"https:\/\/damianruiz.eu\/fr\/wp-json\/wp\/v2\/posts\/1155","targetHints":{"allow":["GET"]}}],"collection":[{"href":"https:\/\/damianruiz.eu\/fr\/wp-json\/wp\/v2\/posts"}],"about":[{"href":"https:\/\/damianruiz.eu\/fr\/wp-json\/wp\/v2\/types\/post"}],"author":[{"embeddable":true,"href":"https:\/\/damianruiz.eu\/fr\/wp-json\/wp\/v2\/users\/4"}],"replies":[{"embeddable":true,"href":"https:\/\/damianruiz.eu\/fr\/wp-json\/wp\/v2\/comments?post=1155"}],"version-history":[{"count":2,"href":"https:\/\/damianruiz.eu\/fr\/wp-json\/wp\/v2\/posts\/1155\/revisions"}],"predecessor-version":[{"id":1160,"href":"https:\/\/damianruiz.eu\/fr\/wp-json\/wp\/v2\/posts\/1155\/revisions\/1160"}],"wp:featuredmedia":[{"embeddable":true,"href":"https:\/\/damianruiz.eu\/fr\/wp-json\/wp\/v2\/media\/1149"}],"wp:attachment":[{"href":"https:\/\/damianruiz.eu\/fr\/wp-json\/wp\/v2\/media?parent=1155"}],"wp:term":[{"taxonomy":"category","embeddable":true,"href":"https:\/\/damianruiz.eu\/fr\/wp-json\/wp\/v2\/categories?post=1155"},{"taxonomy":"post_tag","embeddable":true,"href":"https:\/\/damianruiz.eu\/fr\/wp-json\/wp\/v2\/tags?post=1155"}],"curies":[{"name":"wp","href":"https:\/\/api.w.org\/{rel}","templated":true}]}}