{"id":1223,"date":"2021-11-16T18:15:30","date_gmt":"2021-11-16T18:15:30","guid":{"rendered":"https:\/\/damianruiz.eu\/?p=1223"},"modified":"2021-11-16T18:15:30","modified_gmt":"2021-11-16T18:15:30","slug":"identites-de-genre-symboles-archetypes-et-inconscient-collectif","status":"publish","type":"post","link":"https:\/\/damianruiz.eu\/fr\/identites-de-genre-symboles-archetypes-et-inconscient-collectif\/","title":{"rendered":"Identit\u00e9s de genre, symboles, arch\u00e9types et inconscient collectif"},"content":{"rendered":"<p><strong>Dami\u00e1n Ruiz<\/strong><\/p>\n<p><i><span style=\"font-weight: 400;\">\u00ab\u00a0Comme tout serait facile si le genre et le sexe biologique pouvaient \u00eatre directement identifi\u00e9s, et une fois cela fait, nous pourrions tout d\u00e9finir sous le param\u00e8tre de l&rsquo;orientation h\u00e9t\u00e9rosexuelle\u00a0\u00bb.<\/span><\/i><\/p>\n<p><i><span style=\"font-weight: 400;\">Il a un p\u00e9nis et des testicules : il est un homme et aime les femmes.<br \/>\n<\/span><\/i><i><span style=\"font-weight: 400;\">Il a un vagin et des seins : il est une femme et aime les hommes.<\/span><\/i><\/p>\n<hr style=\"max-width: 220px; margin: auto; margin-bottom: 1.5rem; border-color: black;\" \/>\n<p><span style=\"font-weight: 400;\">Avant que les religions monoth\u00e9istes (christianisme, juda\u00efsme, islam) n&rsquo;unifient les concepts sacr\u00e9s dans certains symboles &#8211; et que l&rsquo;humanit\u00e9 ne soit guid\u00e9e par des principes collectifs d\u00e9finis, parmi lesquels la dualit\u00e9 homme-femme, reliant le genre et le sexe biologique, et l&rsquo;orientation h\u00e9t\u00e9rosexuelle exclusive comme moralement valable &#8211; il existait une tradition pa\u00efenne et polyth\u00e9iste, grecque et romaine, o\u00f9 les mythes, les hommes, les dieux et les demi-dieux, repr\u00e9sentaient une multidisciplinarit\u00e9 d&rsquo;arch\u00e9types psychologiques.<br \/>\n<\/span><span style=\"font-weight: 400;\">Ces arch\u00e9types constituaient diverses formes d&rsquo;expression de l&rsquo;humain et, en principe, la condition de \u201cl&rsquo;\u00eatre\u00a0\u00bb n&rsquo;\u00e9tait pas susceptible d&rsquo;\u00eatre punie, mais les actes pouvant g\u00e9n\u00e9rer la col\u00e8re des dieux, en particulier Zeus ou Jupiter, le dieu supr\u00eame de l&rsquo;Olympe.<\/span><\/p>\n<p><span style=\"font-weight: 400;\">L&rsquo;inconscient collectif d&rsquo;une grande partie du monde a \u00e9t\u00e9 conquis par les religions monoth\u00e9istes, et le paganisme est rest\u00e9 dans une place sous-jacente, probablement latente, dans la psych\u00e9 de diff\u00e9rentes cultures, en particulier le christianisme, qui est celui qui est venu remplacer, dans le m\u00eame territoire originel, la pl\u00e9thore de dieux par un Dieu unique.<br \/>\n<\/span><span style=\"font-weight: 400;\">Autour de ce Dieu unique, juifs et chr\u00e9tiens, Ancien Testament pour les premiers, Ancien et Nouveau pour les seconds, ainsi que le Coran pour les musulmans, les arch\u00e9types valides ont \u00e9t\u00e9 r\u00e9duits et donc, non seulement dans la psych\u00e9 collective, mais aussi dans la psych\u00e9 individuelle, toutes les formes, tous les sentiments, \u00e9trangers aux principes sacr\u00e9s de ces religions.<br \/>\n<\/span><span style=\"font-weight: 400;\">La nature humaine est pass\u00e9e de la multiplicit\u00e9 visible \u00e0 l&rsquo;unicit\u00e9, et seules deux natures pouvaient exister, sauf dans l&rsquo;ombre collective et individuelle (lib\u00e9r\u00e9e de mani\u00e8re plaisante dans les festivit\u00e9s telles que le carnaval) : l&rsquo;homme et la femme, tous deux dot\u00e9s des attributs propres \u00e0 leur sexe et orient\u00e9s dans le d\u00e9sir, exclusivement, vers le sexe oppos\u00e9.<br \/>\n<\/span><span style=\"font-weight: 400;\">La procr\u00e9ation \u00e9tait consid\u00e9r\u00e9e comme le facteur fondamental de l&rsquo;union des deux, et toute d\u00e9viation ou \u00e9cart, dans la conduite ou l&rsquo;essence, de ces arch\u00e9types primordiaux \u00e9tait s\u00e9v\u00e8rement puni.<\/span><\/p>\n<p><span style=\"font-weight: 400;\">Cette \u00ab\u00a0s\u00e9v\u00e9rit\u00e9\u00a0\u00bb des normes \u00e9tait destin\u00e9e \u00e0 favoriser la prise de conscience et le d\u00e9veloppement de cette nature divine de \u00ab\u00a0l&rsquo;homme\u00a0\u00bb. \u00ab\u00a0Le sup\u00e9rieur de la terre, l&rsquo;inf\u00e9rieur du ciel\u00a0\u00bb, comme dirait Thomas d&rsquo;Aquin. Le symbole et l&rsquo;unicit\u00e9 permettraient une certaine asc\u00e8se et \u00e9volution de l&rsquo;\u00e2me humaine, acqu\u00e9rant la connaissance du potentiel \u00e9manant de la Foi, de l&rsquo;Esp\u00e9rance et de l&rsquo;Amour, comme le rappellera Saint Paul dans sa lettre aux Corinthiens.<br \/>\n<\/span><span style=\"font-weight: 400;\">Pour la grande majorit\u00e9, cependant, ce n&rsquo;\u00e9tait rien de plus qu&rsquo;un code de conduite.<\/span><\/p>\n<p><span style=\"font-weight: 400;\">Le christianisme, le juda\u00efsme et l&rsquo;islam ont \u00e9t\u00e9 \u00e9nerv\u00e9s par la coutume, et par les armes, et ont fini par s&rsquo;imposer dans la psych\u00e9 collective, de sorte que chaque individu est devenu un \u00ab\u00a0guerrier\u00a0\u00bb au service de sa religion.<\/span><\/p>\n<p><span style=\"font-weight: 400;\">Entre-temps, o\u00f9 vivaient les diff\u00e9rentes repr\u00e9sentations de l&rsquo;humanit\u00e9, o\u00f9 se nichaient Dionysos et Aphrodite, o\u00f9 se nichaient H\u00e9pha\u00efstos et Art\u00e9mis, avaient-ils disparu ou attendaient-ils patiemment leur retour ?<br \/>\n<\/span><span style=\"font-weight: 400;\">Au moment o\u00f9 les psych\u00e9s se d\u00e9tachent, diluent progressivement un \u00ab\u00a0tout\u00a0\u00bb culturel ou religieux, surgit ce qui se d\u00e9double, le \u00ab\u00a0diabolique\u00a0\u00bb peut-\u00eatre en ce qu&rsquo;il \u00e9teint progressivement les symboles qui \u00e9taient tout-puissants \u00e0 un stade de l&rsquo;humanit\u00e9.<\/span><\/p>\n<p><span style=\"font-weight: 400;\">-C&rsquo;est une \u00e9poque de d\u00e9cadence de la tradition chr\u00e9tienne. Ce qui, il n&rsquo;y a pas si longtemps, oignait le psychisme avec vigueur, est aujourd&rsquo;hui entach\u00e9 d&rsquo;une sentimentalit\u00e9 banale, d&rsquo;une culpabilit\u00e9 pour les \u00ab\u00a0p\u00e9ch\u00e9s\u00a0\u00bb accumul\u00e9s par une partie, peut-\u00eatre une minorit\u00e9, de l&rsquo;\u00c9glise catholique, et surtout pour l&rsquo;influence sans cesse d\u00e9croissante dans les soci\u00e9t\u00e9s occidentales dont elle \u00e9tait une composante.<br \/>\n<\/span><span style=\"font-weight: 400;\">Le christianisme a \u00e9galement \u00e9clat\u00e9 en une multiplicit\u00e9 de formes et de normes, laissant entrer des \u00e9l\u00e9ments proprement pa\u00efens dans certaines de ses nouvelles \u00c9glises.<\/span><\/p>\n<p><span style=\"font-weight: 400;\">Les symboles qui ont \u00e9t\u00e9 forts et pr\u00e9dominants pendant des si\u00e8cles s&rsquo;estompent et la multiplicit\u00e9 \u00e9merge \u00e0 nouveau.<\/span><\/p>\n<p><span style=\"font-weight: 400;\">Les \u00ab\u00a0dieux, demi-dieux et titans\u00a0\u00bb se d\u00e9voilent et r\u00e9apparaissent, et les humains s&rsquo;incarnent \u00e0 nouveau dans une diversit\u00e9 de formes, d&rsquo;arch\u00e9types et d&rsquo;orientations.<\/span><\/p>\n<p><span style=\"font-weight: 400;\">Collectivement, cela deviendra, pour l&rsquo;auteur, de plus en plus normal et donc normatif.<br \/>\n<\/span><span style=\"font-weight: 400;\">La recherche d&rsquo;une pathologie individuelle dans une r\u00e9alit\u00e9 sociale arrivera \u00e0 un point o\u00f9 ce sera une t\u00e2che ardue, je dirais m\u00eame \u00e9norme.<br \/>\n<\/span><span style=\"font-weight: 400;\">Nous devrons accepter les diff\u00e9rentes auto-configurations comme valides, au-del\u00e0 de la souffrance qui peut \u00eatre caus\u00e9e aux premi\u00e8res g\u00e9n\u00e9rations de personnes \u00ab\u00a0diff\u00e9rentes\u00a0\u00bb par le fait de se s\u00e9parer d&rsquo;un collectif symbolique et terrestre (chr\u00e9tien, juif, musulman) qui, m\u00eame dans ses derniers jours, continue \u00e0 \u00eatre pr\u00e9dominant dans l&rsquo;inconscient collectif de la soci\u00e9t\u00e9.<\/span><\/p>\n<p><span style=\"font-weight: 400;\">Lorsque nous entendons un jeune homme, n\u00e9 de sexe masculin (par exemple), dire qu&rsquo;il se sent comme une femme, ou qu&rsquo;il se sent parfois comme une femme et parfois comme un homme, ou qu&rsquo;il a d\u00e9cid\u00e9 de subir une transformation et une transition physique, par le biais d&rsquo;une intervention chirurgicale pour changer de sexe, mais qu&rsquo;il aime toujours les femmes, nous pouvons l&rsquo;attribuer \u00e0 un trouble de la personnalit\u00e9 ou \u00e0 une psychose de base, mais peut-\u00eatre, et probablement, ce n&rsquo;est rien de plus qu&rsquo;une r\u00e9alit\u00e9 des temps nouveaux.<\/span><\/p>\n<p><span style=\"font-weight: 400;\">Si nous nous concentrons sur l&rsquo;individu qui souffre, quel qu&rsquo;il soit, nous pouvons percevoir qu&rsquo;il y a quelque chose en lui qui le transcende, qui va au-del\u00e0 de sa propre psych\u00e9, et ce n&rsquo;est peut-\u00eatre rien d&rsquo;autre que le changement de paradigme qui repr\u00e9sente la chute d&rsquo;une civilisation, l&rsquo;affaiblissement d&rsquo;un inconscient collectif qui permet \u00e0 ce qui \u00e9tait cach\u00e9, \u00e9galement en lui, d&rsquo;\u00e9merger avec force.<\/span><\/p>\n<p><span style=\"font-weight: 400;\">Ne pas juger et aider, de mani\u00e8re inconditionnelle, \u00e0 trouver une certaine paix sera la t\u00e2che la plus complexe, car nous serons tent\u00e9s de demander une rectification. Mais ce sont des temps diff\u00e9rents.<\/span><\/p>\n<p><span style=\"font-weight: 400;\">Le d\u00e9clin du symbolique permet la r\u00e9surgence de la scission.<\/span><\/p>\n<p style=\"text-align: right;\"><span style=\"font-weight: 400;\">Dami\u00e1n Ruiz<br \/>\n<\/span><span style=\"font-weight: 400;\">Barcelone, 16 novembre 2021<br \/>\n<\/span><span style=\"font-weight: 400;\">www.damianruiz.eu<\/span><\/p>\n","protected":false},"excerpt":{"rendered":"<p>Dami\u00e1n Ruiz \u00ab\u00a0Comme tout serait facile si le genre et le sexe biologique pouvaient \u00eatre directement identifi\u00e9s, et une fois [&hellip;]<\/p>\n","protected":false},"author":4,"featured_media":1217,"comment_status":"closed","ping_status":"closed","sticky":false,"template":"","format":"standard","meta":{"_uag_custom_page_level_css":"","site-sidebar-layout":"default","site-content-layout":"","ast-site-content-layout":"default","site-content-style":"default","site-sidebar-style":"default","ast-global-header-display":"","ast-banner-title-visibility":"","ast-main-header-display":"","ast-hfb-above-header-display":"","ast-hfb-below-header-display":"","ast-hfb-mobile-header-display":"","site-post-title":"","ast-breadcrumbs-content":"","ast-featured-img":"","footer-sml-layout":"","theme-transparent-header-meta":"","adv-header-id-meta":"","stick-header-meta":"","header-above-stick-meta":"","header-main-stick-meta":"","header-below-stick-meta":"","astra-migrate-meta-layouts":"default","ast-page-background-enabled":"default","ast-page-background-meta":{"desktop":{"background-color":"var(--ast-global-color-4)","background-image":"","background-repeat":"repeat","background-position":"center center","background-size":"auto","background-attachment":"scroll","background-type":"","background-media":"","overlay-type":"","overlay-color":"","overlay-opacity":"","overlay-gradient":""},"tablet":{"background-color":"","background-image":"","background-repeat":"repeat","background-position":"center center","background-size":"auto","background-attachment":"scroll","background-type":"","background-media":"","overlay-type":"","overlay-color":"","overlay-opacity":"","overlay-gradient":""},"mobile":{"background-color":"","background-image":"","background-repeat":"repeat","background-position":"center center","background-size":"auto","background-attachment":"scroll","background-type":"","background-media":"","overlay-type":"","overlay-color":"","overlay-opacity":"","overlay-gradient":""}},"ast-content-background-meta":{"desktop":{"background-color":"var(--ast-global-color-5)","background-image":"","background-repeat":"repeat","background-position":"center center","background-size":"auto","background-attachment":"scroll","background-type":"","background-media":"","overlay-type":"","overlay-color":"","overlay-opacity":"","overlay-gradient":""},"tablet":{"background-color":"var(--ast-global-color-5)","background-image":"","background-repeat":"repeat","background-position":"center center","background-size":"auto","background-attachment":"scroll","background-type":"","background-media":"","overlay-type":"","overlay-color":"","overlay-opacity":"","overlay-gradient":""},"mobile":{"background-color":"var(--ast-global-color-5)","background-image":"","background-repeat":"repeat","background-position":"center center","background-size":"auto","background-attachment":"scroll","background-type":"","background-media":"","overlay-type":"","overlay-color":"","overlay-opacity":"","overlay-gradient":""}},"footnotes":""},"categories":[],"tags":[],"class_list":["post-1223","post","type-post","status-publish","format-standard","has-post-thumbnail","hentry"],"yoast_head":"<!-- This site is optimized with the Yoast SEO plugin v27.5 - https:\/\/yoast.com\/product\/yoast-seo-wordpress\/ -->\n<title>Identit\u00e9s de genre, symboles, arch\u00e9types et inconscient collectif - Dami\u00e1n Ruiz<\/title>\n<meta name=\"robots\" content=\"index, follow, max-snippet:-1, max-image-preview:large, max-video-preview:-1\" \/>\n<link rel=\"canonical\" href=\"https:\/\/damianruiz.eu\/identidades-de-genero-simbolos-arquetipos-e-inconsciente-colectivo\/\" \/>\n<meta property=\"og:locale\" content=\"fr_FR\" \/>\n<meta property=\"og:type\" content=\"article\" \/>\n<meta property=\"og:title\" content=\"Identit\u00e9s de genre, symboles, arch\u00e9types et inconscient collectif - Dami\u00e1n Ruiz\" \/>\n<meta property=\"og:description\" content=\"Dami\u00e1n Ruiz \u00ab\u00a0Comme tout serait facile si le genre et le sexe biologique pouvaient \u00eatre directement identifi\u00e9s, et une fois [&hellip;]\" \/>\n<meta property=\"og:url\" content=\"https:\/\/damianruiz.eu\/identidades-de-genero-simbolos-arquetipos-e-inconsciente-colectivo\/\" \/>\n<meta property=\"og:site_name\" content=\"Dami\u00e1n Ruiz\" \/>\n<meta property=\"article:published_time\" content=\"2021-11-16T18:15:30+00:00\" \/>\n<meta property=\"og:image\" content=\"https:\/\/damianruiz.eu\/wp-content\/uploads\/2021\/11\/gender-6188940_1920-1.jpeg\" \/>\n\t<meta property=\"og:image:width\" content=\"1920\" \/>\n\t<meta property=\"og:image:height\" content=\"853\" \/>\n\t<meta property=\"og:image:type\" content=\"image\/jpeg\" \/>\n<meta name=\"author\" content=\"Dami\u00e1n Ruiz\" \/>\n<meta name=\"twitter:card\" content=\"summary_large_image\" \/>\n<meta name=\"twitter:label1\" content=\"\u00c9crit par\" \/>\n\t<meta name=\"twitter:data1\" content=\"Dami\u00e1n Ruiz\" \/>\n\t<meta name=\"twitter:label2\" content=\"Dur\u00e9e de lecture estim\u00e9e\" \/>\n\t<meta name=\"twitter:data2\" content=\"5 minutes\" \/>\n<script type=\"application\/ld+json\" class=\"yoast-schema-graph\">{\"@context\":\"https:\\\/\\\/schema.org\",\"@graph\":[{\"@type\":\"Article\",\"@id\":\"https:\\\/\\\/damianruiz.eu\\\/identidades-de-genero-simbolos-arquetipos-e-inconsciente-colectivo\\\/#article\",\"isPartOf\":{\"@id\":\"https:\\\/\\\/damianruiz.eu\\\/identidades-de-genero-simbolos-arquetipos-e-inconsciente-colectivo\\\/\"},\"author\":{\"name\":\"Dami\u00e1n Ruiz\",\"@id\":\"https:\\\/\\\/damianruiz.eu\\\/#\\\/schema\\\/person\\\/e4703116e00a576e1cfcea03de178c07\"},\"headline\":\"Identit\u00e9s de genre, symboles, arch\u00e9types et inconscient collectif\",\"datePublished\":\"2021-11-16T18:15:30+00:00\",\"mainEntityOfPage\":{\"@id\":\"https:\\\/\\\/damianruiz.eu\\\/identidades-de-genero-simbolos-arquetipos-e-inconsciente-colectivo\\\/\"},\"wordCount\":1147,\"publisher\":{\"@id\":\"https:\\\/\\\/damianruiz.eu\\\/#organization\"},\"image\":{\"@id\":\"https:\\\/\\\/damianruiz.eu\\\/identidades-de-genero-simbolos-arquetipos-e-inconsciente-colectivo\\\/#primaryimage\"},\"thumbnailUrl\":\"https:\\\/\\\/damianruiz.eu\\\/wp-content\\\/uploads\\\/2021\\\/11\\\/gender-6188940_1920-1.jpeg\",\"inLanguage\":\"fr-FR\"},{\"@type\":\"WebPage\",\"@id\":\"https:\\\/\\\/damianruiz.eu\\\/identidades-de-genero-simbolos-arquetipos-e-inconsciente-colectivo\\\/\",\"url\":\"https:\\\/\\\/damianruiz.eu\\\/identidades-de-genero-simbolos-arquetipos-e-inconsciente-colectivo\\\/\",\"name\":\"Identit\u00e9s de genre, symboles, arch\u00e9types et inconscient collectif - Dami\u00e1n Ruiz\",\"isPartOf\":{\"@id\":\"https:\\\/\\\/damianruiz.eu\\\/#website\"},\"primaryImageOfPage\":{\"@id\":\"https:\\\/\\\/damianruiz.eu\\\/identidades-de-genero-simbolos-arquetipos-e-inconsciente-colectivo\\\/#primaryimage\"},\"image\":{\"@id\":\"https:\\\/\\\/damianruiz.eu\\\/identidades-de-genero-simbolos-arquetipos-e-inconsciente-colectivo\\\/#primaryimage\"},\"thumbnailUrl\":\"https:\\\/\\\/damianruiz.eu\\\/wp-content\\\/uploads\\\/2021\\\/11\\\/gender-6188940_1920-1.jpeg\",\"datePublished\":\"2021-11-16T18:15:30+00:00\",\"breadcrumb\":{\"@id\":\"https:\\\/\\\/damianruiz.eu\\\/identidades-de-genero-simbolos-arquetipos-e-inconsciente-colectivo\\\/#breadcrumb\"},\"inLanguage\":\"fr-FR\",\"potentialAction\":[{\"@type\":\"ReadAction\",\"target\":[\"https:\\\/\\\/damianruiz.eu\\\/identidades-de-genero-simbolos-arquetipos-e-inconsciente-colectivo\\\/\"]}]},{\"@type\":\"ImageObject\",\"inLanguage\":\"fr-FR\",\"@id\":\"https:\\\/\\\/damianruiz.eu\\\/identidades-de-genero-simbolos-arquetipos-e-inconsciente-colectivo\\\/#primaryimage\",\"url\":\"https:\\\/\\\/damianruiz.eu\\\/wp-content\\\/uploads\\\/2021\\\/11\\\/gender-6188940_1920-1.jpeg\",\"contentUrl\":\"https:\\\/\\\/damianruiz.eu\\\/wp-content\\\/uploads\\\/2021\\\/11\\\/gender-6188940_1920-1.jpeg\",\"width\":1920,\"height\":853},{\"@type\":\"BreadcrumbList\",\"@id\":\"https:\\\/\\\/damianruiz.eu\\\/identidades-de-genero-simbolos-arquetipos-e-inconsciente-colectivo\\\/#breadcrumb\",\"itemListElement\":[{\"@type\":\"ListItem\",\"position\":1,\"name\":\"Portada\",\"item\":\"https:\\\/\\\/damianruiz.eu\\\/fr\\\/\"},{\"@type\":\"ListItem\",\"position\":2,\"name\":\"Identit\u00e9s de genre, symboles, arch\u00e9types et inconscient collectif\"}]},{\"@type\":\"WebSite\",\"@id\":\"https:\\\/\\\/damianruiz.eu\\\/#website\",\"url\":\"https:\\\/\\\/damianruiz.eu\\\/\",\"name\":\"Dami\u00e1n Ruiz\",\"description\":\"Licenciado y Postgraduado en Psicolog\u00eda por la Universidad de Barcelona.\",\"publisher\":{\"@id\":\"https:\\\/\\\/damianruiz.eu\\\/#organization\"},\"potentialAction\":[{\"@type\":\"SearchAction\",\"target\":{\"@type\":\"EntryPoint\",\"urlTemplate\":\"https:\\\/\\\/damianruiz.eu\\\/?s={search_term_string}\"},\"query-input\":{\"@type\":\"PropertyValueSpecification\",\"valueRequired\":true,\"valueName\":\"search_term_string\"}}],\"inLanguage\":\"fr-FR\"},{\"@type\":\"Organization\",\"@id\":\"https:\\\/\\\/damianruiz.eu\\\/#organization\",\"name\":\"Dami\u00e1n Ruiz\",\"url\":\"https:\\\/\\\/damianruiz.eu\\\/\",\"logo\":{\"@type\":\"ImageObject\",\"inLanguage\":\"fr-FR\",\"@id\":\"https:\\\/\\\/damianruiz.eu\\\/#\\\/schema\\\/logo\\\/image\\\/\",\"url\":\"https:\\\/\\\/damianruiz.eu\\\/wp-content\\\/uploads\\\/2024\\\/04\\\/cropped-logo-2024-damian-ruiz-233.png\",\"contentUrl\":\"https:\\\/\\\/damianruiz.eu\\\/wp-content\\\/uploads\\\/2024\\\/04\\\/cropped-logo-2024-damian-ruiz-233.png\",\"width\":233,\"height\":60,\"caption\":\"Dami\u00e1n Ruiz\"},\"image\":{\"@id\":\"https:\\\/\\\/damianruiz.eu\\\/#\\\/schema\\\/logo\\\/image\\\/\"}},{\"@type\":\"Person\",\"@id\":\"https:\\\/\\\/damianruiz.eu\\\/#\\\/schema\\\/person\\\/e4703116e00a576e1cfcea03de178c07\",\"name\":\"Dami\u00e1n Ruiz\",\"url\":\"https:\\\/\\\/damianruiz.eu\\\/fr\\\/author\\\/damianruiz\\\/\"}]}<\/script>\n<!-- \/ Yoast SEO plugin. -->","yoast_head_json":{"title":"Identit\u00e9s de genre, symboles, arch\u00e9types et inconscient collectif - Dami\u00e1n Ruiz","robots":{"index":"index","follow":"follow","max-snippet":"max-snippet:-1","max-image-preview":"max-image-preview:large","max-video-preview":"max-video-preview:-1"},"canonical":"https:\/\/damianruiz.eu\/identidades-de-genero-simbolos-arquetipos-e-inconsciente-colectivo\/","og_locale":"fr_FR","og_type":"article","og_title":"Identit\u00e9s de genre, symboles, arch\u00e9types et inconscient collectif - Dami\u00e1n Ruiz","og_description":"Dami\u00e1n Ruiz \u00ab\u00a0Comme tout serait facile si le genre et le sexe biologique pouvaient \u00eatre directement identifi\u00e9s, et une fois [&hellip;]","og_url":"https:\/\/damianruiz.eu\/identidades-de-genero-simbolos-arquetipos-e-inconsciente-colectivo\/","og_site_name":"Dami\u00e1n Ruiz","article_published_time":"2021-11-16T18:15:30+00:00","og_image":[{"width":1920,"height":853,"url":"https:\/\/damianruiz.eu\/wp-content\/uploads\/2021\/11\/gender-6188940_1920-1.jpeg","type":"image\/jpeg"}],"author":"Dami\u00e1n Ruiz","twitter_card":"summary_large_image","twitter_misc":{"\u00c9crit par":"Dami\u00e1n Ruiz","Dur\u00e9e de lecture estim\u00e9e":"5 minutes"},"schema":{"@context":"https:\/\/schema.org","@graph":[{"@type":"Article","@id":"https:\/\/damianruiz.eu\/identidades-de-genero-simbolos-arquetipos-e-inconsciente-colectivo\/#article","isPartOf":{"@id":"https:\/\/damianruiz.eu\/identidades-de-genero-simbolos-arquetipos-e-inconsciente-colectivo\/"},"author":{"name":"Dami\u00e1n Ruiz","@id":"https:\/\/damianruiz.eu\/#\/schema\/person\/e4703116e00a576e1cfcea03de178c07"},"headline":"Identit\u00e9s de genre, symboles, arch\u00e9types et inconscient collectif","datePublished":"2021-11-16T18:15:30+00:00","mainEntityOfPage":{"@id":"https:\/\/damianruiz.eu\/identidades-de-genero-simbolos-arquetipos-e-inconsciente-colectivo\/"},"wordCount":1147,"publisher":{"@id":"https:\/\/damianruiz.eu\/#organization"},"image":{"@id":"https:\/\/damianruiz.eu\/identidades-de-genero-simbolos-arquetipos-e-inconsciente-colectivo\/#primaryimage"},"thumbnailUrl":"https:\/\/damianruiz.eu\/wp-content\/uploads\/2021\/11\/gender-6188940_1920-1.jpeg","inLanguage":"fr-FR"},{"@type":"WebPage","@id":"https:\/\/damianruiz.eu\/identidades-de-genero-simbolos-arquetipos-e-inconsciente-colectivo\/","url":"https:\/\/damianruiz.eu\/identidades-de-genero-simbolos-arquetipos-e-inconsciente-colectivo\/","name":"Identit\u00e9s de genre, symboles, arch\u00e9types et inconscient collectif - Dami\u00e1n Ruiz","isPartOf":{"@id":"https:\/\/damianruiz.eu\/#website"},"primaryImageOfPage":{"@id":"https:\/\/damianruiz.eu\/identidades-de-genero-simbolos-arquetipos-e-inconsciente-colectivo\/#primaryimage"},"image":{"@id":"https:\/\/damianruiz.eu\/identidades-de-genero-simbolos-arquetipos-e-inconsciente-colectivo\/#primaryimage"},"thumbnailUrl":"https:\/\/damianruiz.eu\/wp-content\/uploads\/2021\/11\/gender-6188940_1920-1.jpeg","datePublished":"2021-11-16T18:15:30+00:00","breadcrumb":{"@id":"https:\/\/damianruiz.eu\/identidades-de-genero-simbolos-arquetipos-e-inconsciente-colectivo\/#breadcrumb"},"inLanguage":"fr-FR","potentialAction":[{"@type":"ReadAction","target":["https:\/\/damianruiz.eu\/identidades-de-genero-simbolos-arquetipos-e-inconsciente-colectivo\/"]}]},{"@type":"ImageObject","inLanguage":"fr-FR","@id":"https:\/\/damianruiz.eu\/identidades-de-genero-simbolos-arquetipos-e-inconsciente-colectivo\/#primaryimage","url":"https:\/\/damianruiz.eu\/wp-content\/uploads\/2021\/11\/gender-6188940_1920-1.jpeg","contentUrl":"https:\/\/damianruiz.eu\/wp-content\/uploads\/2021\/11\/gender-6188940_1920-1.jpeg","width":1920,"height":853},{"@type":"BreadcrumbList","@id":"https:\/\/damianruiz.eu\/identidades-de-genero-simbolos-arquetipos-e-inconsciente-colectivo\/#breadcrumb","itemListElement":[{"@type":"ListItem","position":1,"name":"Portada","item":"https:\/\/damianruiz.eu\/fr\/"},{"@type":"ListItem","position":2,"name":"Identit\u00e9s de genre, symboles, arch\u00e9types et inconscient collectif"}]},{"@type":"WebSite","@id":"https:\/\/damianruiz.eu\/#website","url":"https:\/\/damianruiz.eu\/","name":"Dami\u00e1n Ruiz","description":"Licenciado y Postgraduado en Psicolog\u00eda por la Universidad de Barcelona.","publisher":{"@id":"https:\/\/damianruiz.eu\/#organization"},"potentialAction":[{"@type":"SearchAction","target":{"@type":"EntryPoint","urlTemplate":"https:\/\/damianruiz.eu\/?s={search_term_string}"},"query-input":{"@type":"PropertyValueSpecification","valueRequired":true,"valueName":"search_term_string"}}],"inLanguage":"fr-FR"},{"@type":"Organization","@id":"https:\/\/damianruiz.eu\/#organization","name":"Dami\u00e1n Ruiz","url":"https:\/\/damianruiz.eu\/","logo":{"@type":"ImageObject","inLanguage":"fr-FR","@id":"https:\/\/damianruiz.eu\/#\/schema\/logo\/image\/","url":"https:\/\/damianruiz.eu\/wp-content\/uploads\/2024\/04\/cropped-logo-2024-damian-ruiz-233.png","contentUrl":"https:\/\/damianruiz.eu\/wp-content\/uploads\/2024\/04\/cropped-logo-2024-damian-ruiz-233.png","width":233,"height":60,"caption":"Dami\u00e1n Ruiz"},"image":{"@id":"https:\/\/damianruiz.eu\/#\/schema\/logo\/image\/"}},{"@type":"Person","@id":"https:\/\/damianruiz.eu\/#\/schema\/person\/e4703116e00a576e1cfcea03de178c07","name":"Dami\u00e1n Ruiz","url":"https:\/\/damianruiz.eu\/fr\/author\/damianruiz\/"}]}},"uagb_featured_image_src":{"full":["https:\/\/damianruiz.eu\/wp-content\/uploads\/2021\/11\/gender-6188940_1920-1.jpeg",1920,853,false],"thumbnail":["https:\/\/damianruiz.eu\/wp-content\/uploads\/2021\/11\/gender-6188940_1920-1-150x150.jpeg",150,150,true],"medium":["https:\/\/damianruiz.eu\/wp-content\/uploads\/2021\/11\/gender-6188940_1920-1-300x133.jpeg",300,133,true],"medium_large":["https:\/\/damianruiz.eu\/wp-content\/uploads\/2021\/11\/gender-6188940_1920-1-768x341.jpeg",768,341,true],"large":["https:\/\/damianruiz.eu\/wp-content\/uploads\/2021\/11\/gender-6188940_1920-1-1024x455.jpeg",1024,455,true],"1536x1536":["https:\/\/damianruiz.eu\/wp-content\/uploads\/2021\/11\/gender-6188940_1920-1-1536x682.jpeg",1536,682,true],"2048x2048":["https:\/\/damianruiz.eu\/wp-content\/uploads\/2021\/11\/gender-6188940_1920-1.jpeg",1920,853,false]},"uagb_author_info":{"display_name":"Dami\u00e1n Ruiz","author_link":"https:\/\/damianruiz.eu\/fr\/author\/damianruiz\/"},"uagb_comment_info":0,"uagb_excerpt":"Dami\u00e1n Ruiz \u00ab\u00a0Comme tout serait facile si le genre et le sexe biologique pouvaient \u00eatre directement identifi\u00e9s, et une fois [&hellip;]","_links":{"self":[{"href":"https:\/\/damianruiz.eu\/fr\/wp-json\/wp\/v2\/posts\/1223","targetHints":{"allow":["GET"]}}],"collection":[{"href":"https:\/\/damianruiz.eu\/fr\/wp-json\/wp\/v2\/posts"}],"about":[{"href":"https:\/\/damianruiz.eu\/fr\/wp-json\/wp\/v2\/types\/post"}],"author":[{"embeddable":true,"href":"https:\/\/damianruiz.eu\/fr\/wp-json\/wp\/v2\/users\/4"}],"replies":[{"embeddable":true,"href":"https:\/\/damianruiz.eu\/fr\/wp-json\/wp\/v2\/comments?post=1223"}],"version-history":[{"count":1,"href":"https:\/\/damianruiz.eu\/fr\/wp-json\/wp\/v2\/posts\/1223\/revisions"}],"predecessor-version":[{"id":1224,"href":"https:\/\/damianruiz.eu\/fr\/wp-json\/wp\/v2\/posts\/1223\/revisions\/1224"}],"wp:featuredmedia":[{"embeddable":true,"href":"https:\/\/damianruiz.eu\/fr\/wp-json\/wp\/v2\/media\/1217"}],"wp:attachment":[{"href":"https:\/\/damianruiz.eu\/fr\/wp-json\/wp\/v2\/media?parent=1223"}],"wp:term":[{"taxonomy":"category","embeddable":true,"href":"https:\/\/damianruiz.eu\/fr\/wp-json\/wp\/v2\/categories?post=1223"},{"taxonomy":"post_tag","embeddable":true,"href":"https:\/\/damianruiz.eu\/fr\/wp-json\/wp\/v2\/tags?post=1223"}],"curies":[{"name":"wp","href":"https:\/\/api.w.org\/{rel}","templated":true}]}}