{"id":1342,"date":"2022-05-05T06:46:33","date_gmt":"2022-05-05T06:46:33","guid":{"rendered":"https:\/\/damianruiz.eu\/?p=1342"},"modified":"2024-12-17T11:39:46","modified_gmt":"2024-12-17T11:39:46","slug":"lombre-et-les-faits","status":"publish","type":"post","link":"https:\/\/damianruiz.eu\/fr\/lombre-et-les-faits\/","title":{"rendered":"L&rsquo;ombre et les faits"},"content":{"rendered":"<p><span style=\"font-weight: 400;\">\u201cL&rsquo;ombre\u00a0\u00bb, chez Jung, repr\u00e9sente ces aspects inconscients, dans de nombreux cas latents, proches de la conscience et qui, s&rsquo;ils ne sont pas progressivement int\u00e9gr\u00e9s, gr\u00e2ce aux connaissances fournies par l&rsquo;analyse (psychanalyse) peuvent conditionner notre existence par des actions, des projections erron\u00e9es ou des \u00e9l\u00e9ments qui nous \u00e9chappent et qui interviennent parfois de mani\u00e8re substantielle dans des circonstances pertinentes.<\/span><\/p>\n<p><span style=\"font-weight: 400;\">Mais tout n&rsquo;est pas \u00ab\u00a0ombre\u00a0\u00bb. Parfois, ce sont des faits.<\/span><\/p>\n<p><span style=\"font-weight: 400;\">Pour expliquer, Freud s&rsquo;est vu un jour demander lors d&rsquo;une conf\u00e9rence publique si les cigares, qu&rsquo;il fr\u00e9quentait avec une certaine passion, pouvaient \u00eatre consid\u00e9r\u00e9s comme \u00ab\u00a0un objet phallique\u00a0\u00bb, ce \u00e0 quoi il a r\u00e9pondu : \u00ab\u00a0Parfois, un cigare n&rsquo;est qu&rsquo;un cigare\u00a0\u00bb.<br \/>\n<\/span><span style=\"font-weight: 400;\">Cette phrase, prononc\u00e9e par le p\u00e8re de la th\u00e9orie psychanalytique, rev\u00eat une importance consid\u00e9rable en raison du lien fort avec la r\u00e9alit\u00e9 qu&rsquo;elle repr\u00e9sente.<\/span><\/p>\n<p><span style=\"font-weight: 400;\">Et c&rsquo;est, \u00e0 mon avis, le cas du concept \u00ab\u00a0d&rsquo;ombre\u00a0\u00bb.<br \/>\n<\/span><span style=\"font-weight: 400;\">L&rsquo;ombre peut \u00eatre utilis\u00e9e pour tout : projection, d\u00e9placement, r\u00e9sistance, etc. Et toujours \u00e0 la carte. Lorsqu&rsquo;une situation est confront\u00e9e, par exemple entre le patient et l&rsquo;analyste, ce dernier peut concevoir cette instance inconsciente comme un facteur d&rsquo;inhibition ou d&rsquo;affaiblissement de la th\u00e8se que le premier d\u00e9fend. \u00ab\u00a0Vous vous projetez\u00a0\u00bb, des mots magiques qui r\u00e9futent cat\u00e9goriquement toute possibilit\u00e9 que l&rsquo;analysant puisse avoir raison.<\/span><i><\/i><\/p>\n<ul>\n<li style=\"font-weight: 400;\" aria-level=\"1\"><i><span style=\"font-weight: 400;\">Franco, le dictateur espagnol, a eu la chance, assez ironiquement, que son pr\u00eatre confesseur soit communiste, ce qui l&rsquo;a soi-disant dispens\u00e9 d&rsquo;expliquer certaines des confessions. L&rsquo;une d&rsquo;entre elles \u00e9tait la suivante : \u00ab\u00a0Je ne comprends pas comment il est possible que j&rsquo;aime tellement le peuple espagnol qu&rsquo;il y a des Espagnols qui ne m&rsquo;aiment pas\u00a0\u00bb.<br \/>\n<\/span><\/i><i style=\"font-family: inherit;\"><span>Si nous jouons sur l&rsquo;hyperbole, nous pourrions dire que ce qui a emp\u00each\u00e9 certains, de nombreux citoyens, de ne pas aimer le \u00ab\u00a0caudillo\u00a0\u00bb, ce ne sont pas les actes qu&rsquo;il a commis, mais plut\u00f4t des aspects obscurs qui ont d\u00e9plac\u00e9 d&rsquo;autres conflits latents \u00e0 son \u00e9gard, par exemple la mauvaise relation avec son propre p\u00e8re ou avec une figure proche -.<\/span><\/i><\/li>\n<\/ul>\n<p><span style=\"font-weight: 400;\">Le pouvoir psychanalytique peut \u00e9galement tomber dans l&rsquo;erreur de concevoir comme un produit de l&rsquo;ombre quelque chose qui, si l&rsquo;on y regarde objectivement, sont des faits. C&rsquo;est tout autre chose si, \u00e0 cause de notre propre \u00ab\u00a0ombre\u00a0\u00bb, nous essayons d&rsquo;ignorer les faits.<\/span><\/p>\n<p><span style=\"font-weight: 400;\">Cette instance psychique peut permettre de p\u00e9renniser une situation familiale, professionnelle ou de travail si l&rsquo;on oblige l&rsquo;individu, soi-disant inconscient des m\u00e9canismes qu&rsquo;il utilise, \u00e0 faire un retour sur lui-m\u00eame et \u00e0 s&rsquo;enqu\u00e9rir encore et encore d&rsquo;une chose pour laquelle on le culpabilise finalement. Le message qui lui serait transmis serait \u00ab\u00a0ce n&rsquo;est pas la r\u00e9alit\u00e9, c&rsquo;est vous\u00a0\u00bb.<br \/>\n<\/span><span style=\"font-weight: 400;\">Ce prisme extr\u00eamement conservateur pr\u00e9serve toujours la bonne volont\u00e9, par exemple, des parents ou partenaires abusifs (rappelez-vous, pour ceux d&rsquo;entre nous qui sont en \u00e2ge de le faire, les conseils radiophoniques de l&rsquo;inf\u00e2me Elena Francis).<\/span><\/p>\n<p><span style=\"font-weight: 400;\">Il est donc obligatoire, \u00e0 tout point de vue et en premier lieu, d&rsquo;analyser objectivement les faits et ensuite, si n\u00e9cessaire, et si la r\u00e9alit\u00e9 ne nous soutient pas, de commencer \u00e0 se demander si un aspect inconscient du sujet n&rsquo;intervient pas dans l&rsquo;explication donn\u00e9e pour une situation donn\u00e9e.<br \/>\n<\/span><span style=\"font-weight: 400;\">Si nous ne le faisons pas, nous risquons de tomber dans le parti pris et m\u00eame, \u00e0 l&rsquo;occasion, dans une manipulation plus ou moins inconsciente, plus ou moins int\u00e9ress\u00e9e, de l&rsquo;autre.<\/span><\/p>\n<p style=\"text-align: right;\"><span style=\"font-weight: 400;\">Dami\u00e1n Ruiz<br \/>\n<\/span><span style=\"font-weight: 400;\">Barcelone, 3 mai, 2022<br \/>\n<\/span><a href=\"https:\/\/damianruiz.eu\"><span style=\"font-weight: 400;\">www.damianruiz.eu<\/span><\/a><\/p>\n","protected":false},"excerpt":{"rendered":"<p>\u201cL&rsquo;ombre\u00a0\u00bb, chez Jung, repr\u00e9sente ces aspects inconscients, dans de nombreux cas latents, proches de la conscience et qui, s&rsquo;ils ne [&hellip;]<\/p>\n","protected":false},"author":4,"featured_media":1332,"comment_status":"closed","ping_status":"closed","sticky":false,"template":"","format":"standard","meta":{"_uag_custom_page_level_css":"","site-sidebar-layout":"default","site-content-layout":"","ast-site-content-layout":"default","site-content-style":"default","site-sidebar-style":"default","ast-global-header-display":"","ast-banner-title-visibility":"","ast-main-header-display":"","ast-hfb-above-header-display":"","ast-hfb-below-header-display":"","ast-hfb-mobile-header-display":"","site-post-title":"","ast-breadcrumbs-content":"","ast-featured-img":"","footer-sml-layout":"","theme-transparent-header-meta":"","adv-header-id-meta":"","stick-header-meta":"","header-above-stick-meta":"","header-main-stick-meta":"","header-below-stick-meta":"","astra-migrate-meta-layouts":"default","ast-page-background-enabled":"default","ast-page-background-meta":{"desktop":{"background-color":"var(--ast-global-color-4)","background-image":"","background-repeat":"repeat","background-position":"center center","background-size":"auto","background-attachment":"scroll","background-type":"","background-media":"","overlay-type":"","overlay-color":"","overlay-opacity":"","overlay-gradient":""},"tablet":{"background-color":"","background-image":"","background-repeat":"repeat","background-position":"center center","background-size":"auto","background-attachment":"scroll","background-type":"","background-media":"","overlay-type":"","overlay-color":"","overlay-opacity":"","overlay-gradient":""},"mobile":{"background-color":"","background-image":"","background-repeat":"repeat","background-position":"center center","background-size":"auto","background-attachment":"scroll","background-type":"","background-media":"","overlay-type":"","overlay-color":"","overlay-opacity":"","overlay-gradient":""}},"ast-content-background-meta":{"desktop":{"background-color":"var(--ast-global-color-5)","background-image":"","background-repeat":"repeat","background-position":"center center","background-size":"auto","background-attachment":"scroll","background-type":"","background-media":"","overlay-type":"","overlay-color":"","overlay-opacity":"","overlay-gradient":""},"tablet":{"background-color":"var(--ast-global-color-5)","background-image":"","background-repeat":"repeat","background-position":"center center","background-size":"auto","background-attachment":"scroll","background-type":"","background-media":"","overlay-type":"","overlay-color":"","overlay-opacity":"","overlay-gradient":""},"mobile":{"background-color":"var(--ast-global-color-5)","background-image":"","background-repeat":"repeat","background-position":"center center","background-size":"auto","background-attachment":"scroll","background-type":"","background-media":"","overlay-type":"","overlay-color":"","overlay-opacity":"","overlay-gradient":""}},"footnotes":""},"categories":[],"tags":[],"class_list":["post-1342","post","type-post","status-publish","format-standard","has-post-thumbnail","hentry"],"yoast_head":"<!-- This site is optimized with the Yoast SEO plugin v27.5 - https:\/\/yoast.com\/product\/yoast-seo-wordpress\/ -->\n<title>L&#039;ombre et les faits - Dami\u00e1n Ruiz<\/title>\n<meta name=\"robots\" content=\"index, follow, max-snippet:-1, max-image-preview:large, max-video-preview:-1\" \/>\n<link rel=\"canonical\" href=\"https:\/\/damianruiz.eu\/fr\/lombre-et-les-faits\/\" \/>\n<meta property=\"og:locale\" content=\"fr_FR\" \/>\n<meta property=\"og:type\" content=\"article\" \/>\n<meta property=\"og:title\" content=\"L&#039;ombre et les faits - Dami\u00e1n Ruiz\" \/>\n<meta property=\"og:description\" content=\"\u201cL&rsquo;ombre\u00a0\u00bb, chez Jung, repr\u00e9sente ces aspects inconscients, dans de nombreux cas latents, proches de la conscience et qui, s&rsquo;ils ne [&hellip;]\" \/>\n<meta property=\"og:url\" content=\"https:\/\/damianruiz.eu\/fr\/lombre-et-les-faits\/\" \/>\n<meta property=\"og:site_name\" content=\"Dami\u00e1n Ruiz\" \/>\n<meta property=\"article:published_time\" content=\"2022-05-05T06:46:33+00:00\" \/>\n<meta property=\"article:modified_time\" content=\"2024-12-17T11:39:46+00:00\" \/>\n<meta property=\"og:image\" content=\"https:\/\/damianruiz.eu\/wp-content\/uploads\/2022\/05\/pointing-gd58f0c42a_1920.jpeg\" \/>\n\t<meta property=\"og:image:width\" content=\"1920\" \/>\n\t<meta property=\"og:image:height\" content=\"932\" \/>\n\t<meta property=\"og:image:type\" content=\"image\/jpeg\" \/>\n<meta name=\"author\" content=\"Dami\u00e1n Ruiz\" \/>\n<meta name=\"twitter:card\" content=\"summary_large_image\" \/>\n<meta name=\"twitter:label1\" content=\"\u00c9crit par\" \/>\n\t<meta name=\"twitter:data1\" content=\"Dami\u00e1n Ruiz\" \/>\n\t<meta name=\"twitter:label2\" content=\"Dur\u00e9e de lecture estim\u00e9e\" \/>\n\t<meta name=\"twitter:data2\" content=\"3 minutes\" \/>\n<script type=\"application\/ld+json\" class=\"yoast-schema-graph\">{\"@context\":\"https:\\\/\\\/schema.org\",\"@graph\":[{\"@type\":\"Article\",\"@id\":\"https:\\\/\\\/damianruiz.eu\\\/fr\\\/lombre-et-les-faits\\\/#article\",\"isPartOf\":{\"@id\":\"https:\\\/\\\/damianruiz.eu\\\/fr\\\/lombre-et-les-faits\\\/\"},\"author\":{\"name\":\"Dami\u00e1n Ruiz\",\"@id\":\"https:\\\/\\\/damianruiz.eu\\\/#\\\/schema\\\/person\\\/e4703116e00a576e1cfcea03de178c07\"},\"headline\":\"L&rsquo;ombre et les faits\",\"datePublished\":\"2022-05-05T06:46:33+00:00\",\"dateModified\":\"2024-12-17T11:39:46+00:00\",\"mainEntityOfPage\":{\"@id\":\"https:\\\/\\\/damianruiz.eu\\\/fr\\\/lombre-et-les-faits\\\/\"},\"wordCount\":631,\"publisher\":{\"@id\":\"https:\\\/\\\/damianruiz.eu\\\/#organization\"},\"image\":{\"@id\":\"https:\\\/\\\/damianruiz.eu\\\/fr\\\/lombre-et-les-faits\\\/#primaryimage\"},\"thumbnailUrl\":\"https:\\\/\\\/damianruiz.eu\\\/wp-content\\\/uploads\\\/2022\\\/05\\\/pointing-gd58f0c42a_1920.jpeg\",\"inLanguage\":\"fr-FR\"},{\"@type\":\"WebPage\",\"@id\":\"https:\\\/\\\/damianruiz.eu\\\/fr\\\/lombre-et-les-faits\\\/\",\"url\":\"https:\\\/\\\/damianruiz.eu\\\/fr\\\/lombre-et-les-faits\\\/\",\"name\":\"L'ombre et les faits - Dami\u00e1n Ruiz\",\"isPartOf\":{\"@id\":\"https:\\\/\\\/damianruiz.eu\\\/#website\"},\"primaryImageOfPage\":{\"@id\":\"https:\\\/\\\/damianruiz.eu\\\/fr\\\/lombre-et-les-faits\\\/#primaryimage\"},\"image\":{\"@id\":\"https:\\\/\\\/damianruiz.eu\\\/fr\\\/lombre-et-les-faits\\\/#primaryimage\"},\"thumbnailUrl\":\"https:\\\/\\\/damianruiz.eu\\\/wp-content\\\/uploads\\\/2022\\\/05\\\/pointing-gd58f0c42a_1920.jpeg\",\"datePublished\":\"2022-05-05T06:46:33+00:00\",\"dateModified\":\"2024-12-17T11:39:46+00:00\",\"breadcrumb\":{\"@id\":\"https:\\\/\\\/damianruiz.eu\\\/fr\\\/lombre-et-les-faits\\\/#breadcrumb\"},\"inLanguage\":\"fr-FR\",\"potentialAction\":[{\"@type\":\"ReadAction\",\"target\":[\"https:\\\/\\\/damianruiz.eu\\\/fr\\\/lombre-et-les-faits\\\/\"]}]},{\"@type\":\"ImageObject\",\"inLanguage\":\"fr-FR\",\"@id\":\"https:\\\/\\\/damianruiz.eu\\\/fr\\\/lombre-et-les-faits\\\/#primaryimage\",\"url\":\"https:\\\/\\\/damianruiz.eu\\\/wp-content\\\/uploads\\\/2022\\\/05\\\/pointing-gd58f0c42a_1920.jpeg\",\"contentUrl\":\"https:\\\/\\\/damianruiz.eu\\\/wp-content\\\/uploads\\\/2022\\\/05\\\/pointing-gd58f0c42a_1920.jpeg\",\"width\":1920,\"height\":932},{\"@type\":\"BreadcrumbList\",\"@id\":\"https:\\\/\\\/damianruiz.eu\\\/fr\\\/lombre-et-les-faits\\\/#breadcrumb\",\"itemListElement\":[{\"@type\":\"ListItem\",\"position\":1,\"name\":\"Portada\",\"item\":\"https:\\\/\\\/damianruiz.eu\\\/fr\\\/\"},{\"@type\":\"ListItem\",\"position\":2,\"name\":\"L&#8217;ombre et les faits\"}]},{\"@type\":\"WebSite\",\"@id\":\"https:\\\/\\\/damianruiz.eu\\\/#website\",\"url\":\"https:\\\/\\\/damianruiz.eu\\\/\",\"name\":\"Dami\u00e1n Ruiz\",\"description\":\"Licenciado y Postgraduado en Psicolog\u00eda por la Universidad de Barcelona.\",\"publisher\":{\"@id\":\"https:\\\/\\\/damianruiz.eu\\\/#organization\"},\"potentialAction\":[{\"@type\":\"SearchAction\",\"target\":{\"@type\":\"EntryPoint\",\"urlTemplate\":\"https:\\\/\\\/damianruiz.eu\\\/?s={search_term_string}\"},\"query-input\":{\"@type\":\"PropertyValueSpecification\",\"valueRequired\":true,\"valueName\":\"search_term_string\"}}],\"inLanguage\":\"fr-FR\"},{\"@type\":\"Organization\",\"@id\":\"https:\\\/\\\/damianruiz.eu\\\/#organization\",\"name\":\"Dami\u00e1n Ruiz\",\"url\":\"https:\\\/\\\/damianruiz.eu\\\/\",\"logo\":{\"@type\":\"ImageObject\",\"inLanguage\":\"fr-FR\",\"@id\":\"https:\\\/\\\/damianruiz.eu\\\/#\\\/schema\\\/logo\\\/image\\\/\",\"url\":\"https:\\\/\\\/damianruiz.eu\\\/wp-content\\\/uploads\\\/2024\\\/04\\\/cropped-logo-2024-damian-ruiz-233.png\",\"contentUrl\":\"https:\\\/\\\/damianruiz.eu\\\/wp-content\\\/uploads\\\/2024\\\/04\\\/cropped-logo-2024-damian-ruiz-233.png\",\"width\":233,\"height\":60,\"caption\":\"Dami\u00e1n Ruiz\"},\"image\":{\"@id\":\"https:\\\/\\\/damianruiz.eu\\\/#\\\/schema\\\/logo\\\/image\\\/\"}},{\"@type\":\"Person\",\"@id\":\"https:\\\/\\\/damianruiz.eu\\\/#\\\/schema\\\/person\\\/e4703116e00a576e1cfcea03de178c07\",\"name\":\"Dami\u00e1n Ruiz\",\"url\":\"https:\\\/\\\/damianruiz.eu\\\/fr\\\/author\\\/damianruiz\\\/\"}]}<\/script>\n<!-- \/ Yoast SEO plugin. -->","yoast_head_json":{"title":"L'ombre et les faits - Dami\u00e1n Ruiz","robots":{"index":"index","follow":"follow","max-snippet":"max-snippet:-1","max-image-preview":"max-image-preview:large","max-video-preview":"max-video-preview:-1"},"canonical":"https:\/\/damianruiz.eu\/fr\/lombre-et-les-faits\/","og_locale":"fr_FR","og_type":"article","og_title":"L'ombre et les faits - Dami\u00e1n Ruiz","og_description":"\u201cL&rsquo;ombre\u00a0\u00bb, chez Jung, repr\u00e9sente ces aspects inconscients, dans de nombreux cas latents, proches de la conscience et qui, s&rsquo;ils ne [&hellip;]","og_url":"https:\/\/damianruiz.eu\/fr\/lombre-et-les-faits\/","og_site_name":"Dami\u00e1n Ruiz","article_published_time":"2022-05-05T06:46:33+00:00","article_modified_time":"2024-12-17T11:39:46+00:00","og_image":[{"width":1920,"height":932,"url":"https:\/\/damianruiz.eu\/wp-content\/uploads\/2022\/05\/pointing-gd58f0c42a_1920.jpeg","type":"image\/jpeg"}],"author":"Dami\u00e1n Ruiz","twitter_card":"summary_large_image","twitter_misc":{"\u00c9crit par":"Dami\u00e1n Ruiz","Dur\u00e9e de lecture estim\u00e9e":"3 minutes"},"schema":{"@context":"https:\/\/schema.org","@graph":[{"@type":"Article","@id":"https:\/\/damianruiz.eu\/fr\/lombre-et-les-faits\/#article","isPartOf":{"@id":"https:\/\/damianruiz.eu\/fr\/lombre-et-les-faits\/"},"author":{"name":"Dami\u00e1n Ruiz","@id":"https:\/\/damianruiz.eu\/#\/schema\/person\/e4703116e00a576e1cfcea03de178c07"},"headline":"L&rsquo;ombre et les faits","datePublished":"2022-05-05T06:46:33+00:00","dateModified":"2024-12-17T11:39:46+00:00","mainEntityOfPage":{"@id":"https:\/\/damianruiz.eu\/fr\/lombre-et-les-faits\/"},"wordCount":631,"publisher":{"@id":"https:\/\/damianruiz.eu\/#organization"},"image":{"@id":"https:\/\/damianruiz.eu\/fr\/lombre-et-les-faits\/#primaryimage"},"thumbnailUrl":"https:\/\/damianruiz.eu\/wp-content\/uploads\/2022\/05\/pointing-gd58f0c42a_1920.jpeg","inLanguage":"fr-FR"},{"@type":"WebPage","@id":"https:\/\/damianruiz.eu\/fr\/lombre-et-les-faits\/","url":"https:\/\/damianruiz.eu\/fr\/lombre-et-les-faits\/","name":"L'ombre et les faits - Dami\u00e1n Ruiz","isPartOf":{"@id":"https:\/\/damianruiz.eu\/#website"},"primaryImageOfPage":{"@id":"https:\/\/damianruiz.eu\/fr\/lombre-et-les-faits\/#primaryimage"},"image":{"@id":"https:\/\/damianruiz.eu\/fr\/lombre-et-les-faits\/#primaryimage"},"thumbnailUrl":"https:\/\/damianruiz.eu\/wp-content\/uploads\/2022\/05\/pointing-gd58f0c42a_1920.jpeg","datePublished":"2022-05-05T06:46:33+00:00","dateModified":"2024-12-17T11:39:46+00:00","breadcrumb":{"@id":"https:\/\/damianruiz.eu\/fr\/lombre-et-les-faits\/#breadcrumb"},"inLanguage":"fr-FR","potentialAction":[{"@type":"ReadAction","target":["https:\/\/damianruiz.eu\/fr\/lombre-et-les-faits\/"]}]},{"@type":"ImageObject","inLanguage":"fr-FR","@id":"https:\/\/damianruiz.eu\/fr\/lombre-et-les-faits\/#primaryimage","url":"https:\/\/damianruiz.eu\/wp-content\/uploads\/2022\/05\/pointing-gd58f0c42a_1920.jpeg","contentUrl":"https:\/\/damianruiz.eu\/wp-content\/uploads\/2022\/05\/pointing-gd58f0c42a_1920.jpeg","width":1920,"height":932},{"@type":"BreadcrumbList","@id":"https:\/\/damianruiz.eu\/fr\/lombre-et-les-faits\/#breadcrumb","itemListElement":[{"@type":"ListItem","position":1,"name":"Portada","item":"https:\/\/damianruiz.eu\/fr\/"},{"@type":"ListItem","position":2,"name":"L&#8217;ombre et les faits"}]},{"@type":"WebSite","@id":"https:\/\/damianruiz.eu\/#website","url":"https:\/\/damianruiz.eu\/","name":"Dami\u00e1n Ruiz","description":"Licenciado y Postgraduado en Psicolog\u00eda por la Universidad de Barcelona.","publisher":{"@id":"https:\/\/damianruiz.eu\/#organization"},"potentialAction":[{"@type":"SearchAction","target":{"@type":"EntryPoint","urlTemplate":"https:\/\/damianruiz.eu\/?s={search_term_string}"},"query-input":{"@type":"PropertyValueSpecification","valueRequired":true,"valueName":"search_term_string"}}],"inLanguage":"fr-FR"},{"@type":"Organization","@id":"https:\/\/damianruiz.eu\/#organization","name":"Dami\u00e1n Ruiz","url":"https:\/\/damianruiz.eu\/","logo":{"@type":"ImageObject","inLanguage":"fr-FR","@id":"https:\/\/damianruiz.eu\/#\/schema\/logo\/image\/","url":"https:\/\/damianruiz.eu\/wp-content\/uploads\/2024\/04\/cropped-logo-2024-damian-ruiz-233.png","contentUrl":"https:\/\/damianruiz.eu\/wp-content\/uploads\/2024\/04\/cropped-logo-2024-damian-ruiz-233.png","width":233,"height":60,"caption":"Dami\u00e1n Ruiz"},"image":{"@id":"https:\/\/damianruiz.eu\/#\/schema\/logo\/image\/"}},{"@type":"Person","@id":"https:\/\/damianruiz.eu\/#\/schema\/person\/e4703116e00a576e1cfcea03de178c07","name":"Dami\u00e1n Ruiz","url":"https:\/\/damianruiz.eu\/fr\/author\/damianruiz\/"}]}},"uagb_featured_image_src":{"full":["https:\/\/damianruiz.eu\/wp-content\/uploads\/2022\/05\/pointing-gd58f0c42a_1920.jpeg",1920,932,false],"thumbnail":["https:\/\/damianruiz.eu\/wp-content\/uploads\/2022\/05\/pointing-gd58f0c42a_1920-150x150.jpeg",150,150,true],"medium":["https:\/\/damianruiz.eu\/wp-content\/uploads\/2022\/05\/pointing-gd58f0c42a_1920-300x146.jpeg",300,146,true],"medium_large":["https:\/\/damianruiz.eu\/wp-content\/uploads\/2022\/05\/pointing-gd58f0c42a_1920-768x373.jpeg",768,373,true],"large":["https:\/\/damianruiz.eu\/wp-content\/uploads\/2022\/05\/pointing-gd58f0c42a_1920-1024x497.jpeg",1024,497,true],"1536x1536":["https:\/\/damianruiz.eu\/wp-content\/uploads\/2022\/05\/pointing-gd58f0c42a_1920-1536x746.jpeg",1536,746,true],"2048x2048":["https:\/\/damianruiz.eu\/wp-content\/uploads\/2022\/05\/pointing-gd58f0c42a_1920.jpeg",1920,932,false]},"uagb_author_info":{"display_name":"Dami\u00e1n Ruiz","author_link":"https:\/\/damianruiz.eu\/fr\/author\/damianruiz\/"},"uagb_comment_info":0,"uagb_excerpt":"\u201cL&rsquo;ombre\u00a0\u00bb, chez Jung, repr\u00e9sente ces aspects inconscients, dans de nombreux cas latents, proches de la conscience et qui, s&rsquo;ils ne [&hellip;]","_links":{"self":[{"href":"https:\/\/damianruiz.eu\/fr\/wp-json\/wp\/v2\/posts\/1342","targetHints":{"allow":["GET"]}}],"collection":[{"href":"https:\/\/damianruiz.eu\/fr\/wp-json\/wp\/v2\/posts"}],"about":[{"href":"https:\/\/damianruiz.eu\/fr\/wp-json\/wp\/v2\/types\/post"}],"author":[{"embeddable":true,"href":"https:\/\/damianruiz.eu\/fr\/wp-json\/wp\/v2\/users\/4"}],"replies":[{"embeddable":true,"href":"https:\/\/damianruiz.eu\/fr\/wp-json\/wp\/v2\/comments?post=1342"}],"version-history":[{"count":1,"href":"https:\/\/damianruiz.eu\/fr\/wp-json\/wp\/v2\/posts\/1342\/revisions"}],"predecessor-version":[{"id":1343,"href":"https:\/\/damianruiz.eu\/fr\/wp-json\/wp\/v2\/posts\/1342\/revisions\/1343"}],"wp:featuredmedia":[{"embeddable":true,"href":"https:\/\/damianruiz.eu\/fr\/wp-json\/wp\/v2\/media\/1332"}],"wp:attachment":[{"href":"https:\/\/damianruiz.eu\/fr\/wp-json\/wp\/v2\/media?parent=1342"}],"wp:term":[{"taxonomy":"category","embeddable":true,"href":"https:\/\/damianruiz.eu\/fr\/wp-json\/wp\/v2\/categories?post=1342"},{"taxonomy":"post_tag","embeddable":true,"href":"https:\/\/damianruiz.eu\/fr\/wp-json\/wp\/v2\/tags?post=1342"}],"curies":[{"name":"wp","href":"https:\/\/api.w.org\/{rel}","templated":true}]}}