{"id":1810,"date":"2023-09-04T17:06:15","date_gmt":"2023-09-04T17:06:15","guid":{"rendered":"https:\/\/damianruiz.eu\/?p=1810"},"modified":"2024-12-17T11:39:46","modified_gmt":"2024-12-17T11:39:46","slug":"depression-majeure-chronique","status":"publish","type":"post","link":"https:\/\/damianruiz.eu\/fr\/depression-majeure-chronique\/","title":{"rendered":"D\u00e9pression majeure chronique"},"content":{"rendered":"<p>&nbsp;<\/p>\n<p><span style=\"font-weight: 400;\">Chronique ne signifie pas incurable.\u00a0<\/span><\/p>\n<p><span style=\"font-weight: 400;\">Si j&rsquo;avais une vision organiciste des probl\u00e8mes mentaux, je ne serais ni psychologue ni th\u00e9rapeute.<\/span><\/p>\n<p><span style=\"font-weight: 400;\">Car, comme je l&rsquo;ai dit \u00e0 maintes reprises, il existe une pr\u00e9disposition g\u00e9n\u00e9tique, mais l&rsquo;environnement et les changements de mode de vie, ainsi que les traitements psychologiques et pharmacologiques, peuvent faire qu&rsquo;un trouble s&rsquo;installe durablement ou pour une longue p\u00e9riode, ou qu&rsquo;il soit surmont\u00e9 ou r\u00e9duit de mani\u00e8re significative.<\/span><\/p>\n<p>&nbsp;<\/p>\n<p><span style=\"font-weight: 400;\">Et comme je me consacre principalement au traitement des troubles obsessionnels, dans lesquels il y a souvent une d\u00e9pression latente, la d\u00e9pression majeure, un autre de mes domaines d&rsquo;int\u00e9r\u00eat clinique, est moins souvent trait\u00e9e.<\/span><\/p>\n<p>&nbsp;<\/p>\n<p><span style=\"font-weight: 400;\">Quoi qu&rsquo;il en soit, dans cet article de blog, je vais tenter d&rsquo;expliquer, de mon point de vue clinique, ce qui se passe dans le psychisme d&rsquo;une personne souffrant de ce probl\u00e8me.<\/span><\/p>\n<p>&nbsp;<\/p>\n<p><span style=\"font-weight: 400;\">Tout d&rsquo;abord, supposons qu&rsquo;il existe une pr\u00e9disposition g\u00e9n\u00e9tique, comme je l&rsquo;ai mentionn\u00e9 pr\u00e9c\u00e9demment : dans quelle mesure cette tendance est-elle vou\u00e9e \u00e0 se manifester ? Des d\u00e9clencheurs environnementaux sont-ils n\u00e9cessaires ? Je ne suis ni biologiste ni g\u00e9n\u00e9ticien, mais il y a des discussions sur ces aspects, bien que dans le monde scientifique et dans la m\u00e9decine de haut niveau, l&rsquo;id\u00e9e que la g\u00e9n\u00e9tique s&rsquo;exprime quoi qu&rsquo;il arrive, t\u00f4t ou tard, prime.<\/span><\/p>\n<p>&nbsp;<\/p>\n<p><span style=\"font-weight: 400;\">D&rsquo;autre part, il existe des \u00e9tudes qui parlent de la plasticit\u00e9 du cerveau et de la fa\u00e7on dont les circonstances environnementales peuvent modifier la pr\u00e9disposition biologique d&rsquo;un individu.<\/span><\/p>\n<p>&nbsp;<\/p>\n<p><span style=\"font-weight: 400;\">Dans ce contexte, les psychologues ont l&rsquo;obligation de travailler comme si un probl\u00e8me pouvait, \u00e0 tout le moins, \u00eatre am\u00e9lior\u00e9.<\/span><\/p>\n<p>&nbsp;<\/p>\n<p><span style=\"font-weight: 400;\">Donc, la g\u00e9n\u00e9tique et aussi ce qui s&rsquo;est pass\u00e9 dans la vie de cette personne ? Imaginons diff\u00e9rents types de circonstances : abus sexuels, maltraitance physique ou psychologique, carence affective, abandon, toutes sortes de situations tr\u00e8s stressantes, principalement dans l&rsquo;enfance ou l&rsquo;adolescence.<\/span><\/p>\n<p>&nbsp;<\/p>\n<p><span style=\"font-weight: 400;\">Une blessure a \u00e9t\u00e9 produite, et comment la personne affect\u00e9e tente-t-elle g\u00e9n\u00e9ralement de surmonter cette blessure ?<\/span><\/p>\n<p><span style=\"font-weight: 400;\">En construisant une structure de personnalit\u00e9 bas\u00e9e sur l&rsquo;ego, le \u00ab\u00a0je\u00a0\u00bb, une id\u00e9e, g\u00e9n\u00e9ralement tr\u00e8s normative, de la fa\u00e7on dont la vie devrait \u00eatre, qui reste une ent\u00e9l\u00e9chie dans laquelle il faudra d\u00e9ployer beaucoup d&rsquo;efforts.<\/span><\/p>\n<p><span style=\"font-weight: 400;\">Quel est le probl\u00e8me ? Il n&rsquo;y a pas de force pour soutenir cette construction ; chaque fois que nous essayons de la maintenir, elle s&rsquo;effondre, encore et encore.<\/span><\/p>\n<p><span style=\"font-weight: 400;\">Mais il y a aussi un autre facteur tr\u00e8s important : les blessures \u00e9motionnelles re\u00e7ues ont bris\u00e9 la possibilit\u00e9 pour la vraie nature de la personne de s&rsquo;exprimer.<\/span><\/p>\n<p>&nbsp;<\/p>\n<p><span style=\"font-weight: 400;\">Aucun \u00eatre humain n&rsquo;est compl\u00e8tement normatif, dans une mesure plus ou moins grande, nous avons tous des \u00e9l\u00e9ments particuliers et minoritaires, et nous sommes en quelque sorte ce que Jung appellerait des \u00ab\u00a0arch\u00e9types\u00a0\u00bb, c&rsquo;est-\u00e0-dire des structures de personnalit\u00e9 diff\u00e9renci\u00e9es et essentielles qui correspondent \u00e0 la vraie nature de chaque individu. Or, cela aussi est profond\u00e9ment ab\u00eem\u00e9.<\/span><\/p>\n<p>&nbsp;<\/p>\n<p><span style=\"font-weight: 400;\">Nous constatons que le patient d\u00e9pressif chronique (et au-del\u00e0 de la g\u00e9n\u00e9tique) :<\/span><\/p>\n<p>&nbsp;<\/p>\n<ul>\n<li style=\"font-weight: 400;\" aria-level=\"1\"><span style=\"font-weight: 400;\">a \u00e9t\u00e9 bless\u00e9 \u00ab\u00a0psychiquement\u00a0\u00bb \u00e0 un moment donn\u00e9 de sa vie, de mani\u00e8re grave.<\/span><\/li>\n<li style=\"font-weight: 400;\" aria-level=\"1\"><span style=\"font-weight: 400;\">Sur cette base, il s&rsquo;est construit \u00ab\u00a0mentalement\u00a0\u00bb une identit\u00e9 normative id\u00e9alis\u00e9e. \u00ab\u00a0Pour sortir de cette d\u00e9pression, je dois \u00eatre comme \u00e7a.<\/span><\/li>\n<li style=\"font-weight: 400;\" aria-level=\"1\"><span style=\"font-weight: 400;\">Il a inconsciemment sacrifi\u00e9 sa vraie nature, qui \u00e9tait bless\u00e9e, au profit d&rsquo;une personnalit\u00e9 normative qui correspond parfaitement aux exigences sociales.<\/span><\/li>\n<li style=\"font-weight: 400;\" aria-level=\"1\"><span style=\"font-weight: 400;\">Il n&rsquo;a pas la force psychique ou physique de soutenir cette construction mentale, il \u00e9choue donc \u00e0 chaque fois qu&rsquo;il essaie et finit par \u00eatre prostr\u00e9 \u00e0 cause d&rsquo;une profonde fatigue \u00e0 tous les niveaux.<\/span><\/li>\n<\/ul>\n<p>&nbsp;<\/p>\n<p><span style=\"font-weight: 400;\">Que faut-il faire sur le plan th\u00e9orique ?<\/span><\/p>\n<p>&nbsp;<\/p>\n<p><span style=\"font-weight: 400;\">D\u00e9couvrir l&rsquo;identit\u00e9 primordiale, l&rsquo;arch\u00e9type essentiel, l&rsquo;identit\u00e9 la plus proche de soi.<\/span><\/p>\n<p><span style=\"font-weight: 400;\">Travailler \u00e0 ramener cette identit\u00e9 \u00e0 l&rsquo;expression.<\/span><\/p>\n<p><span style=\"font-weight: 400;\">Renoncer \u00e0 la normativit\u00e9 (ce qui, soit dit en passant, favorise toujours l&rsquo;environnement, c&rsquo;est-\u00e0-dire qu&rsquo;il soutient les aspects les plus \u00ab\u00a0normatifs\u00a0\u00bb, excusez la redondance, \u00ab\u00a0sortir, chercher du travail, avoir des amis, rencontrer une fille\/un gar\u00e7on\/une fille, faire du sport, &#8230;\u00a0\u00bb).<\/span><\/p>\n<p><span style=\"font-weight: 400;\">Tout mouvement, qu&rsquo;il soit physique ou psychologique, doit viser \u00e0 retrouver son identit\u00e9 profonde, et celle-ci diff\u00e8re parfois sensiblement de ce que l&rsquo;on attend de quelqu&rsquo;un et de mani\u00e8re prototypique en fonction de son \u00e2ge et de son sexe.<\/span><\/p>\n<p>&nbsp;<\/p>\n<p><span style=\"font-weight: 400;\">Il est vrai que, pour un secteur de la psychologie et de la science, nous, les \u00eatres humains, sommes des clones qui ne diff\u00e8rent qu&rsquo;en fonction de la mani\u00e8re dont nous sommes form\u00e9s.<\/span><\/p>\n<p><span style=\"font-weight: 400;\">Pour d&rsquo;autres, dont je fais partie, d\u00e8s la conception, on est d\u00e9j\u00e0 diff\u00e9rent et particulier par rapport aux autres, et l&rsquo;environnement ult\u00e9rieur l&rsquo;influencera, mais&#8230; jusqu&rsquo;\u00e0 un certain point.<\/span><\/p>\n<p>&nbsp;<\/p>\n<p><span style=\"font-weight: 400;\">C&rsquo;est pourquoi il est important de savoir qui est le patient, fondamentalement et profond\u00e9ment, au-del\u00e0 des attentes de l&rsquo;environnement et de sa propre cr\u00e9ation artificielle d&rsquo;attentes.<\/span><\/p>\n<p>&nbsp;<\/p>\n<p><span style=\"font-weight: 400;\">\u00c0 partir de l\u00e0, l&rsquo;organisme doit \u00eatre activ\u00e9 et dynamis\u00e9, tandis que l&rsquo;\u00e9nergie est canalis\u00e9e pour tenter de reconstruire la personne qu&rsquo;il est essentiellement.<\/span><\/p>\n<p>&nbsp;<\/p>\n<p><span style=\"font-weight: 400;\">Mais&#8230; ce n&rsquo;est pas tout&#8230; que se passe-t-il si les \u00ab\u00a0blessures\u00a0\u00bb emp\u00eachent la reconstruction de l'\u00a0\u00bbarch\u00e9type essentiel\u00a0\u00bb, c&rsquo;est-\u00e0-dire de la v\u00e9ritable nature de l&rsquo;\u00eatre ?<\/span><\/p>\n<p><span style=\"font-weight: 400;\">Et si&#8230; le lion ne pouvait plus \u00eatre un lion ? Et s&rsquo;il r\u00e9sonnait en lui, non plus une nature adaptative, mais une essence dont les caract\u00e9ristiques, en raison des \u00ab\u00a0dommages re\u00e7us\u00a0\u00bb, sont tr\u00e8s difficiles \u00e0 r\u00e9cup\u00e9rer ? Que faire ?<\/span><\/p>\n<p><span style=\"font-weight: 400;\">La question est de savoir de combien de fa\u00e7ons on peut symboliquement \u00eatre un lion. Si je ne peux pas, par exemple, \u00eatre un leader d\u00e9termin\u00e9 et audacieux, dans quelque domaine que ce soit, pourrais-je \u00e9crire \u00e0 ce sujet ?<\/span><\/p>\n<p><span style=\"font-weight: 400;\">Ce que je veux exprimer, c&rsquo;est que parfois la nature essentielle ne peut pas \u00eatre exprim\u00e9e de mani\u00e8re directe, et que la sublimation, l&rsquo;intellectualisation ou d&rsquo;autres m\u00e9canismes psychiques sont alors n\u00e9cessaires pour donner vie \u00e0 ce qui est peut-\u00eatre trop difficile \u00e0 exprimer de mani\u00e8re directe.<\/span><\/p>\n<p>&nbsp;<\/p>\n<p><span style=\"font-weight: 400;\">En somme, le pire est de ne pas prendre en compte ce qui a \u00e9t\u00e9 subi, ce qui s&rsquo;est pass\u00e9, et, en m\u00eame temps, d&rsquo;essayer de construire une personnalit\u00e9 fausse et suradapt\u00e9e.<\/span><\/p>\n<p><span style=\"font-weight: 400;\">Accepter les blessures et leurs cons\u00e9quences et se r\u00e9concilier avec son vrai moi, non pas avec l&rsquo;id\u00e9al de soi, mais avec son moi le plus authentique, est la meilleure voie possible pour, au minimum, s&rsquo;am\u00e9liorer.<\/span><\/p>\n<p>&nbsp;<\/p>\n<p style=\"text-align: right;\"><span style=\"font-weight: 400;\">Dami\u00e1n Ruiz<\/span><\/p>\n<p style=\"text-align: right;\"><span style=\"font-weight: 400;\">Barcelone, 4 septembre 2023<\/span><\/p>\n<p style=\"text-align: right;\"><a href=\"http:\/\/www.damianruiz.eu\"><span style=\"font-weight: 400;\">www.damianruiz.eu<\/span><\/a><\/p>\n<p>&nbsp;<\/p>\n","protected":false},"excerpt":{"rendered":"<p>&nbsp; Chronique ne signifie pas incurable.\u00a0 Si j&rsquo;avais une vision organiciste des probl\u00e8mes mentaux, je ne serais ni psychologue ni [&hellip;]<\/p>\n","protected":false},"author":4,"featured_media":1804,"comment_status":"closed","ping_status":"closed","sticky":false,"template":"","format":"standard","meta":{"_uag_custom_page_level_css":"","site-sidebar-layout":"default","site-content-layout":"","ast-site-content-layout":"default","site-content-style":"default","site-sidebar-style":"default","ast-global-header-display":"","ast-banner-title-visibility":"","ast-main-header-display":"","ast-hfb-above-header-display":"","ast-hfb-below-header-display":"","ast-hfb-mobile-header-display":"","site-post-title":"","ast-breadcrumbs-content":"","ast-featured-img":"","footer-sml-layout":"","theme-transparent-header-meta":"","adv-header-id-meta":"","stick-header-meta":"","header-above-stick-meta":"","header-main-stick-meta":"","header-below-stick-meta":"","astra-migrate-meta-layouts":"default","ast-page-background-enabled":"default","ast-page-background-meta":{"desktop":{"background-color":"var(--ast-global-color-4)","background-image":"","background-repeat":"repeat","background-position":"center center","background-size":"auto","background-attachment":"scroll","background-type":"","background-media":"","overlay-type":"","overlay-color":"","overlay-opacity":"","overlay-gradient":""},"tablet":{"background-color":"","background-image":"","background-repeat":"repeat","background-position":"center center","background-size":"auto","background-attachment":"scroll","background-type":"","background-media":"","overlay-type":"","overlay-color":"","overlay-opacity":"","overlay-gradient":""},"mobile":{"background-color":"","background-image":"","background-repeat":"repeat","background-position":"center center","background-size":"auto","background-attachment":"scroll","background-type":"","background-media":"","overlay-type":"","overlay-color":"","overlay-opacity":"","overlay-gradient":""}},"ast-content-background-meta":{"desktop":{"background-color":"var(--ast-global-color-5)","background-image":"","background-repeat":"repeat","background-position":"center center","background-size":"auto","background-attachment":"scroll","background-type":"","background-media":"","overlay-type":"","overlay-color":"","overlay-opacity":"","overlay-gradient":""},"tablet":{"background-color":"var(--ast-global-color-5)","background-image":"","background-repeat":"repeat","background-position":"center center","background-size":"auto","background-attachment":"scroll","background-type":"","background-media":"","overlay-type":"","overlay-color":"","overlay-opacity":"","overlay-gradient":""},"mobile":{"background-color":"var(--ast-global-color-5)","background-image":"","background-repeat":"repeat","background-position":"center center","background-size":"auto","background-attachment":"scroll","background-type":"","background-media":"","overlay-type":"","overlay-color":"","overlay-opacity":"","overlay-gradient":""}},"footnotes":""},"categories":[],"tags":[],"class_list":["post-1810","post","type-post","status-publish","format-standard","has-post-thumbnail","hentry"],"yoast_head":"<!-- This site is optimized with the Yoast SEO plugin v27.5 - https:\/\/yoast.com\/product\/yoast-seo-wordpress\/ -->\n<title>D\u00e9pression majeure chronique - Dami\u00e1n Ruiz<\/title>\n<meta name=\"robots\" content=\"index, follow, max-snippet:-1, max-image-preview:large, max-video-preview:-1\" \/>\n<link rel=\"canonical\" href=\"https:\/\/damianruiz.eu\/fr\/depression-majeure-chronique\/\" \/>\n<meta property=\"og:locale\" content=\"fr_FR\" \/>\n<meta property=\"og:type\" content=\"article\" \/>\n<meta property=\"og:title\" content=\"D\u00e9pression majeure chronique - Dami\u00e1n Ruiz\" \/>\n<meta property=\"og:description\" content=\"&nbsp; Chronique ne signifie pas incurable.\u00a0 Si j&rsquo;avais une vision organiciste des probl\u00e8mes mentaux, je ne serais ni psychologue ni [&hellip;]\" \/>\n<meta property=\"og:url\" content=\"https:\/\/damianruiz.eu\/fr\/depression-majeure-chronique\/\" \/>\n<meta property=\"og:site_name\" content=\"Dami\u00e1n Ruiz\" \/>\n<meta property=\"article:published_time\" content=\"2023-09-04T17:06:15+00:00\" \/>\n<meta property=\"article:modified_time\" content=\"2024-12-17T11:39:46+00:00\" \/>\n<meta property=\"og:image\" content=\"https:\/\/damianruiz.eu\/wp-content\/uploads\/2023\/09\/La-depresion-mayor-cronica.jpg\" \/>\n\t<meta property=\"og:image:width\" content=\"1280\" \/>\n\t<meta property=\"og:image:height\" content=\"853\" \/>\n\t<meta property=\"og:image:type\" content=\"image\/jpeg\" \/>\n<meta name=\"author\" content=\"Dami\u00e1n Ruiz\" \/>\n<meta name=\"twitter:card\" content=\"summary_large_image\" \/>\n<meta name=\"twitter:label1\" content=\"\u00c9crit par\" \/>\n\t<meta name=\"twitter:data1\" content=\"Dami\u00e1n Ruiz\" \/>\n\t<meta name=\"twitter:label2\" content=\"Dur\u00e9e de lecture estim\u00e9e\" \/>\n\t<meta name=\"twitter:data2\" content=\"5 minutes\" \/>\n<script type=\"application\/ld+json\" class=\"yoast-schema-graph\">{\"@context\":\"https:\\\/\\\/schema.org\",\"@graph\":[{\"@type\":\"Article\",\"@id\":\"https:\\\/\\\/damianruiz.eu\\\/fr\\\/depression-majeure-chronique\\\/#article\",\"isPartOf\":{\"@id\":\"https:\\\/\\\/damianruiz.eu\\\/fr\\\/depression-majeure-chronique\\\/\"},\"author\":{\"name\":\"Dami\u00e1n Ruiz\",\"@id\":\"https:\\\/\\\/damianruiz.eu\\\/#\\\/schema\\\/person\\\/e4703116e00a576e1cfcea03de178c07\"},\"headline\":\"D\u00e9pression majeure chronique\",\"datePublished\":\"2023-09-04T17:06:15+00:00\",\"dateModified\":\"2024-12-17T11:39:46+00:00\",\"mainEntityOfPage\":{\"@id\":\"https:\\\/\\\/damianruiz.eu\\\/fr\\\/depression-majeure-chronique\\\/\"},\"wordCount\":1176,\"publisher\":{\"@id\":\"https:\\\/\\\/damianruiz.eu\\\/#organization\"},\"image\":{\"@id\":\"https:\\\/\\\/damianruiz.eu\\\/fr\\\/depression-majeure-chronique\\\/#primaryimage\"},\"thumbnailUrl\":\"https:\\\/\\\/damianruiz.eu\\\/wp-content\\\/uploads\\\/2023\\\/09\\\/La-depresion-mayor-cronica.jpg\",\"inLanguage\":\"fr-FR\"},{\"@type\":\"WebPage\",\"@id\":\"https:\\\/\\\/damianruiz.eu\\\/fr\\\/depression-majeure-chronique\\\/\",\"url\":\"https:\\\/\\\/damianruiz.eu\\\/fr\\\/depression-majeure-chronique\\\/\",\"name\":\"D\u00e9pression majeure chronique - Dami\u00e1n Ruiz\",\"isPartOf\":{\"@id\":\"https:\\\/\\\/damianruiz.eu\\\/#website\"},\"primaryImageOfPage\":{\"@id\":\"https:\\\/\\\/damianruiz.eu\\\/fr\\\/depression-majeure-chronique\\\/#primaryimage\"},\"image\":{\"@id\":\"https:\\\/\\\/damianruiz.eu\\\/fr\\\/depression-majeure-chronique\\\/#primaryimage\"},\"thumbnailUrl\":\"https:\\\/\\\/damianruiz.eu\\\/wp-content\\\/uploads\\\/2023\\\/09\\\/La-depresion-mayor-cronica.jpg\",\"datePublished\":\"2023-09-04T17:06:15+00:00\",\"dateModified\":\"2024-12-17T11:39:46+00:00\",\"breadcrumb\":{\"@id\":\"https:\\\/\\\/damianruiz.eu\\\/fr\\\/depression-majeure-chronique\\\/#breadcrumb\"},\"inLanguage\":\"fr-FR\",\"potentialAction\":[{\"@type\":\"ReadAction\",\"target\":[\"https:\\\/\\\/damianruiz.eu\\\/fr\\\/depression-majeure-chronique\\\/\"]}]},{\"@type\":\"ImageObject\",\"inLanguage\":\"fr-FR\",\"@id\":\"https:\\\/\\\/damianruiz.eu\\\/fr\\\/depression-majeure-chronique\\\/#primaryimage\",\"url\":\"https:\\\/\\\/damianruiz.eu\\\/wp-content\\\/uploads\\\/2023\\\/09\\\/La-depresion-mayor-cronica.jpg\",\"contentUrl\":\"https:\\\/\\\/damianruiz.eu\\\/wp-content\\\/uploads\\\/2023\\\/09\\\/La-depresion-mayor-cronica.jpg\",\"width\":1280,\"height\":853},{\"@type\":\"BreadcrumbList\",\"@id\":\"https:\\\/\\\/damianruiz.eu\\\/fr\\\/depression-majeure-chronique\\\/#breadcrumb\",\"itemListElement\":[{\"@type\":\"ListItem\",\"position\":1,\"name\":\"Portada\",\"item\":\"https:\\\/\\\/damianruiz.eu\\\/fr\\\/\"},{\"@type\":\"ListItem\",\"position\":2,\"name\":\"D\u00e9pression majeure chronique\"}]},{\"@type\":\"WebSite\",\"@id\":\"https:\\\/\\\/damianruiz.eu\\\/#website\",\"url\":\"https:\\\/\\\/damianruiz.eu\\\/\",\"name\":\"Dami\u00e1n Ruiz\",\"description\":\"Licenciado y Postgraduado en Psicolog\u00eda por la Universidad de Barcelona.\",\"publisher\":{\"@id\":\"https:\\\/\\\/damianruiz.eu\\\/#organization\"},\"potentialAction\":[{\"@type\":\"SearchAction\",\"target\":{\"@type\":\"EntryPoint\",\"urlTemplate\":\"https:\\\/\\\/damianruiz.eu\\\/?s={search_term_string}\"},\"query-input\":{\"@type\":\"PropertyValueSpecification\",\"valueRequired\":true,\"valueName\":\"search_term_string\"}}],\"inLanguage\":\"fr-FR\"},{\"@type\":\"Organization\",\"@id\":\"https:\\\/\\\/damianruiz.eu\\\/#organization\",\"name\":\"Dami\u00e1n Ruiz\",\"url\":\"https:\\\/\\\/damianruiz.eu\\\/\",\"logo\":{\"@type\":\"ImageObject\",\"inLanguage\":\"fr-FR\",\"@id\":\"https:\\\/\\\/damianruiz.eu\\\/#\\\/schema\\\/logo\\\/image\\\/\",\"url\":\"https:\\\/\\\/damianruiz.eu\\\/wp-content\\\/uploads\\\/2024\\\/04\\\/cropped-logo-2024-damian-ruiz-233.png\",\"contentUrl\":\"https:\\\/\\\/damianruiz.eu\\\/wp-content\\\/uploads\\\/2024\\\/04\\\/cropped-logo-2024-damian-ruiz-233.png\",\"width\":233,\"height\":60,\"caption\":\"Dami\u00e1n Ruiz\"},\"image\":{\"@id\":\"https:\\\/\\\/damianruiz.eu\\\/#\\\/schema\\\/logo\\\/image\\\/\"}},{\"@type\":\"Person\",\"@id\":\"https:\\\/\\\/damianruiz.eu\\\/#\\\/schema\\\/person\\\/e4703116e00a576e1cfcea03de178c07\",\"name\":\"Dami\u00e1n Ruiz\",\"url\":\"https:\\\/\\\/damianruiz.eu\\\/fr\\\/author\\\/damianruiz\\\/\"}]}<\/script>\n<!-- \/ Yoast SEO plugin. -->","yoast_head_json":{"title":"D\u00e9pression majeure chronique - Dami\u00e1n Ruiz","robots":{"index":"index","follow":"follow","max-snippet":"max-snippet:-1","max-image-preview":"max-image-preview:large","max-video-preview":"max-video-preview:-1"},"canonical":"https:\/\/damianruiz.eu\/fr\/depression-majeure-chronique\/","og_locale":"fr_FR","og_type":"article","og_title":"D\u00e9pression majeure chronique - Dami\u00e1n Ruiz","og_description":"&nbsp; Chronique ne signifie pas incurable.\u00a0 Si j&rsquo;avais une vision organiciste des probl\u00e8mes mentaux, je ne serais ni psychologue ni [&hellip;]","og_url":"https:\/\/damianruiz.eu\/fr\/depression-majeure-chronique\/","og_site_name":"Dami\u00e1n Ruiz","article_published_time":"2023-09-04T17:06:15+00:00","article_modified_time":"2024-12-17T11:39:46+00:00","og_image":[{"width":1280,"height":853,"url":"https:\/\/damianruiz.eu\/wp-content\/uploads\/2023\/09\/La-depresion-mayor-cronica.jpg","type":"image\/jpeg"}],"author":"Dami\u00e1n Ruiz","twitter_card":"summary_large_image","twitter_misc":{"\u00c9crit par":"Dami\u00e1n Ruiz","Dur\u00e9e de lecture estim\u00e9e":"5 minutes"},"schema":{"@context":"https:\/\/schema.org","@graph":[{"@type":"Article","@id":"https:\/\/damianruiz.eu\/fr\/depression-majeure-chronique\/#article","isPartOf":{"@id":"https:\/\/damianruiz.eu\/fr\/depression-majeure-chronique\/"},"author":{"name":"Dami\u00e1n Ruiz","@id":"https:\/\/damianruiz.eu\/#\/schema\/person\/e4703116e00a576e1cfcea03de178c07"},"headline":"D\u00e9pression majeure chronique","datePublished":"2023-09-04T17:06:15+00:00","dateModified":"2024-12-17T11:39:46+00:00","mainEntityOfPage":{"@id":"https:\/\/damianruiz.eu\/fr\/depression-majeure-chronique\/"},"wordCount":1176,"publisher":{"@id":"https:\/\/damianruiz.eu\/#organization"},"image":{"@id":"https:\/\/damianruiz.eu\/fr\/depression-majeure-chronique\/#primaryimage"},"thumbnailUrl":"https:\/\/damianruiz.eu\/wp-content\/uploads\/2023\/09\/La-depresion-mayor-cronica.jpg","inLanguage":"fr-FR"},{"@type":"WebPage","@id":"https:\/\/damianruiz.eu\/fr\/depression-majeure-chronique\/","url":"https:\/\/damianruiz.eu\/fr\/depression-majeure-chronique\/","name":"D\u00e9pression majeure chronique - Dami\u00e1n Ruiz","isPartOf":{"@id":"https:\/\/damianruiz.eu\/#website"},"primaryImageOfPage":{"@id":"https:\/\/damianruiz.eu\/fr\/depression-majeure-chronique\/#primaryimage"},"image":{"@id":"https:\/\/damianruiz.eu\/fr\/depression-majeure-chronique\/#primaryimage"},"thumbnailUrl":"https:\/\/damianruiz.eu\/wp-content\/uploads\/2023\/09\/La-depresion-mayor-cronica.jpg","datePublished":"2023-09-04T17:06:15+00:00","dateModified":"2024-12-17T11:39:46+00:00","breadcrumb":{"@id":"https:\/\/damianruiz.eu\/fr\/depression-majeure-chronique\/#breadcrumb"},"inLanguage":"fr-FR","potentialAction":[{"@type":"ReadAction","target":["https:\/\/damianruiz.eu\/fr\/depression-majeure-chronique\/"]}]},{"@type":"ImageObject","inLanguage":"fr-FR","@id":"https:\/\/damianruiz.eu\/fr\/depression-majeure-chronique\/#primaryimage","url":"https:\/\/damianruiz.eu\/wp-content\/uploads\/2023\/09\/La-depresion-mayor-cronica.jpg","contentUrl":"https:\/\/damianruiz.eu\/wp-content\/uploads\/2023\/09\/La-depresion-mayor-cronica.jpg","width":1280,"height":853},{"@type":"BreadcrumbList","@id":"https:\/\/damianruiz.eu\/fr\/depression-majeure-chronique\/#breadcrumb","itemListElement":[{"@type":"ListItem","position":1,"name":"Portada","item":"https:\/\/damianruiz.eu\/fr\/"},{"@type":"ListItem","position":2,"name":"D\u00e9pression majeure chronique"}]},{"@type":"WebSite","@id":"https:\/\/damianruiz.eu\/#website","url":"https:\/\/damianruiz.eu\/","name":"Dami\u00e1n Ruiz","description":"Licenciado y Postgraduado en Psicolog\u00eda por la Universidad de Barcelona.","publisher":{"@id":"https:\/\/damianruiz.eu\/#organization"},"potentialAction":[{"@type":"SearchAction","target":{"@type":"EntryPoint","urlTemplate":"https:\/\/damianruiz.eu\/?s={search_term_string}"},"query-input":{"@type":"PropertyValueSpecification","valueRequired":true,"valueName":"search_term_string"}}],"inLanguage":"fr-FR"},{"@type":"Organization","@id":"https:\/\/damianruiz.eu\/#organization","name":"Dami\u00e1n Ruiz","url":"https:\/\/damianruiz.eu\/","logo":{"@type":"ImageObject","inLanguage":"fr-FR","@id":"https:\/\/damianruiz.eu\/#\/schema\/logo\/image\/","url":"https:\/\/damianruiz.eu\/wp-content\/uploads\/2024\/04\/cropped-logo-2024-damian-ruiz-233.png","contentUrl":"https:\/\/damianruiz.eu\/wp-content\/uploads\/2024\/04\/cropped-logo-2024-damian-ruiz-233.png","width":233,"height":60,"caption":"Dami\u00e1n Ruiz"},"image":{"@id":"https:\/\/damianruiz.eu\/#\/schema\/logo\/image\/"}},{"@type":"Person","@id":"https:\/\/damianruiz.eu\/#\/schema\/person\/e4703116e00a576e1cfcea03de178c07","name":"Dami\u00e1n Ruiz","url":"https:\/\/damianruiz.eu\/fr\/author\/damianruiz\/"}]}},"uagb_featured_image_src":{"full":["https:\/\/damianruiz.eu\/wp-content\/uploads\/2023\/09\/La-depresion-mayor-cronica.jpg",1280,853,false],"thumbnail":["https:\/\/damianruiz.eu\/wp-content\/uploads\/2023\/09\/La-depresion-mayor-cronica-150x150.jpg",150,150,true],"medium":["https:\/\/damianruiz.eu\/wp-content\/uploads\/2023\/09\/La-depresion-mayor-cronica-300x200.jpg",300,200,true],"medium_large":["https:\/\/damianruiz.eu\/wp-content\/uploads\/2023\/09\/La-depresion-mayor-cronica-768x512.jpg",768,512,true],"large":["https:\/\/damianruiz.eu\/wp-content\/uploads\/2023\/09\/La-depresion-mayor-cronica-1024x682.jpg",1024,682,true],"1536x1536":["https:\/\/damianruiz.eu\/wp-content\/uploads\/2023\/09\/La-depresion-mayor-cronica.jpg",1280,853,false],"2048x2048":["https:\/\/damianruiz.eu\/wp-content\/uploads\/2023\/09\/La-depresion-mayor-cronica.jpg",1280,853,false]},"uagb_author_info":{"display_name":"Dami\u00e1n Ruiz","author_link":"https:\/\/damianruiz.eu\/fr\/author\/damianruiz\/"},"uagb_comment_info":0,"uagb_excerpt":"&nbsp; Chronique ne signifie pas incurable.\u00a0 Si j&rsquo;avais une vision organiciste des probl\u00e8mes mentaux, je ne serais ni psychologue ni [&hellip;]","_links":{"self":[{"href":"https:\/\/damianruiz.eu\/fr\/wp-json\/wp\/v2\/posts\/1810","targetHints":{"allow":["GET"]}}],"collection":[{"href":"https:\/\/damianruiz.eu\/fr\/wp-json\/wp\/v2\/posts"}],"about":[{"href":"https:\/\/damianruiz.eu\/fr\/wp-json\/wp\/v2\/types\/post"}],"author":[{"embeddable":true,"href":"https:\/\/damianruiz.eu\/fr\/wp-json\/wp\/v2\/users\/4"}],"replies":[{"embeddable":true,"href":"https:\/\/damianruiz.eu\/fr\/wp-json\/wp\/v2\/comments?post=1810"}],"version-history":[{"count":1,"href":"https:\/\/damianruiz.eu\/fr\/wp-json\/wp\/v2\/posts\/1810\/revisions"}],"predecessor-version":[{"id":1812,"href":"https:\/\/damianruiz.eu\/fr\/wp-json\/wp\/v2\/posts\/1810\/revisions\/1812"}],"wp:featuredmedia":[{"embeddable":true,"href":"https:\/\/damianruiz.eu\/fr\/wp-json\/wp\/v2\/media\/1804"}],"wp:attachment":[{"href":"https:\/\/damianruiz.eu\/fr\/wp-json\/wp\/v2\/media?parent=1810"}],"wp:term":[{"taxonomy":"category","embeddable":true,"href":"https:\/\/damianruiz.eu\/fr\/wp-json\/wp\/v2\/categories?post=1810"},{"taxonomy":"post_tag","embeddable":true,"href":"https:\/\/damianruiz.eu\/fr\/wp-json\/wp\/v2\/tags?post=1810"}],"curies":[{"name":"wp","href":"https:\/\/api.w.org\/{rel}","templated":true}]}}